{"id":77493,"date":"2022-11-24T09:39:55","date_gmt":"2022-11-24T12:39:55","guid":{"rendered":"https:\/\/catolicanet.net\/wp-cnet\/?p=77493"},"modified":"2022-11-24T12:40:53","modified_gmt":"2022-11-24T15:40:53","slug":"os-vencedores-dos-premios-de-comunicacao-da-cnbb-serao-conhecidos-nessa-quarta-feira-23-de-novembro","status":"publish","type":"post","link":"https:\/\/catolicanet.net\/wp-cnet\/os-vencedores-dos-premios-de-comunicacao-da-cnbb-serao-conhecidos-nessa-quarta-feira-23-de-novembro\/","title":{"rendered":"OS VENCEDORES DOS PR\u00caMIOS DE COMUNICA\u00c7\u00c3O DA CNBB SER\u00c3O CONHECIDOS NESSA QUARTA-FEIRA, 23 DE NOVEMBRO"},"content":{"rendered":"<p style=\"text-align: justify;\">A cerim\u00f4nia de entrega dos\u00a0<a href=\"https:\/\/premios.cnbb.org.br\/\" target=\"_blank\" rel=\"noopener\">Pr\u00eamios de Comunica\u00e7\u00e3o da CNBB<\/a>, em sua 54\u00aa edi\u00e7\u00e3o, ser\u00e1 exibida nessa quarta-feira,\u00a0<strong>23 de novembro,\u00a0<\/strong>pelas emissoras de inspira\u00e7\u00e3o cat\u00f3lica (veja abaixo a lista e os hor\u00e1rios). Com produ\u00e7\u00e3o da Confer\u00eancia Nacional dos Bispos do Brasil (CNBB) e da TV Evangelizar, pela primeira vez a solenidade ocorrer\u00e1 de forma h\u00edbrida \u2013 os finalistas participar\u00e3o de maneira remota e os ganhadores, presencialmente, diretamente dos est\u00fadios da TV Evangelizar, em Curitiba (PR).<\/p>\n<h3 style=\"text-align: justify;\"><strong>Emissoras que ir\u00e3o transmitir a cerim\u00f4nia<\/strong><\/h3>\n<p style=\"text-align: justify;\">O programa ter\u00e1 a dura\u00e7\u00e3o de duas horas e ser\u00e1 dividido em cinco blocos. As emissoras de inspira\u00e7\u00e3o cat\u00f3lica que far\u00e3o a transmiss\u00e3o s\u00e3o:<\/p>\n<p style=\"text-align: justify;\">TV IMACULADA \u2013 20h<br \/>\nTV PAI ETERNO \u2013 21h<br \/>\nTV REDE S\u00c9CULO 21 \u2013 21h<br \/>\nTV APARECIDA \u2013 21h<br \/>\nTV HORIZONTE \u2013 21h<br \/>\nTV EVANGELIZAR \u2013 20h<br \/>\nTV NAZAR\u00c9 \u2013 21h<br \/>\nTV REDE VIDA \u2013 Exibe dia 27\/11 \u00e0s 23h<br \/>\nTV CAN\u00c7\u00c3O NOVA \u2013 23h<\/p>\n<h3 style=\"text-align: justify;\"><strong>Redes Socias da CNBB<\/strong><\/h3>\n<p style=\"text-align: justify;\">A cerim\u00f4nia tamb\u00e9m poder\u00e1 ser acompanhada pelo Youtube da CNBB:<\/p>\n<div class=\"ast-oembed-container\" style=\"text-align: justify;\"><iframe loading=\"lazy\" title=\"54\u00aa edi\u00e7\u00e3o dos Pr\u00eamios de Comunica\u00e7\u00e3o CNBB\" src=\"https:\/\/www.youtube.com\/embed\/IT7eQClnSmU?feature=oembed\" width=\"1200\" height=\"675\" frameborder=\"0\" allowfullscreen=\"allowfullscreen\" data-mce-fragment=\"1\"><\/iframe><\/div>\n<h3 style=\"text-align: justify;\"><strong>Os Pr\u00eamios de Comunica\u00e7\u00e3o da CNBB<\/strong><\/h3>\n<p style=\"text-align: justify;\">Os Pr\u00eamios de Comunica\u00e7\u00e3o foram criados pela CNBB com o objetivo de oferecer um reconhecimento p\u00fablico da Igreja Cat\u00f3lica Apost\u00f3lica Romana ao trabalho merit\u00f3rio de profissionais da comunica\u00e7\u00e3o social nos diversos meios que apresentaram suas obras e se distinguiram pelo servi\u00e7o \u00e0 dignidade humana e aos valores do Evangelho.<\/p>\n<p style=\"text-align: justify;\">Eles tamb\u00e9m t\u00eam por objetivo estimular, fomentar e reconhecer as boas iniciativas de trabalho jornal\u00edstico e cultural provenientes de todo o pa\u00eds nas \u00e1reas do Cinema, R\u00e1dio, Televis\u00e3o, Imprensa e Internet, bem como do campo da pesquisa acad\u00eamica em comunica\u00e7\u00e3o e iniciativas da Pastoral da Comunica\u00e7\u00e3o.<\/p>\n<p style=\"text-align: justify;\">Concess\u00e3o da Confer\u00eancia Nacional dos Bispos do Brasil, os Pr\u00eamios t\u00eam car\u00e1ter exclusivamente cultural e n\u00e3o se vinculam a nenhuma modalidade de sorteio ou a qualquer exig\u00eancia de pagamento pelos concorrentes, tampouco est\u00e3o condicionados \u00e0 aquisi\u00e7\u00e3o ou ao uso de quaisquer bens, direitos ou servi\u00e7os. Eles s\u00e3o entregues aos profissionais autores dos trabalhos que s\u00e3o apresentados para a sele\u00e7\u00e3o.<\/p>\n<p style=\"text-align: justify;\">Os trabalhos inscritos s\u00e3o submetidos \u00e0 avalia\u00e7\u00e3o de dois j\u00faris. A primeira avalia\u00e7\u00e3o \u00e9 a do j\u00fari t\u00e9cnico, que leva em considera\u00e7\u00e3o a qualidade do material produzido conforme as exig\u00eancias t\u00e9cnicas de cada categoria e modalidade. Para cada categoria, o j\u00fari t\u00e9cnico escolhe os 5 melhores trabalhos. Em seguida, esses trabalhos escolhidos s\u00e3o submetidos a um j\u00fari pastoral, que faz a avalia\u00e7\u00e3o da pertin\u00eancia do conte\u00fado relacionado ao apre\u00e7o pela dignidade humana e aos valores do Evangelho.<\/p>\n<h3 style=\"text-align: justify;\"><strong>Saiba quem s\u00e3o os finalistas desta 54\u00aa edi\u00e7\u00e3o<\/strong><\/h3>\n<p style=\"text-align: justify;\">\n<p style=\"text-align: justify;\"><img loading=\"lazy\" decoding=\"async\" class=\"aligncenter wp-image-919105 size-full\" src=\"https:\/\/eadn-wc02-718006.nxedge.io\/cdn\/wp-content\/uploads\/2022\/07\/Margarida-de-Prata.png\" sizes=\"auto, (max-width: 640px) 100vw, 640px\" srcset=\"https:\/\/eadn-wc02-718006.nxedge.io\/cdn\/wp-content\/uploads\/2022\/07\/Margarida-de-Prata.png 640w, https:\/\/eadn-wc02-718006.nxedge.io\/cdn\/wp-content\/uploads\/2022\/07\/Margarida-de-Prata-300x200.png 300w, https:\/\/eadn-wc02-718006.nxedge.io\/cdn\/wp-content\/uploads\/2022\/07\/Margarida-de-Prata-391x260.png 391w, https:\/\/eadn-wc02-718006.nxedge.io\/cdn\/wp-content\/uploads\/2022\/07\/Margarida-de-Prata-500x334.png 500w\" alt=\"\" width=\"640\" height=\"428\" \/><br \/>\n<strong>Longa-metragem<\/strong><br \/>\n\u2013\u00a0<strong>Estrela da Manh\u00e3<\/strong>\u00a0\u2013\u00a0<em>Marco Vin\u00edcius Ropelli<\/em><\/p>\n<p style=\"text-align: justify;\"><strong>Curta-metragem<\/strong><br \/>\n\u2013\u00a0<strong>Meu corpo, minha fronteira<\/strong>\u00a0\u2013\u00a0<em>Eduardo Mossri<\/em><br \/>\n\u2013\u00a0<strong>Ded\u00e3o, ca\u00e7ador de polvos<\/strong>\u00a0\u2013\u00a0<em>Pablo de Luca<\/em><br \/>\n\u2013\u00a0<strong>Canarinhos de Petr\u00f3polis \u2013 Tradi\u00e7\u00e3o e Contemporaneidade<\/strong>\u00a0\u2013\u00a0<em>Frei Augusto Luiz Gabriel<\/em><\/p>\n<p style=\"text-align: justify;\">\n<p style=\"text-align: justify;\"><img loading=\"lazy\" decoding=\"async\" class=\"aligncenter wp-image-919106 size-full\" src=\"https:\/\/eadn-wc02-718006.nxedge.io\/cdn\/wp-content\/uploads\/2022\/07\/Categoria-Clara-de-Assis-TV.png\" sizes=\"auto, (max-width: 638px) 100vw, 638px\" srcset=\"https:\/\/eadn-wc02-718006.nxedge.io\/cdn\/wp-content\/uploads\/2022\/07\/Categoria-Clara-de-Assis-TV.png 638w, https:\/\/eadn-wc02-718006.nxedge.io\/cdn\/wp-content\/uploads\/2022\/07\/Categoria-Clara-de-Assis-TV-300x204.png 300w, https:\/\/eadn-wc02-718006.nxedge.io\/cdn\/wp-content\/uploads\/2022\/07\/Categoria-Clara-de-Assis-TV-500x339.png 500w\" alt=\"\" width=\"638\" height=\"433\" \/><br \/>\n<strong>Document\u00e1rio<\/strong><br \/>\n\u2013\u00a0\u00a0<strong>Arquivo A: Desafios da Igreja: Alto do Rio Negro<\/strong>, de<em>\u00a0Camila Franco Morais<\/em>\u00a0(TV Aparecida)<br \/>\n\u2013\u00a0<strong>Caminho dos Santos M\u00e1rtires<\/strong>, de\u00a0<em>Claudio Ribeiro Jr<\/em>\u00a0(TV Evangelizar)<br \/>\n\u2013\u00a0<strong>Padre Jesus Flores \u2013 Viva a vida<\/strong>, de\u00a0<em>Marcus Tullius Oliveira Neto<\/em>\u00a0(TV Pai Eterno)<\/p>\n<p style=\"text-align: justify;\"><strong>Reportagem<\/strong><br \/>\n\u2013\u00a0<strong>A Igreja em Sa\u00edda: a miss\u00e3o do Padre J\u00falio Lancellotti<\/strong>, de\u00a0<em>Mateus Eduardo Lino<\/em>\u00a0(A Igreja Em Sa\u00edda)<br \/>\n\u2013\u00a0<strong>Sustentabilidade (2021)<\/strong>, de<em>\u00a0Claudio Ribeiro Jr<\/em>\u00a0(TV Evangelizar)<br \/>\n\u2013\u00a0<strong>Bom Jesus diferente<\/strong>, de<em>\u00a0Gabriel Lemos Martins<\/em>\u00a0(Catedral Propri\u00e1)<\/p>\n<p style=\"text-align: justify;\"><img loading=\"lazy\" decoding=\"async\" class=\"aligncenter wp-image-919107 size-full\" src=\"https:\/\/eadn-wc02-718006.nxedge.io\/cdn\/wp-content\/uploads\/2022\/07\/Categoria-dom-Helder-Camara-imprensa.png\" sizes=\"auto, (max-width: 635px) 100vw, 635px\" srcset=\"https:\/\/eadn-wc02-718006.nxedge.io\/cdn\/wp-content\/uploads\/2022\/07\/Categoria-dom-Helder-Camara-imprensa.png 635w, https:\/\/eadn-wc02-718006.nxedge.io\/cdn\/wp-content\/uploads\/2022\/07\/Categoria-dom-Helder-Camara-imprensa-300x200.png 300w, https:\/\/eadn-wc02-718006.nxedge.io\/cdn\/wp-content\/uploads\/2022\/07\/Categoria-dom-Helder-Camara-imprensa-391x260.png 391w, https:\/\/eadn-wc02-718006.nxedge.io\/cdn\/wp-content\/uploads\/2022\/07\/Categoria-dom-Helder-Camara-imprensa-500x332.png 500w\" alt=\"\" width=\"635\" height=\"422\" \/><\/p>\n<p style=\"text-align: justify;\"><strong>Jornais<\/strong><br \/>\n\u2013\u00a0<strong>As filhas do Bolsa Fam\u00edlia, 18 anos depois \u2013<\/strong>\u00a0Jornal O Estado de S.Paulo, de\u00a0<em>Vin\u00edcius Valfr\u00e9 Pereira<\/em><br \/>\n\u2013\u00a0<strong>O 1\u00ba ano da pandemia nas pris\u00f5es<\/strong>\u00a0\u2013 Jornal O S\u00e3o Paulo, de<em>\u00a0Daniel Gomes<\/em><br \/>\n\u2013\u00a0<strong>Aos 50 anos, Minhoc\u00e3o vive contrastes\u00a0<\/strong>\u2013 Jornal O Estado de S.Paulo, de\u00a0<em>Priscila Mengue e Tiago Queiroz<\/em><\/p>\n<p style=\"text-align: justify;\"><strong>Revistas<\/strong><br \/>\n\u2013\u00a0<strong>Como vive o portador de HIV hoje em dia?<\/strong>\u00a0\u2013 Revista Fam\u00edlia Crist\u00e3,\u00a0\u00a0<em>Juliana Borga<\/em><br \/>\n\u2013\u00a0<strong>Servi\u00e7o Jesu\u00edta a Migrantes e Refugiados<\/strong>\u00a0\u2013 Jesu\u00edtas Brasil,\u00a0\u00a0<em>Jana\u00edna Santos<\/em><br \/>\n\u2013\u00a0<strong>Dossi\u00ea ICF PUC-PR\u00a0\u00a0<\/strong>\u2013 Pontif\u00edcia Universidade Cat\u00f3lica do Paran\u00e1,\u00a0<em>Douglas Borges<\/em><\/p>\n<p style=\"text-align: justify;\"><img loading=\"lazy\" decoding=\"async\" class=\"aligncenter wp-image-919108 size-full\" src=\"https:\/\/eadn-wc02-718006.nxedge.io\/cdn\/wp-content\/uploads\/2022\/07\/Microfone-de-Prata-radio.png\" sizes=\"auto, (max-width: 638px) 100vw, 638px\" srcset=\"https:\/\/eadn-wc02-718006.nxedge.io\/cdn\/wp-content\/uploads\/2022\/07\/Microfone-de-Prata-radio.png 638w, https:\/\/eadn-wc02-718006.nxedge.io\/cdn\/wp-content\/uploads\/2022\/07\/Microfone-de-Prata-radio-300x209.png 300w, https:\/\/eadn-wc02-718006.nxedge.io\/cdn\/wp-content\/uploads\/2022\/07\/Microfone-de-Prata-radio-500x348.png 500w\" alt=\"\" width=\"638\" height=\"444\" \/><\/p>\n<p style=\"text-align: justify;\"><strong>Jornalismo<\/strong><br \/>\n\u2013\u00a0<strong>Ferida que ainda sangra<\/strong>\u00a0\u2013\u00a0<em>R\u00e1dio Senado\u00a0<\/em><br \/>\n\u2013\u00a0<strong>Brasil: Face que Clama por Miseric\u00f3rdia<\/strong>\u00a0\u2013\u00a0<em>R\u00e1dio Aparecida<br \/>\n<\/em>\u00a0\u2013\u00a0<strong>Dia da visibilidade trans: pessoas transg\u00eaneros e as elei\u00e7\u00f5es 2020<\/strong>\u00a0\u2013\u00a0<em>Ag\u00eancia R\u00e1dio Web<\/em><\/p>\n<p style=\"text-align: justify;\"><strong>Entretenimento<\/strong><br \/>\n\u2013\u00a0<strong>Mensagem sertaneja<\/strong>\u00a0\u2013\u00a0<em>R\u00e1dio Mensagem<\/em>\u00a0(Da Diocese de S\u00e3o Jos\u00e9 dos Campos\/SP)<br \/>\n\u2013\u00a0<strong>Gente nossa<\/strong>\u00a0\u2013\u00a0<em>R\u00e1dio Educativa<\/em>\u00a0(Funda\u00e7\u00e3o Bento Freire de Souza)<br \/>\n\u2013\u00a0<strong>Est\u00fadio aberto<\/strong>\u00a0\u2013\u00a0<em>R\u00e1dio Imaculada<\/em><\/p>\n<p style=\"text-align: justify;\"><em><strong>Religioso<\/strong><\/em><\/p>\n<p style=\"text-align: justify;\"><em>\u2013\u00a0<strong>Palavra de Amigo<\/strong>\u00a0\u2013 R\u00e1dio Mundo Melhor (Funda\u00e7\u00e3o Jo\u00e3o XXIII)<br \/>\n<\/em><em>\u00a0\u2013\u00a0<strong>Campanha da CF 2022<\/strong>\u00a0\u2013 Pastoral da Crian\u00e7a<\/em><\/p>\n<p style=\"text-align: justify;\"><img loading=\"lazy\" decoding=\"async\" class=\"aligncenter wp-image-919109 size-full\" src=\"https:\/\/eadn-wc02-718006.nxedge.io\/cdn\/wp-content\/uploads\/2022\/07\/Teses-e-Dissertacoes-Papa-Francisco.png\" sizes=\"auto, (max-width: 637px) 100vw, 637px\" srcset=\"https:\/\/eadn-wc02-718006.nxedge.io\/cdn\/wp-content\/uploads\/2022\/07\/Teses-e-Dissertacoes-Papa-Francisco.png 637w, https:\/\/eadn-wc02-718006.nxedge.io\/cdn\/wp-content\/uploads\/2022\/07\/Teses-e-Dissertacoes-Papa-Francisco-300x204.png 300w, https:\/\/eadn-wc02-718006.nxedge.io\/cdn\/wp-content\/uploads\/2022\/07\/Teses-e-Dissertacoes-Papa-Francisco-500x340.png 500w\" alt=\"\" width=\"637\" height=\"433\" \/><\/p>\n<p style=\"text-align: justify;\"><strong>Teses<br \/>\n<\/strong>\u2013\u00a0<strong>A representa\u00e7\u00e3o do capel\u00e3o militar nos filmes de guerra: O Resgate do Soldado, Pearl Harbor, Pais\u00e0 e A Grande Guerra<\/strong>, de\u00a0<em>H\u00e9liton Marconi Dantas de Medeiros<\/em>\u00a0(PUC-Rio)<\/p>\n<p style=\"text-align: justify;\"><strong>Disserta\u00e7\u00f5es<\/strong><br \/>\n-\u201c<strong>\u00c9 melhor tirar a cadeia\u201d: contribui\u00e7\u00f5es da teologia p\u00fablica para a supera\u00e7\u00e3o do encarceramento,\u00a0<\/strong>de<em>\u00a0Lucas Henrique Pereira Duarte<\/em>\u00a0(PUC-PR)<br \/>\n<strong>-Migra\u00e7\u00e3o de R\u00e1dio: do AM ao FM, tradi\u00e7\u00e3o, inova\u00e7\u00e3o e reconfigura\u00e7\u00e3o na R\u00e1dio Educadora do Maranh\u00e3o,\u00a0\u00a0<\/strong>de\u00a0<em>Gutemberg de Sousa Feitosa<\/em>\u00a0(Universidade Federal do Maranh\u00e3o)<br \/>\n<strong>-A Voca\u00e7\u00e3o Para O Direito E A Justi\u00e7a No Primeiro Canto Do Servo De Yhwh (Is 42,1-9),\u00a0<\/strong>de\u00a0<em>M\u00e1rcio Jos\u00e9 Pelinski<\/em>\u00a0(PUC-PR)<\/p>\n<p style=\"text-align: justify;\">\n<p style=\"text-align: justify;\"><img loading=\"lazy\" decoding=\"async\" class=\"aligncenter wp-image-919110 size-full\" src=\"https:\/\/eadn-wc02-718006.nxedge.io\/cdn\/wp-content\/uploads\/2022\/07\/Kerigma-Pastoral-da-Comunicacao.png\" sizes=\"auto, (max-width: 642px) 100vw, 642px\" srcset=\"https:\/\/eadn-wc02-718006.nxedge.io\/cdn\/wp-content\/uploads\/2022\/07\/Kerigma-Pastoral-da-Comunicacao.png 642w, https:\/\/eadn-wc02-718006.nxedge.io\/cdn\/wp-content\/uploads\/2022\/07\/Kerigma-Pastoral-da-Comunicacao-300x190.png 300w, https:\/\/eadn-wc02-718006.nxedge.io\/cdn\/wp-content\/uploads\/2022\/07\/Kerigma-Pastoral-da-Comunicacao-500x316.png 500w\" alt=\"\" width=\"642\" height=\"406\" \/><br \/>\n\u2013\u00a0<strong>Maximiliano, o santo de \u00f3culos no cora\u00e7\u00e3o do maior bairro da capital alagoana\u201d<\/strong>, de<em>\u00a0Marcos Filipe das Silva Souza<\/em>\u00a0(Pascom Par\u00f3quia S\u00e3o Maximiliano Kolbe, Macei\u00f3\/AL)<br \/>\n\u2013\u00a0<strong>Projeto FelizMente<\/strong>, de\u00a0<em>Amanda Aparecida de Oliveira Silva<\/em>\u00a0(Pascom Arquidiocese de Uberaba\/MG)<br \/>\n\u2013\u00a0<strong>Plano Pastoral Digital Par\u00f3quia Nossa Senhora Aparecida Xingu<\/strong>, de\u00a0<em>Karina de Carvalho<\/em>\u00a0(Pascom da Par\u00f3quia Nossa Senhora do Xingu, Diocese de S\u00e3o Jos\u00e9 dos Pinhais\/PR)<\/p>\n<p style=\"text-align: justify;\">\n<p style=\"text-align: justify;\"><img loading=\"lazy\" decoding=\"async\" class=\"aligncenter wp-image-919111 size-full\" src=\"https:\/\/eadn-wc02-718006.nxedge.io\/cdn\/wp-content\/uploads\/2022\/07\/Dom-Luciano-Mendes-Internet.png\" sizes=\"auto, (max-width: 638px) 100vw, 638px\" srcset=\"https:\/\/eadn-wc02-718006.nxedge.io\/cdn\/wp-content\/uploads\/2022\/07\/Dom-Luciano-Mendes-Internet.png 638w, https:\/\/eadn-wc02-718006.nxedge.io\/cdn\/wp-content\/uploads\/2022\/07\/Dom-Luciano-Mendes-Internet-300x200.png 300w, https:\/\/eadn-wc02-718006.nxedge.io\/cdn\/wp-content\/uploads\/2022\/07\/Dom-Luciano-Mendes-Internet-391x260.png 391w, https:\/\/eadn-wc02-718006.nxedge.io\/cdn\/wp-content\/uploads\/2022\/07\/Dom-Luciano-Mendes-Internet-500x334.png 500w\" alt=\"\" width=\"638\" height=\"426\" \/><\/p>\n<p style=\"text-align: justify;\"><strong>Aplicativos<\/strong><\/p>\n<p style=\"text-align: justify;\">\u2013\u00a0<strong>Conex\u00e3o Fraterna<\/strong>, de autoria de\u00a0<em>Frei Augusto Luiz Gabriel<\/em><\/p>\n<p style=\"text-align: justify;\"><strong>Iniciativas com redes sociais:<\/strong><br \/>\n\u2013\u00a0<strong>Adotar \u00e9 amor<\/strong>, autoria de\u00a0<em>Juliana Rodrigues Freitas<\/em><br \/>\n\u2013\u00a0<strong>G\u00e1latas \u2013 m\u00eas da B\u00edblia<\/strong>, autoria de\u00a0<em>Alice Carolina Dias Pedreira<\/em><br \/>\n\u2013\u00a0<strong>Evangelho com as crian\u00e7as<\/strong>, autoria de<em>\u00a0Osmar de Oliveira Brado<\/em><\/p>\n<p style=\"text-align: justify;\"><strong>Sites\/blogs\/portais<\/strong><br \/>\n\u2013\u00a0<strong>Not\u00edcias Can\u00e7\u00e3o Nova<\/strong>, autoria de\u00a0<em>J\u00falia Beck Ferreira<\/em><br \/>\n\u2013\u00a0<strong>Projeto m\u00e3os \u00e0 obra entrega duas casas<\/strong>, autoria\u00a0<em>Samuel Rocha Medeiros<\/em><br \/>\n\u2013\u00a0<strong>Patr\u00edcia ConVIDA<\/strong>, autoria de\u00a0<em>Patr\u00edcia Mid\u00f5es de Matos.<\/em><\/p>\n","protected":false},"excerpt":{"rendered":"<p>A cerim\u00f4nia de entrega dos\u00a0Pr\u00eamios de Comunica\u00e7\u00e3o da CNBB, em sua 54\u00aa edi\u00e7\u00e3o, ser\u00e1 exibida nessa quarta-feira,\u00a023 de novembro,\u00a0pelas emissoras de inspira\u00e7\u00e3o cat\u00f3lica (veja abaixo a lista e os hor\u00e1rios). Com produ\u00e7\u00e3o da Confer\u00eancia Nacional dos Bispos do Brasil (CNBB) e da TV Evangelizar, pela primeira vez a solenidade ocorrer\u00e1 de forma h\u00edbrida \u2013 os [&hellip;]<\/p>\n","protected":false},"author":1,"featured_media":77494,"comment_status":"open","ping_status":"closed","sticky":false,"template":"","format":"standard","meta":{"footnotes":""},"categories":[7],"tags":[],"class_list":["post-77493","post","type-post","status-publish","format-standard","has-post-thumbnail","hentry","category-cnbb"],"_links":{"self":[{"href":"https:\/\/catolicanet.net\/wp-cnet\/wp-json\/wp\/v2\/posts\/77493","targetHints":{"allow":["GET"]}}],"collection":[{"href":"https:\/\/catolicanet.net\/wp-cnet\/wp-json\/wp\/v2\/posts"}],"about":[{"href":"https:\/\/catolicanet.net\/wp-cnet\/wp-json\/wp\/v2\/types\/post"}],"author":[{"embeddable":true,"href":"https:\/\/catolicanet.net\/wp-cnet\/wp-json\/wp\/v2\/users\/1"}],"replies":[{"embeddable":true,"href":"https:\/\/catolicanet.net\/wp-cnet\/wp-json\/wp\/v2\/comments?post=77493"}],"version-history":[{"count":1,"href":"https:\/\/catolicanet.net\/wp-cnet\/wp-json\/wp\/v2\/posts\/77493\/revisions"}],"predecessor-version":[{"id":77495,"href":"https:\/\/catolicanet.net\/wp-cnet\/wp-json\/wp\/v2\/posts\/77493\/revisions\/77495"}],"wp:featuredmedia":[{"embeddable":true,"href":"https:\/\/catolicanet.net\/wp-cnet\/wp-json\/wp\/v2\/media\/77494"}],"wp:attachment":[{"href":"https:\/\/catolicanet.net\/wp-cnet\/wp-json\/wp\/v2\/media?parent=77493"}],"wp:term":[{"taxonomy":"category","embeddable":true,"href":"https:\/\/catolicanet.net\/wp-cnet\/wp-json\/wp\/v2\/categories?post=77493"},{"taxonomy":"post_tag","embeddable":true,"href":"https:\/\/catolicanet.net\/wp-cnet\/wp-json\/wp\/v2\/tags?post=77493"}],"curies":[{"name":"wp","href":"https:\/\/api.w.org\/{rel}","templated":true}]}}