{"id":77473,"date":"2022-11-24T09:24:29","date_gmt":"2022-11-24T12:24:29","guid":{"rendered":"https:\/\/catolicanet.net\/wp-cnet\/?p=77473"},"modified":"2022-11-24T12:26:45","modified_gmt":"2022-11-24T15:26:45","slug":"papa-pede-mais-mulheres-na-comissao-teologica-internacional-pensam-diferente-dos-homens","status":"publish","type":"post","link":"https:\/\/catolicanet.net\/wp-cnet\/papa-pede-mais-mulheres-na-comissao-teologica-internacional-pensam-diferente-dos-homens\/","title":{"rendered":"Papa pede mais mulheres na Comiss\u00e3o Teol\u00f3gica Internacional: pensam diferente dos homens"},"content":{"rendered":"<p>O encontro foi na Sala do Consist\u00f3rio, no Vaticano<\/p>\n<div class=\"article__subTitle\" style=\"text-align: justify;\">Francisco afirma que seria importante aumentar o n\u00famero de mulheres na institui\u00e7\u00e3o, &#8220;n\u00e3o porque estejam na moda&#8221;, mas porque &#8220;fazem da teologia algo mais profundo e saboroso&#8221;. O Pont\u00edfice tamb\u00e9m pediu que ajudem a fazer crescer a consci\u00eancia da f\u00e9, cuidando com o perigo de hoje de n\u00e3o seguir adiante com a Tradi\u00e7\u00e3o, mas promovendo o &#8220;retroceder&#8221;, andando pra tr\u00e1s &#8220;que \u00e9 mais seguro&#8221;.<\/div>\n<div class=\"title__separator\" style=\"text-align: justify;\"><\/div>\n<div class=\"article__text \">\n<p style=\"text-align: justify;\"><b>Andressa Collet &#8211; Vatican News<\/b><\/p>\n<p style=\"text-align: justify;\">Na manh\u00e3 desta quinta-feira (24), o Papa recebeu um grupo de 30 pessoas da Comiss\u00e3o Teol\u00f3gica Internacional (CTI), uma institui\u00e7\u00e3o cinquenten\u00e1ria que \u00e9 fruto do Conc\u00edlio Vaticano II. Estabelecida por Paulo VI em 1969, Jo\u00e3o Paulo II a descreveu em 1994 como um trabalho p\u00f3s-Conc\u00edlio de &#8220;estreita colabora\u00e7\u00e3o entre pastores e te\u00f3logos.<\/p>\n<p style=\"text-align: justify;\">Na Sala do Consist\u00f3rio, no Vaticano, Francisco come\u00e7ou o discurso aos membros da CTI agradecendo pela &#8220;generosidade, compet\u00eancia e paix\u00e3o&#8221; pelo servi\u00e7o desenvolvido em 50 anos, inclusive superando as dificuldades impostas pela pandemia, ao trabalhar \u00e0 dist\u00e2ncia. Um &#8220;compromisso renovado&#8221;, salientou o Papa, desempenhado na esteira do Conc\u00edlio, que &#8220;constitui a b\u00fassola segura para o caminho da Igreja&#8221;.<\/p>\n<p style=\"text-align: justify;\">O Pont\u00edfice tamb\u00e9m se disse contente pela CTI ter acolhido os temas propostos para serem explorados: a &#8220;irrenunci\u00e1vel atualidade&#8221; da &#8220;f\u00e9 cristol\u00f3gica professada pelo Conc\u00edlio de Niceia&#8221;, nos 1700 anos da sua celebra\u00e7\u00e3o (325-2025); a an\u00e1lise de algumas quest\u00f5es antropol\u00f3gicas emergentes para o caminho da fam\u00edlia humana; e o aprofundamento &#8211; &#8220;hoje cada vez mais urgente e decisivo&#8221; &#8211; da teologia da cria\u00e7\u00e3o em perspectiva trinit\u00e1ria, para ouvir o grito dos pobres e da terra.<\/p>\n<h2 style=\"text-align: justify;\">O perigo do &#8220;retroceder&#8221;<\/h2>\n<p style=\"text-align: justify;\">Em discurso, ent\u00e3o, Francisco indicou tr\u00eas dire\u00e7\u00f5es a serem seguidas neste momento \u00e1rduo e hist\u00f3rico:<b>\u00a0a fidelidade criativa \u00e0 Tradi\u00e7\u00e3o<\/b>; a abertura com prud\u00eancia \u00e0s diversas disciplinas; e a colegialidade. Em se tratando da primeira indica\u00e7\u00e3o, &#8220;de\u00a0assumir com f\u00e9 e com amor&#8221;, &#8220;de declinar com rigor e abertura o compromisso de exercer o minist\u00e9rio da teologia&#8221;, o Papa abordou a Tradi\u00e7\u00e3o como &#8220;garantia do futuro&#8221;, que faz crescer a Igreja na vertical, de baixo para cima, &#8220;como a \u00e1rvore&#8221;:<\/p>\n<div style=\"text-align: justify;\">\n<div class=\"article__embed article__embed--border embed_style\">\n<blockquote><p>\u201cA tradi\u00e7\u00e3o &#8211; quero enfatizar isso &#8211; nos faz avan\u00e7ar nisto, nesta dire\u00e7\u00e3o: de baixo para cima: vertical. Hoje existe um grande perigo que \u00e9 o de ir em outra dire\u00e7\u00e3o: o &#8216;de retroceder&#8217;. Voltando para tr\u00e1s. &#8216;Sempre foi feito assim&#8221;&#8216;: \u00e9 melhor retroceder, o que \u00e9 mais seguro, e n\u00e3o avan\u00e7ar com a Tradi\u00e7\u00e3o. Essa dimens\u00e3o horizontal, temos visto, moveu alguns movimentos, os movimentos da Igreja, para permanecer fixos em um tempo, em uma dire\u00e7\u00e3o retr\u00f3grada. S\u00e3o aqueles que &#8216;retrocedem&#8217;.\u201d<\/p><\/blockquote>\n<\/div>\n<\/div>\n<p style=\"text-align: justify;\">Fora dessa dire\u00e7\u00e3o vertical, indicou ent\u00e3o Francisco, &#8220;cresce a consci\u00eancia moral, cresce a consci\u00eancia de f\u00e9&#8221;: &#8220;\u00e9 a regra do crescimento&#8221;. &#8220;Voc\u00eas, te\u00f3logos, pensem um pouco em ajudar&#8221;, pediu o Pont\u00edfice.<\/p>\n<p style=\"text-align: justify;\">A segunda diretriz diz respeito a\u00a0<b>valorizar o &#8220;princ\u00edpio da interdisciplinaridade&#8221;<\/b>,\u00a0&#8220;a fim de realizar o trabalho de aprofundamento e incultura\u00e7\u00e3o do Evangelho com relev\u00e2ncia e incisividade, de se abrir com prud\u00eancia \u00e0 contribui\u00e7\u00e3o das diversas disciplinas gra\u00e7as \u00e0 consulta de especialistas, inclusive n\u00e3o-cat\u00f3licos, conforme previsto nos Estatutos da Comiss\u00e3o (cf. n. 10)&#8221;, disse Francisco.<\/p>\n<p style=\"text-align: justify;\">Por fim, o Papa indicou a terceira diretriz, a da\u00a0<b>colegialidade<\/b>, que\u00a0&#8220;adquire particular relev\u00e2ncia e pode oferecer uma contribui\u00e7\u00e3o espec\u00edfica no contexto do caminho sinodal&#8221;,\u00a0enfatizado no documento elaborado sobre a sinodalidade na vida da Igreja: &#8220;como para qualquer outra voca\u00e7\u00e3o crist\u00e3, tamb\u00e9m o minist\u00e9rio do te\u00f3logo, al\u00e9m de ser pessoal, \u00e9 comunit\u00e1rio e colegial&#8221;, promove entre os te\u00f3logos &#8220;a capacidade de ouvir, dialogar, discernir e integrar a multiplicidade e variedade de inst\u00e2ncias e contribui\u00e7\u00f5es&#8221; (n. 75).<\/p>\n<p style=\"text-align: justify;\">Esse pedido aos te\u00f3logos, por\u00e9m, distingue-se do direcioamento que deve ser seguido pelo catequista, alertou o Pont\u00edfice, que, por sua vez, &#8220;tem que dar a doutrina certa, a doutrina s\u00f3lida, n\u00e3o as&#8230; poss\u00edveis novidades&#8221;. &#8220;O catequista transmite a doutrina s\u00f3lida. O te\u00f3logo corre o risco de ir al\u00e9m e ser\u00e1 o Magist\u00e9rio a det\u00ea-lo&#8221;, porque ele\u00a0est\u00e1 tentando de tornar a teologia mais expl\u00edcita. E o Papa refor\u00e7ou: &#8220;jamais dar a catequese \u00e0s crian\u00e7as e \u00e0s pessoas com doutrinas novas que n\u00e3o s\u00e3o seguras&#8221;.<\/p>\n<p style=\"text-align: justify;\"><i>&#8220;Desejo-lhes, portanto, neste esp\u00edrito de escuta rec\u00edproca, de di\u00e1logo e de discernimento comunit\u00e1rio, em abertura \u00e0 voz do Esp\u00edrito Santo, um trabalho sereno e fecundo. Os temas confiados \u00e0 aten\u00e7\u00e3o e compet\u00eancia de voc\u00eas s\u00e3o de grande import\u00e2ncia nesta nova etapa da proclama\u00e7\u00e3o do Evangelho que o Senhor nos chama a viver como Igreja a servi\u00e7o da fraternidade universal em Cristo.&#8221;<\/i><\/p>\n<h2 style=\"text-align: justify;\">Mais mulheres para teologia mais saborosa<\/h2>\n<p style=\"text-align: justify;\">A CTI engloba te\u00f3logos de diversas escolas e na\u00e7\u00f5es, nomeados pelo Papa sob proposta do prefeito da Congrega\u00e7\u00e3o para a Doutrina da F\u00e9 e depois de uma consulta das confer\u00eancias episcopais. Para essa forma\u00e7\u00e3o, ao final do discurso, de maneira espont\u00e2nea, o Papa novamente pediu mais mulheres na institui\u00e7\u00e3o ligada \u00e0 Santa S\u00e9:<\/p>\n<div>\n<div class=\"article__embed article__embed--border embed_style\">\n<blockquote><p>\u201cE acredito que talvez seria importante aumentar o n\u00famero de mulheres, n\u00e3o porque estejam na moda, mas tamb\u00e9m porque pensam diferente dos homens e fazem da teologia algo mais profundo e saboroso tamb\u00e9m.\u201d<\/p><\/blockquote>\n<\/div>\n<\/div>\n<p><i>Atualiza\u00e7\u00e3o \u00e0s 13h<\/i><\/p>\n<\/div>\n","protected":false},"excerpt":{"rendered":"<p>O encontro foi na Sala do Consist\u00f3rio, no Vaticano Francisco afirma que seria importante aumentar o n\u00famero de mulheres na institui\u00e7\u00e3o, &#8220;n\u00e3o porque estejam na moda&#8221;, mas porque &#8220;fazem da teologia algo mais profundo e saboroso&#8221;. O Pont\u00edfice tamb\u00e9m pediu que ajudem a fazer crescer a consci\u00eancia da f\u00e9, cuidando com o perigo de hoje [&hellip;]<\/p>\n","protected":false},"author":1,"featured_media":77474,"comment_status":"open","ping_status":"closed","sticky":false,"template":"","format":"standard","meta":{"footnotes":""},"categories":[3],"tags":[],"class_list":["post-77473","post","type-post","status-publish","format-standard","has-post-thumbnail","hentry","category-vaticano"],"_links":{"self":[{"href":"https:\/\/catolicanet.net\/wp-cnet\/wp-json\/wp\/v2\/posts\/77473","targetHints":{"allow":["GET"]}}],"collection":[{"href":"https:\/\/catolicanet.net\/wp-cnet\/wp-json\/wp\/v2\/posts"}],"about":[{"href":"https:\/\/catolicanet.net\/wp-cnet\/wp-json\/wp\/v2\/types\/post"}],"author":[{"embeddable":true,"href":"https:\/\/catolicanet.net\/wp-cnet\/wp-json\/wp\/v2\/users\/1"}],"replies":[{"embeddable":true,"href":"https:\/\/catolicanet.net\/wp-cnet\/wp-json\/wp\/v2\/comments?post=77473"}],"version-history":[{"count":1,"href":"https:\/\/catolicanet.net\/wp-cnet\/wp-json\/wp\/v2\/posts\/77473\/revisions"}],"predecessor-version":[{"id":77475,"href":"https:\/\/catolicanet.net\/wp-cnet\/wp-json\/wp\/v2\/posts\/77473\/revisions\/77475"}],"wp:featuredmedia":[{"embeddable":true,"href":"https:\/\/catolicanet.net\/wp-cnet\/wp-json\/wp\/v2\/media\/77474"}],"wp:attachment":[{"href":"https:\/\/catolicanet.net\/wp-cnet\/wp-json\/wp\/v2\/media?parent=77473"}],"wp:term":[{"taxonomy":"category","embeddable":true,"href":"https:\/\/catolicanet.net\/wp-cnet\/wp-json\/wp\/v2\/categories?post=77473"},{"taxonomy":"post_tag","embeddable":true,"href":"https:\/\/catolicanet.net\/wp-cnet\/wp-json\/wp\/v2\/tags?post=77473"}],"curies":[{"name":"wp","href":"https:\/\/api.w.org\/{rel}","templated":true}]}}