{"id":77465,"date":"2022-11-22T10:45:34","date_gmt":"2022-11-22T13:45:34","guid":{"rendered":"https:\/\/catolicanet.net\/wp-cnet\/?p=77465"},"modified":"2022-11-22T16:46:27","modified_gmt":"2022-11-22T19:46:27","slug":"um-podcast-medieval-sobre-catedrais","status":"publish","type":"post","link":"https:\/\/catolicanet.net\/wp-cnet\/um-podcast-medieval-sobre-catedrais\/","title":{"rendered":"Um podcast medieval sobre catedrais"},"content":{"rendered":"<h2 class=\"subtitle\" style=\"text-align: justify;\">Dani\u00e8le Cybulskie \u00e9 a criadora e apresentadora do The Medieval Podcast. O epis\u00f3dio desta semana fala sobre catedrais.<\/h2>\n<p style=\"text-align: justify;\">Ahistoriadora, escritora e\u00a0<em>podcaster<\/em><a href=\"http:\/\/www.danielecybulskie.com\/\" target=\"_blank\" rel=\"noopener\">Dani\u00e8le Cybulskie<\/a>\u00a0\u00e9 a criadora e apresentadora do<em><a href=\"https:\/\/www.spreaker.com\/show\/the-medieval-podcast\" target=\"_blank\" rel=\"noreferrer noopener\">The Medieval Podcast<\/a><\/em>. Recentemente, ela convidou o professor\u00a0<a href=\"https:\/\/french.yale.edu\/people\/r-howard-bloch\" target=\"_blank\" rel=\"noreferrer noopener\">R. Howard Bloch<\/a>\u00a0para falar sobre catedrais.<\/p>\n<p style=\"text-align: justify;\">Muita gente confunde catedral e igreja como se fossem sin\u00f4nimos \u2013 no entanto, embora todas as catedrais seja igrejas, nem todas as igrejas s\u00e3o catedrais.<\/p>\n<p style=\"text-align: justify;\">A palavra \u201cigreja\u201d \u00e9 comumente usada para se referir a qualquer edif\u00edcio religioso em que os crist\u00e3os se re\u00fanem para fins de adora\u00e7\u00e3o. J\u00e1 uma \u201ccatedral\u201d, como explica\u00a0<a href=\"https:\/\/aleteia.org\/2020\/07\/04\/what-is-the-difference-between-a-church-and-a-cathedral\/\" target=\"_blank\" rel=\"noreferrer noopener\">Philip Kosloski<\/a>, \u201c\u00e9 o nome dado \u00e0s igrejas que s\u00e3o o centro de cada diocese, onde o bispo geralmente preside importantes liturgias\u201d. A pr\u00f3pria palavra vem de c\u00e1tedra, que remete, literalmente, \u00e0 cadeira do bispo.<\/p>\n<p style=\"text-align: justify;\">Deve-se notar tamb\u00e9m que nem todas as catedrais s\u00e3o g\u00f3ticas ou mesmo medievais. Para alguns, qualquer coisa constru\u00edda entre a muito contestada \u201cQueda de Roma\u201d e o Renascimento se enquadra na \u201carquitetura medieval\u201d, indistintamente. The Medieval Podcast explica, por\u00e9m, que esta \u00e9 uma simplifica\u00e7\u00e3o grosseira por v\u00e1rias raz\u00f5es diferentes, que v\u00e3o desde um preconceito muito antigo, nascido no in\u00edcio do s\u00e9culo XV, at\u00e9 a simples falta de interesse.<\/p>\n<p style=\"text-align: justify;\">Um pouco de curiosidade saud\u00e1vel \u00e9 suficiente para desafiar a ideia de que nenhuma mudan\u00e7a ocorreu, seja na arte, na ci\u00eancia, na arquitetura ou em qualquer outro campo, em mais de 10 s\u00e9culos. Uma dessas muitas mudan\u00e7as \u00e9 a transi\u00e7\u00e3o da arquitetura rom\u00e2nica para a g\u00f3tica \u2013 a passagem de um estilo arquitet\u00f4nico inspirado em tra\u00e7os romanos para outro que, supostamente, assume e adapta a influ\u00eancia da cultura e do estilo g\u00f3tico.<\/p>\n<p style=\"text-align: justify;\">R. Howard Bloch \u00e9 o \u201cSterling Professor\u201d, isto \u00e9, o detentor do mais alto grau de autoridade acad\u00eamica da Universidade de Yale no seu pr\u00f3prio campo de conhecimento \u2013 no caso, Humanidades e Franc\u00eas. Seu \u00faltimo livro \u00e9 \u201c<em><a href=\"https:\/\/www.amazon.com\/Paris-Her-Cathedrals-Howard-Bloch\/dp\/1631493922?&amp;linkCode=sl1&amp;tag=medievalistsn-20&amp;linkId=529b117a498bff8b59d3ec54a9c5464f&amp;language=en_US&amp;ref_=as_li_ss_tl\" target=\"_blank\" rel=\"noreferrer noopener\">Paris and Her Cathedrals<\/a><\/em>\u201c, publicado pela W.W. Norton.<\/p>\n<p style=\"text-align: justify;\">Voc\u00ea pode ouvir o The Medieval Podcast\u00a0<a href=\"https:\/\/www.spreaker.com\/user\/16143818\/cathedrals-with-howard-bloch\" target=\"_blank\" rel=\"noreferrer noopener\">aqui<\/a>.<\/p>\n","protected":false},"excerpt":{"rendered":"<p>Dani\u00e8le Cybulskie \u00e9 a criadora e apresentadora do The Medieval Podcast. O epis\u00f3dio desta semana fala sobre catedrais. Ahistoriadora, escritora e\u00a0podcasterDani\u00e8le Cybulskie\u00a0\u00e9 a criadora e apresentadora doThe Medieval Podcast. Recentemente, ela convidou o professor\u00a0R. Howard Bloch\u00a0para falar sobre catedrais. Muita gente confunde catedral e igreja como se fossem sin\u00f4nimos \u2013 no entanto, embora todas as [&hellip;]<\/p>\n","protected":false},"author":1,"featured_media":77466,"comment_status":"open","ping_status":"closed","sticky":false,"template":"","format":"standard","meta":{"footnotes":""},"categories":[4],"tags":[],"class_list":["post-77465","post","type-post","status-publish","format-standard","has-post-thumbnail","hentry","category-cotidiano"],"_links":{"self":[{"href":"https:\/\/catolicanet.net\/wp-cnet\/wp-json\/wp\/v2\/posts\/77465","targetHints":{"allow":["GET"]}}],"collection":[{"href":"https:\/\/catolicanet.net\/wp-cnet\/wp-json\/wp\/v2\/posts"}],"about":[{"href":"https:\/\/catolicanet.net\/wp-cnet\/wp-json\/wp\/v2\/types\/post"}],"author":[{"embeddable":true,"href":"https:\/\/catolicanet.net\/wp-cnet\/wp-json\/wp\/v2\/users\/1"}],"replies":[{"embeddable":true,"href":"https:\/\/catolicanet.net\/wp-cnet\/wp-json\/wp\/v2\/comments?post=77465"}],"version-history":[{"count":1,"href":"https:\/\/catolicanet.net\/wp-cnet\/wp-json\/wp\/v2\/posts\/77465\/revisions"}],"predecessor-version":[{"id":77467,"href":"https:\/\/catolicanet.net\/wp-cnet\/wp-json\/wp\/v2\/posts\/77465\/revisions\/77467"}],"wp:featuredmedia":[{"embeddable":true,"href":"https:\/\/catolicanet.net\/wp-cnet\/wp-json\/wp\/v2\/media\/77466"}],"wp:attachment":[{"href":"https:\/\/catolicanet.net\/wp-cnet\/wp-json\/wp\/v2\/media?parent=77465"}],"wp:term":[{"taxonomy":"category","embeddable":true,"href":"https:\/\/catolicanet.net\/wp-cnet\/wp-json\/wp\/v2\/categories?post=77465"},{"taxonomy":"post_tag","embeddable":true,"href":"https:\/\/catolicanet.net\/wp-cnet\/wp-json\/wp\/v2\/tags?post=77465"}],"curies":[{"name":"wp","href":"https:\/\/api.w.org\/{rel}","templated":true}]}}