{"id":77417,"date":"2022-11-22T09:59:47","date_gmt":"2022-11-22T12:59:47","guid":{"rendered":"https:\/\/catolicanet.net\/wp-cnet\/?p=77417"},"modified":"2022-11-22T16:02:07","modified_gmt":"2022-11-22T19:02:07","slug":"papa-judeus-e-catolicos-juntos-para-um-mundo-mais-fraterno","status":"publish","type":"post","link":"https:\/\/catolicanet.net\/wp-cnet\/papa-judeus-e-catolicos-juntos-para-um-mundo-mais-fraterno\/","title":{"rendered":"Papa: judeus e cat\u00f3licos juntos para um mundo mais fraterno"},"content":{"rendered":"<p>Papa com os membros do Congresso Judaico Mundial<\/p>\n<div class=\"article__subTitle\" style=\"text-align: justify;\">\u201cNossas duas comunidades de f\u00e9 t\u00eam a tarefa de trabalhar para um mundo mais fraterno, lutando contra as desigualdades e promovendo maior justi\u00e7a, e que a paz n\u00e3o seja uma promessa do outro mundo, mas uma realidade j\u00e1 neste mundo\u201d. Palavras do Papa Francisco durante o encontro com recebeu os membros do Congresso Judaico Mundial nesta ter\u00e7a-feira (22)<\/div>\n<div class=\"title__separator\" style=\"text-align: justify;\"><\/div>\n<div class=\"article__text \">\n<p style=\"text-align: justify;\"><b>Jane Nogara &#8211; Vatican News<\/b><\/p>\n<p style=\"text-align: justify;\">Na manh\u00e3 desta ter\u00e7a-feira (22), o Papa Francisco recebeu os membros do Congresso Judaico Mundial (<i>World Jewish Congress<\/i>) no Vaticano. Ap\u00f3s as sauda\u00e7\u00f5es iniciais, o Papa falou sobre as semelhan\u00e7as entre os judeus e cat\u00f3licos recordando que temos em comum tesouros espirituais inestim\u00e1veis.<\/p>\n<h2 style=\"text-align: justify;\"><b>Nossas semelhan\u00e7as<\/b><\/h2>\n<p style=\"text-align: justify;\">\u201cN\u00f3s professamos f\u00e9 no Criador do c\u00e9u e da terra\u201d, disse o Papa, \u201cque n\u00e3o apenas deu \u00e0 luz a humanidade, mas molda cada ser humano \u00e0 sua imagem e semelhan\u00e7a\u201d. E disse ainda, \u201cacreditamos que o Todo-Poderoso n\u00e3o permaneceu distante da sua cria\u00e7\u00e3o, mas se revelou, n\u00e3o se comunicando apenas com alguns, isoladamente, mas se dirigindo a n\u00f3s como um povo\u201d. Recordando tamb\u00e9m que entramos em rela\u00e7\u00e3o com Ele e nos tornamos colaboradores da Sua providencial vontade atrav\u00e9s da f\u00e9 e da leitura das Escrituras transmitidas em nossas tradi\u00e7\u00f5es religiosas.<\/p>\n<h2 style=\"text-align: justify;\"><b>Nossas perspectivas<\/b><\/h2>\n<p style=\"text-align: justify;\">\u201cTemos tamb\u00e9m uma perspectiva semelhante sobre o fim\u201d, continuou Francisco, \u201cconvictos pela confian\u00e7a de que, no caminho da vida, n\u00e3o vamos na dire\u00e7\u00e3o do nada, mas para o encontro com o Alt\u00edssimo que cuida de n\u00f3s, para Aquele que nos prometeu, no final dos dias, um reino eterno de paz, onde tudo o que amea\u00e7a a vida humana e a conviv\u00eancia terminar\u00e1\u201d.<\/p>\n<div style=\"text-align: justify;\">\n<div class=\"article__embed article__embed--border embed_style\">\n<blockquote><p>\u201cO Senhor realizar\u00e1 este futuro, de fato Ele mesmo ser\u00e1 nosso futuro. E embora existam ideias diferentes no juda\u00edsmo e no cristianismo sobre como ser\u00e1 esse cumprimento, a promessa reconfortante que temos em comum permanece\u201d<\/p><\/blockquote>\n<\/div>\n<\/div>\n<h2 style=\"text-align: justify;\"><b>Olhemos para o presente<\/b><\/h2>\n<p style=\"text-align: justify;\">Em seguida o Papa disse os presentes que considerando a heran\u00e7a religiosa que compartilhamos, \u201cvemos o presente como um desafio que nos une, como uma exorta\u00e7\u00e3o para agirmos juntos\u201d.<\/p>\n<div style=\"text-align: justify;\">\n<div class=\"article__embed article__embed--border embed_style\">\n<blockquote><p>\u201cNossas duas comunidades de f\u00e9 t\u00eam a tarefa de trabalhar para tornar o mundo mais fraterno, lutando contra as desigualdades e promovendo maior justi\u00e7a, para que a paz n\u00e3o permane\u00e7a uma promessa do outro mundo, mas seja uma realidade j\u00e1 neste mundo\u201d<\/p><\/blockquote>\n<\/div>\n<\/div>\n<p style=\"text-align: justify;\">Acrescentando a este ponto que \u201co caminho para a conviv\u00eancia pac\u00edfica come\u00e7a com a justi\u00e7a que, junto com a verdade, o amor e a liberdade, \u00e9 uma das condi\u00e7\u00f5es fundamentais para uma paz duradoura no mundo\u201d.<\/p>\n<h2 style=\"text-align: justify;\"><b>Convite a recuperar a justi\u00e7a<\/b><\/h2>\n<p style=\"text-align: justify;\">\u201cAquele que criou todas as coisas de acordo com a ordem e a harmonia\u201d, afirmou Francisco, \u201cnos convida a recuperar este p\u00e2ntano de injusti\u00e7a que corroi a conviv\u00eancia fraterna no mundo, assim como a devasta\u00e7\u00e3o ambiental corroi a sa\u00fade da terra\u201d. Dizendo em seguida que iniciativas comuns e concretas para promover a justi\u00e7a exigem \u201ccoragem, colabora\u00e7\u00e3o e criatividade\u201d. E se beneficiam muito da f\u00e9, da capacidade de confiar no Alt\u00edssimo e de se deixar guiar por Ele, ao inv\u00e9s de se deixar guiar por meros interesses terrenos, que s\u00e3o sempre imediatos e m\u00edopes, particulares e incapazes de abra\u00e7ar o todo\u201d. Advertindo em seguida que \u201cnossas iniciativas pol\u00edticas, culturais e sociais para melhorar o mundo &#8211; o que voc\u00eas chamam de &#8216;Tiqqun Olam&#8217; &#8211; n\u00e3o ter\u00e3o sucesso sem ora\u00e7\u00e3o e abertura fraterna a outras criaturas em nome do \u00fanico Criador, que ama a vida e aben\u00e7oa os pacificadores\u201d.<\/p>\n<h2 style=\"text-align: justify;\"><b>Apelo pela paz<\/b><\/h2>\n<p style=\"text-align: justify;\">Por fim o Papa concluiu recordando as muitas regi\u00f5es do mundo, nas quais a paz est\u00e1 amea\u00e7ada. E mais uma vez reiterou:<\/p>\n<div style=\"text-align: justify;\">\n<div class=\"article__embed article__embed--border embed_style\">\n<blockquote><p>\u201cReconhe\u00e7amos juntos que a guerra, toda guerra, \u00e9 sempre, de qualquer modo, em toda parte, uma derrota para toda a humanidade!\u201d<\/p><\/blockquote>\n<\/div>\n<\/div>\n<p style=\"text-align: justify;\">\u201cPenso na guerra da Ucr\u00e2nia, uma guerra sacr\u00edlega que amea\u00e7a tanto judeus como crist\u00e3os, privando-os de seus afetos, suas casas, seus bens, suas pr\u00f3prias vidas! Somente na vontade s\u00e9ria de nos aproximarmos e no di\u00e1logo fraterno \u00e9 poss\u00edvel preparar o terreno para a paz. Como judeus e crist\u00e3os, fa\u00e7amos tudo o que for humanamente poss\u00edvel para acabar com a guerra e abrir caminhos para a paz\u201d.<\/p>\n<\/div>\n","protected":false},"excerpt":{"rendered":"<p>Papa com os membros do Congresso Judaico Mundial \u201cNossas duas comunidades de f\u00e9 t\u00eam a tarefa de trabalhar para um mundo mais fraterno, lutando contra as desigualdades e promovendo maior justi\u00e7a, e que a paz n\u00e3o seja uma promessa do outro mundo, mas uma realidade j\u00e1 neste mundo\u201d. Palavras do Papa Francisco durante o encontro [&hellip;]<\/p>\n","protected":false},"author":1,"featured_media":77418,"comment_status":"open","ping_status":"closed","sticky":false,"template":"","format":"standard","meta":{"footnotes":""},"categories":[13,3],"tags":[],"class_list":["post-77417","post","type-post","status-publish","format-standard","has-post-thumbnail","hentry","category-featured","category-vaticano"],"_links":{"self":[{"href":"https:\/\/catolicanet.net\/wp-cnet\/wp-json\/wp\/v2\/posts\/77417","targetHints":{"allow":["GET"]}}],"collection":[{"href":"https:\/\/catolicanet.net\/wp-cnet\/wp-json\/wp\/v2\/posts"}],"about":[{"href":"https:\/\/catolicanet.net\/wp-cnet\/wp-json\/wp\/v2\/types\/post"}],"author":[{"embeddable":true,"href":"https:\/\/catolicanet.net\/wp-cnet\/wp-json\/wp\/v2\/users\/1"}],"replies":[{"embeddable":true,"href":"https:\/\/catolicanet.net\/wp-cnet\/wp-json\/wp\/v2\/comments?post=77417"}],"version-history":[{"count":1,"href":"https:\/\/catolicanet.net\/wp-cnet\/wp-json\/wp\/v2\/posts\/77417\/revisions"}],"predecessor-version":[{"id":77419,"href":"https:\/\/catolicanet.net\/wp-cnet\/wp-json\/wp\/v2\/posts\/77417\/revisions\/77419"}],"wp:featuredmedia":[{"embeddable":true,"href":"https:\/\/catolicanet.net\/wp-cnet\/wp-json\/wp\/v2\/media\/77418"}],"wp:attachment":[{"href":"https:\/\/catolicanet.net\/wp-cnet\/wp-json\/wp\/v2\/media?parent=77417"}],"wp:term":[{"taxonomy":"category","embeddable":true,"href":"https:\/\/catolicanet.net\/wp-cnet\/wp-json\/wp\/v2\/categories?post=77417"},{"taxonomy":"post_tag","embeddable":true,"href":"https:\/\/catolicanet.net\/wp-cnet\/wp-json\/wp\/v2\/tags?post=77417"}],"curies":[{"name":"wp","href":"https:\/\/api.w.org\/{rel}","templated":true}]}}