{"id":77371,"date":"2022-11-18T09:42:17","date_gmt":"2022-11-18T12:42:17","guid":{"rendered":"https:\/\/catolicanet.net\/wp-cnet\/?p=77371"},"modified":"2022-11-18T11:44:55","modified_gmt":"2022-11-18T14:44:55","slug":"francisco-a-paz-entre-kiev-e-moscou-e-possivel-nao-esquecamos-dos-ultimos","status":"publish","type":"post","link":"https:\/\/catolicanet.net\/wp-cnet\/francisco-a-paz-entre-kiev-e-moscou-e-possivel-nao-esquecamos-dos-ultimos\/","title":{"rendered":"Francisco: &#8220;A paz entre Kiev e Moscou \u00e9 poss\u00edvel, n\u00e3o esque\u00e7amos dos \u00faltimos&#8221;"},"content":{"rendered":"<figure class=\"article__image\"><span class=\"didascalia_img\">Conflito na Ucr\u00e2nia\u00a0 (ANSA)<\/span><\/figure>\n<div class=\"article__meta \" data-mediatype=\"\">\n<div class=\"article__subTitle\" style=\"text-align: justify;\">No jornal di\u00e1rio italiano La Stampa, a entrevista de Domenico Agasso com o Papa lembra o incessante trabalho diplom\u00e1tico da Santa S\u00e9 para identificar uma &#8220;fresta que poderia levar a um verdadeiro cessar-fogo e a verdadeiras negocia\u00e7\u00f5es&#8221;: estamos pr\u00f3ximos das necessidades humanit\u00e1rias de um povo &#8220;que carrego em meu cora\u00e7\u00e3o junto com seus sofrimentos&#8221;.<\/div>\n<div class=\"title__separator\" style=\"text-align: justify;\"><\/div>\n<div class=\"article__text \">\n<p style=\"text-align: justify;\"><b>Domenico Agasso<\/b><\/p>\n<p style=\"text-align: justify;\"><b>Santidade, amanh\u00e3 o senhor ir\u00e1 a Asti pela primeira vez como Papa. Com sua fam\u00edlia festejar\u00e1 o 90\u00ba anivers\u00e1rio de sua prima Carla Rabezzana. Eram crian\u00e7as durante a Segunda Guerra Mundial e nos anos sombrios da Guerra Fria: como se sente em ter que enfrentar como Papa a &#8220;terceira guerra mundial&#8221;, como o senhor a definiu, com uma nova amea\u00e7a nuclear?<\/b><\/p>\n<p style=\"text-align: justify;\">&#8220;<i>\u00c9 um absurdo. E provoca particular raiva e tristeza perceber que por detr\u00e1s de todas essas trag\u00e9dias est\u00e3o a \u00e2nsia pelo poder e o com\u00e9rcio de armas. Foi-me dito que se as armas n\u00e3o fossem fabricadas e vendidas em um ano, acabaria com a fome no mundo. Em vez disso, prevalece sempre a voca\u00e7\u00e3o destrutiva, resultando em guerras. Quando os imp\u00e9rios enfraquecem, eles visam fazer uma guerra para se sentirem fortes, e tamb\u00e9m para vender armas. Em um s\u00e9culo, tr\u00eas guerras mundiais! E n\u00f3s n\u00e3o aprendemos! No entanto, bastaria ir ao cemit\u00e9rio de Anzio, e pensar na idade daqueles enterrados ali: fui l\u00e1 e em frente ao t\u00famulo daqueles jovens estadunidenses, de vinte anos, que morreram no desembarque de Anzio, chorei&#8230;. E meu cora\u00e7\u00e3o chorou em Redipuglia (meu av\u00f4 esteve em Piave e me contou o que aconteceu l\u00e1). E como eu disse antes: o desembarque na Normandia&#8230; foi o in\u00edcio da queda do nazismo, \u00e9 verdade&#8230; mas quantos jovens foram deixados na praia, mortos? Dizem 30 mil&#8230;. N\u00f3s n\u00e3o aprendemos&#8230;&#8221;.<\/i><\/p>\n<p style=\"text-align: justify;\"><b>H\u00e1 alguma novidade diplom\u00e1tica entre o Vaticano e o Kremlin?<\/b><\/p>\n<p style=\"text-align: justify;\"><i>&#8220;Estamos continuamente atentos \u00e0 evolu\u00e7\u00e3o da situa\u00e7\u00e3o&#8221;. Como eu disse no avi\u00e3o vindo do Bahrein, a Secretaria de Estado est\u00e1 trabalhando e trabalha bem, todos os dias, e est\u00e1 avaliando qualquer hip\u00f3tese e valorizando qualquer fresta que possa levar a um verdadeiro cessar-fogo, e a negocia\u00e7\u00f5es verdadeiras. Entretanto, estamos comprometidos com o apoio humanit\u00e1rio ao povo da martirizada Ucr\u00e2nia, que carrego em meu cora\u00e7\u00e3o juntamente com seus sofrimentos. E tamb\u00e9m tentamos desenvolver uma rede de rela\u00e7\u00f5es que favore\u00e7a uma aproxima\u00e7\u00e3o entre as partes, para encontrar solu\u00e7\u00f5es. Al\u00e9m disso, a Santa S\u00e9 faz o que deve para ajudar os prisioneiros&#8221;.<\/i><\/p>\n<p style=\"text-align: justify;\"><b>O Vaticano est\u00e1 pronto para desempenhar o papel de mediador de paz, a sediar poss\u00edveis negocia\u00e7\u00f5es?<\/b><\/p>\n<p style=\"text-align: justify;\"><i>&#8220;Como temos confirmado h\u00e1 meses, e como o cardeal Secret\u00e1rio de Estado Parolin afirmou v\u00e1rias vezes, a Santa S\u00e9 est\u00e1 pronta para fazer todo o poss\u00edvel para mediar e p\u00f4r um fim ao conflito na Ucr\u00e2nia&#8221;.<\/i><\/p>\n<p style=\"text-align: justify;\"><b>O senhor tem esperan\u00e7a de que possa haver uma reconcilia\u00e7\u00e3o entre Moscou e Kiev?<\/b><\/p>\n<p style=\"text-align: justify;\"><i>&#8220;Sim, eu tenho esperan\u00e7a. N\u00e3o nos resignemos, a paz \u00e9 poss\u00edvel. Mas todos devem trabalhar para desmilitarizar os cora\u00e7\u00f5es, come\u00e7ando com seus pr\u00f3prios cora\u00e7\u00f5es, e depois desarmar a viol\u00eancia. Todos n\u00f3s devemos ser pacifistas. Querendo a paz, n\u00e3o apenas uma tr\u00e9gua que pode servir apenas para rearmar-se. A verdadeira paz, que \u00e9 fruto do di\u00e1logo, n\u00e3o se consegue com armas, porque elas n\u00e3o derrotam o \u00f3dio e a sede de dom\u00ednio, que reaparecer\u00e3o, talvez de outras formas, mas reaparecer\u00e3o&#8221;.<\/i><\/p>\n<p style=\"text-align: justify;\"><b>O senhor advertiu muitas vezes a Europa contra os nacionalismos e os populismos. Neste per\u00edodo se fala e se escreve sobre o perigo de um retorno de alguma forma do fascismo em v\u00e1rias na\u00e7\u00f5es: o que o senhor acha disso?<\/b><\/p>\n<p style=\"text-align: justify;\"><i>&#8220;Devemos estar sempre atentos a todos os &#8216;-ismos&#8217;, porque eles semeiam, com hipocrisia, maldade social e pol\u00edtica&#8221;.<\/i><\/p>\n<p style=\"text-align: justify;\"><b>No domingo o senhor celebrar\u00e1 a Santa Missa na catedral de Asti, para encontrar a comunidade diocesana de onde seus pais partiram para emigrar para a Argentina. Qual \u00e9 a sensa\u00e7\u00e3o de voltar \u00e0 sua terra natal vestido de branco?<\/b><\/p>\n<p style=\"text-align: justify;\"><i>\u201cH\u00e1 muito tempo eu queria passar algumas horas com meus parentes nos lugares da minha fam\u00edlia&#8221;. Antes de ser Papa, eu ia frequentemente \u00e0 regi\u00e3o de Asti, era um h\u00e1bito: quando chegava a Roma como provincial dos jesu\u00edtas da Argentina, ou como arcebispo para participar de algum s\u00ednodo. Em todas as ocasi\u00f5es eu ia at\u00e9 o Piemonte para ver os primos do meu pai. Somos muito pr\u00f3ximos. Com a prima mais velha, Carla, conversamos frequentemente pelo telefone. Amanh\u00e3 tamb\u00e9m estaremos juntos com outros cinco primos, e isto me enche de alegria&#8221;.<br \/>\n<\/i><\/p>\n<p style=\"text-align: justify;\"><b>Est\u00e1 se aproximando dos dez anos de pontificado: que reflex\u00f5es provoca no senhor esse anivers\u00e1rio?<\/b><\/p>\n<p style=\"text-align: justify;\"><i>&#8220;Todos os dias eu reflito sobre minha vida. Uma das coisas que Santo In\u00e1cio de Loyola (fundador da Companhia de Jesus, ndr) recomendou a todos, n\u00e3o apenas aos padres e freiras, foi examinar a pr\u00f3pria consci\u00eancia pelo menos uma vez por dia. N\u00e3o para saber que pecados se cometeu, n\u00e3o, mas para perceber o que est\u00e1 acontecendo conosco e ao nosso redor. \u00c0s vezes nosso cora\u00e7\u00e3o, nossa consci\u00eancia, \u00e9 como uma estrada onde muitos passam e ningu\u00e9m percebe o que est\u00e1 acontecendo. Em vez disso, \u00e9 importante parar, talvez no final do dia, e observar o que estamos experimentando. E assim se compreende as b\u00ean\u00e7\u00e3os que se recebe da vida, as boas a\u00e7\u00f5es que se fez, e tamb\u00e9m o que se pensa e se realiza de ruim. Desta forma se avan\u00e7a, compreendendo com qual esp\u00edrito se relaciona nas diversas esferas: por exemplo, com um desejo de concilia\u00e7\u00e3o, amizade, fraternidade, ou caindo na tenta\u00e7\u00e3o da vingan\u00e7a, de brigas, da prepot\u00eancia, buscando a prevarica\u00e7\u00e3o&#8221;.<\/i><\/p>\n<p style=\"text-align: justify;\"><b>O senhor \u00e9 feliz de ser o Papa?<\/b><\/p>\n<p style=\"text-align: justify;\"><i>&#8220;Gra\u00e7as \u00e0 minha voca\u00e7\u00e3o, sempre fui feliz nos lugares em que o Senhor me colocou e me enviou. Mas n\u00e3o porque &#8220;ganhei algo&#8221;, n\u00e3o ganhei nada&#8230; isto \u00e9 um servi\u00e7o, e a Igreja me pediu; eu n\u00e3o pensei que seria eleito, e ao inv\u00e9s disso o Senhor o quis. Portanto, avante. E eu fa\u00e7o o que posso, todos os dias, tentando nunca parar&#8221;.<\/i><\/p>\n<\/div>\n<\/div>\n","protected":false},"excerpt":{"rendered":"<p>Conflito na Ucr\u00e2nia\u00a0 (ANSA) No jornal di\u00e1rio italiano La Stampa, a entrevista de Domenico Agasso com o Papa lembra o incessante trabalho diplom\u00e1tico da Santa S\u00e9 para identificar uma &#8220;fresta que poderia levar a um verdadeiro cessar-fogo e a verdadeiras negocia\u00e7\u00f5es&#8221;: estamos pr\u00f3ximos das necessidades humanit\u00e1rias de um povo &#8220;que carrego em meu cora\u00e7\u00e3o junto [&hellip;]<\/p>\n","protected":false},"author":1,"featured_media":77372,"comment_status":"open","ping_status":"closed","sticky":false,"template":"","format":"standard","meta":{"footnotes":""},"categories":[13,3],"tags":[],"class_list":["post-77371","post","type-post","status-publish","format-standard","has-post-thumbnail","hentry","category-featured","category-vaticano"],"_links":{"self":[{"href":"https:\/\/catolicanet.net\/wp-cnet\/wp-json\/wp\/v2\/posts\/77371","targetHints":{"allow":["GET"]}}],"collection":[{"href":"https:\/\/catolicanet.net\/wp-cnet\/wp-json\/wp\/v2\/posts"}],"about":[{"href":"https:\/\/catolicanet.net\/wp-cnet\/wp-json\/wp\/v2\/types\/post"}],"author":[{"embeddable":true,"href":"https:\/\/catolicanet.net\/wp-cnet\/wp-json\/wp\/v2\/users\/1"}],"replies":[{"embeddable":true,"href":"https:\/\/catolicanet.net\/wp-cnet\/wp-json\/wp\/v2\/comments?post=77371"}],"version-history":[{"count":1,"href":"https:\/\/catolicanet.net\/wp-cnet\/wp-json\/wp\/v2\/posts\/77371\/revisions"}],"predecessor-version":[{"id":77373,"href":"https:\/\/catolicanet.net\/wp-cnet\/wp-json\/wp\/v2\/posts\/77371\/revisions\/77373"}],"wp:featuredmedia":[{"embeddable":true,"href":"https:\/\/catolicanet.net\/wp-cnet\/wp-json\/wp\/v2\/media\/77372"}],"wp:attachment":[{"href":"https:\/\/catolicanet.net\/wp-cnet\/wp-json\/wp\/v2\/media?parent=77371"}],"wp:term":[{"taxonomy":"category","embeddable":true,"href":"https:\/\/catolicanet.net\/wp-cnet\/wp-json\/wp\/v2\/categories?post=77371"},{"taxonomy":"post_tag","embeddable":true,"href":"https:\/\/catolicanet.net\/wp-cnet\/wp-json\/wp\/v2\/tags?post=77371"}],"curies":[{"name":"wp","href":"https:\/\/api.w.org\/{rel}","templated":true}]}}