{"id":77353,"date":"2022-11-17T10:19:17","date_gmt":"2022-11-17T13:19:17","guid":{"rendered":"https:\/\/catolicanet.net\/wp-cnet\/?p=77353"},"modified":"2022-11-17T16:20:14","modified_gmt":"2022-11-17T19:20:14","slug":"lancado-o-relatorio-2022-sobre-a-intolerancia-contra-cristaos-na-europa","status":"publish","type":"post","link":"https:\/\/catolicanet.net\/wp-cnet\/lancado-o-relatorio-2022-sobre-a-intolerancia-contra-cristaos-na-europa\/","title":{"rendered":"Lan\u00e7ado o relat\u00f3rio 2022 sobre a intoler\u00e2ncia contra crist\u00e3os na Europa"},"content":{"rendered":"<h2 class=\"subtitle\" style=\"text-align: justify;\">Documento registra mais de 500 epis\u00f3dios de persegui\u00e7\u00e3o e \u00f3dio anticrist\u00e3o em 19 pa\u00edses do continente europeu<\/h2>\n<p style=\"text-align: justify;\">Foi lan\u00e7ado nesta segunda-feira, 14 de novembro, o relat\u00f3rio 2022 sobre a intoler\u00e2ncia contra crist\u00e3os na Europa, compilando os dados consolidados de 2021.<\/p>\n<p style=\"text-align: justify;\">O documento, que relata mais de 500 crimes de \u00f3dio anticrist\u00e3o em 19 pa\u00edses do continente europeu, \u00e9 elaborado pelo Observat\u00f3rio sobre Intoler\u00e2ncia e Discrimina\u00e7\u00e3o contra os Crist\u00e3os (<a href=\"https:\/\/www.intoleranceagainstchristians.eu\/fileadmin\/user_upload\/publications\/files\/Annual_Report_2022_-_ONLINE_Web_View_Final.pdf\" target=\"_blank\" rel=\"noreferrer noopener\">OIDAC<\/a>), cuja sede fica em Viena.<\/p>\n<p style=\"text-align: justify;\">O relat\u00f3rio destaca tr\u00eas modalidades principais de intoler\u00e2ncia anticrist\u00e3: os crimes de \u00f3dio aos crist\u00e3os, os atos de censura e o tratamento tendenciosamente negativo dado aos crist\u00e3os nos meios de comunica\u00e7\u00e3o.<\/p>\n<p style=\"text-align: justify;\">O OIDAC aborda ainda as restri\u00e7\u00f5es notoriamente desproporcionais impostas a igrejas durante a pandemia de covid-19, bem como outras formas de discrimina\u00e7\u00e3o alicer\u00e7adas na pr\u00f3pria legisla\u00e7\u00e3o. Por fim, o texto denuncia tamb\u00e9m a falta de compet\u00eancia das autoridades para lidar com a liberdade religiosa.<\/p>\n<p style=\"text-align: justify;\">Para al\u00e9m de crimes de \u00f3dio que envolvem ataques, agress\u00f5es, vandalismo, roubos e inc\u00eandios criminosos, o relat\u00f3rio aponta ainda um \u201cn\u00famero alarmante\u201d de estere\u00f3tipos negativos e supostas \u201cjustificativas\u201d para ataques perpetrados por figuras p\u00fablicas, como pol\u00edticos ou jornalistas, contra pessoas ou denomina\u00e7\u00f5es crist\u00e3s. O OIDAC menciona \u201cuma tend\u00eancia preocupante de indiferen\u00e7a da sociedade perante declara\u00e7\u00f5es depreciativas e deturpa\u00e7\u00f5es direcionadas a crist\u00e3os, particularmente quando comparados com outros grupos religiosos\u201d.<\/p>\n<p style=\"text-align: justify;\">Segundo a ag\u00eancia\u00a0<a href=\"https:\/\/gaudiumpress.org\/content\/divulgado-relatorio-sobre-a-discriminacao-contra-os-cristaos-na-europa-em-2021\/\" target=\"_blank\" rel=\"noreferrer noopener\">Gaudium Press<\/a>, o relat\u00f3rio traz casos expl\u00edcitos como o de um cantor a quem jornalistas tacharam de \u201cdeficiente\u201d pelo simples fato de ser crist\u00e3o. Os respons\u00e1veis, que se negaram a pedir desculpas, afirmaram que \u201cqualquer cren\u00e7a religiosa \u00e9 um diagn\u00f3stico mental do meu ponto de vista. Sinta-se livre para ofender-se\u201d.<\/p>\n<p style=\"text-align: justify;\">Tamb\u00e9m \u00e9 denunciado o fato de que v\u00e1rios \u201cartigos jornal\u00edsticos rotularam o cristianismo como \u2018ideologia perigosa\u2019 e os crist\u00e3os como \u2018est\u00fapidos fan\u00e1ticos religiosos&#8217;\u201d. Um exemplo:<\/p>\n<blockquote class=\"wp-block-quote\"><p>\u201cEm novembro de 2021, a ativista espanhola de extrema-esquerda Beatriz Bandera publicou um v\u00eddeo de uma prociss\u00e3o em Sevilha, durante a Semana Santa, com a legenda \u2018nosso Taliban\u2019, comparando cat\u00f3licos com terroristas isl\u00e2micos radicais. Em setembro, na Espanha, um membro do partido pol\u00edtico de esquerda Unidas Podemos comentou assim uma not\u00edcia sobre 7 mil cat\u00f3licos assassinados na Guerra Civil Espanhola: \u2018S\u00f3 7 mil? Que pena, deveria ter sido mais&#8217;\u201d.<\/p><\/blockquote>\n<p style=\"text-align: justify;\">O documento do OIDAC afirma que a \u201cintoler\u00e2ncia laicista\u201d \u00e9 crescente e restringe a liberdade religiosa dos crist\u00e3os na Europa, impondo-lhes censura em espa\u00e7os p\u00fablicos, plataformas de m\u00eddia social e at\u00e9 no \u00e2mbito privado, em particular no trabalho.<\/p>\n","protected":false},"excerpt":{"rendered":"<p>Documento registra mais de 500 epis\u00f3dios de persegui\u00e7\u00e3o e \u00f3dio anticrist\u00e3o em 19 pa\u00edses do continente europeu Foi lan\u00e7ado nesta segunda-feira, 14 de novembro, o relat\u00f3rio 2022 sobre a intoler\u00e2ncia contra crist\u00e3os na Europa, compilando os dados consolidados de 2021. O documento, que relata mais de 500 crimes de \u00f3dio anticrist\u00e3o em 19 pa\u00edses do [&hellip;]<\/p>\n","protected":false},"author":1,"featured_media":77354,"comment_status":"open","ping_status":"closed","sticky":false,"template":"","format":"standard","meta":{"footnotes":""},"categories":[4],"tags":[],"class_list":["post-77353","post","type-post","status-publish","format-standard","has-post-thumbnail","hentry","category-cotidiano"],"_links":{"self":[{"href":"https:\/\/catolicanet.net\/wp-cnet\/wp-json\/wp\/v2\/posts\/77353","targetHints":{"allow":["GET"]}}],"collection":[{"href":"https:\/\/catolicanet.net\/wp-cnet\/wp-json\/wp\/v2\/posts"}],"about":[{"href":"https:\/\/catolicanet.net\/wp-cnet\/wp-json\/wp\/v2\/types\/post"}],"author":[{"embeddable":true,"href":"https:\/\/catolicanet.net\/wp-cnet\/wp-json\/wp\/v2\/users\/1"}],"replies":[{"embeddable":true,"href":"https:\/\/catolicanet.net\/wp-cnet\/wp-json\/wp\/v2\/comments?post=77353"}],"version-history":[{"count":1,"href":"https:\/\/catolicanet.net\/wp-cnet\/wp-json\/wp\/v2\/posts\/77353\/revisions"}],"predecessor-version":[{"id":77355,"href":"https:\/\/catolicanet.net\/wp-cnet\/wp-json\/wp\/v2\/posts\/77353\/revisions\/77355"}],"wp:featuredmedia":[{"embeddable":true,"href":"https:\/\/catolicanet.net\/wp-cnet\/wp-json\/wp\/v2\/media\/77354"}],"wp:attachment":[{"href":"https:\/\/catolicanet.net\/wp-cnet\/wp-json\/wp\/v2\/media?parent=77353"}],"wp:term":[{"taxonomy":"category","embeddable":true,"href":"https:\/\/catolicanet.net\/wp-cnet\/wp-json\/wp\/v2\/categories?post=77353"},{"taxonomy":"post_tag","embeddable":true,"href":"https:\/\/catolicanet.net\/wp-cnet\/wp-json\/wp\/v2\/tags?post=77353"}],"curies":[{"name":"wp","href":"https:\/\/api.w.org\/{rel}","templated":true}]}}