{"id":77270,"date":"2022-11-16T09:26:14","date_gmt":"2022-11-16T12:26:14","guid":{"rendered":"https:\/\/catolicanet.net\/wp-cnet\/?p=77270"},"modified":"2022-11-16T16:27:09","modified_gmt":"2022-11-16T19:27:09","slug":"igreja-no-brasil-dara-inicio-ao-3o-ano-vocacional-com-coletiva-de-imprensa-e-missa-solene-no-santuario-nacional","status":"publish","type":"post","link":"https:\/\/catolicanet.net\/wp-cnet\/igreja-no-brasil-dara-inicio-ao-3o-ano-vocacional-com-coletiva-de-imprensa-e-missa-solene-no-santuario-nacional\/","title":{"rendered":"IGREJA NO BRASIL DAR\u00c1 IN\u00cdCIO AO 3\u00ba ANO VOCACIONAL COM COLETIVA DE IMPRENSA E MISSA SOLENE NO SANTU\u00c1RIO NACIONAL"},"content":{"rendered":"<p style=\"text-align: justify;\"><span data-contrast=\"auto\">No dia 19 de novembro, a partir de 16h30, acontece a abertura do 3\u00ba Ano Vocacional do Brasil, com coletiva de imprensa e missa solene no Santu\u00e1rio Nacional de Aparecida, em Aparecida (SP).\u00a0<\/span><span data-ccp-props=\"{&quot;201341983&quot;:0,&quot;335551550&quot;:6,&quot;335551620&quot;:6,&quot;335559739&quot;:160,&quot;335559740&quot;:259}\">\u00a0<\/span><\/p>\n<p style=\"text-align: justify;\"><span data-contrast=\"auto\">A coletiva de imprensa, com in\u00edcio \u00e0s 16h30, acontecer\u00e1 na Sala de Imprensa do Santu\u00e1rio Nacional, com possibilidade de participa\u00e7\u00e3o presencial dos jornalistas, participa\u00e7\u00e3o remota via Zoom e transmiss\u00e3o ao vivo pelo canal do\u00a0<a href=\"https:\/\/www.youtube.com\/c\/PortalA12\/videos\" target=\"_blank\" rel=\"noopener\">YouTube<\/a>\u00a0e\u00a0<a href=\"https:\/\/www.a12.com\/\" target=\"_blank\" rel=\"noopener\">portal A12<\/a>,\u00a0<a href=\"https:\/\/www.facebook.com\/cnbbnacional\/\" target=\"_blank\" rel=\"noopener\">facebook da CNBB<\/a>\u00a0e\u00a0<a href=\"https:\/\/www.facebook.com\/CRBNACIONAL\/\" target=\"_blank\" rel=\"noopener\">CRB Nacional<\/a>.\u00a0<\/span><\/p>\n<p style=\"text-align: justify;\"><span data-contrast=\"auto\">Durante a coletiva, os convidados ir\u00e3o abordar um panorama hist\u00f3rico e a import\u00e2ncia de se celebrar um ano vocacional na Igreja do Brasil, as principais atividades que ir\u00e3o acontecer em todo o pa\u00eds, os desafios e perspectivas para a cultura vocacional hoje, dentre outros assuntos correlatos. O bispo de Novo Hamburgo, dom Jo\u00e3o Francisco Salm, que \u00e9 o presidente da Comiss\u00e3o Episcopal para os Minist\u00e9rios Ordenados e Vida Consagrada da CNBB, aprofundar\u00e1 o tema\u00a0<\/span><i><span data-contrast=\"auto\">\u201cVoca\u00e7\u00e3o, gra\u00e7a e miss\u00e3o\u201d<\/span><\/i><span data-contrast=\"auto\">; e o lema\u00a0<\/span><i><span data-contrast=\"auto\">\u201cCora\u00e7\u00f5es ardentes, p\u00e9s a caminho\u201d<\/span><\/i><span data-contrast=\"auto\">\u00a0do 3\u00ba Ano Vocacional do Brasil.<\/span><\/p>\n<p style=\"text-align: justify;\"><span data-contrast=\"auto\">A Irm\u00e3 Maristela Ganassini, assessora do Setor Juventudes e Voca\u00e7\u00f5es da CRB e membro da Comiss\u00e3o Episcopal para Minist\u00e9rios Ordenados e Vida Consagrada da CNBB em sua fala, apresentar\u00e1 os objetivos do 3\u00ba Ano Vocacional e o hist\u00f3rico dos anos anteriores. A terceira convidada da coletiva ser\u00e1 S\u00f4nia Oliveira, presidente do Conselho Nacional do Laicato do Brasil (CNLB), com apresenta\u00e7\u00e3o sobre o chamado da voca\u00e7\u00e3o laical para o servi\u00e7o\u202feclesial.\u00a0<\/span><span data-ccp-props=\"{&quot;201341983&quot;:0,&quot;335551550&quot;:6,&quot;335551620&quot;:6,&quot;335559739&quot;:160,&quot;335559740&quot;:259}\">\u00a0<\/span><\/p>\n<p style=\"text-align: justify;\"><span data-contrast=\"auto\">Ap\u00f3s a coletiva, a partir de 18h, dom Salm preside a missa solene de abertura do Ano Vocacional no altar central do Santu\u00e1rio Nacional. A celebra\u00e7\u00e3o ter\u00e1 transmiss\u00e3o pela TV Aparecida, TV Pai Eterno e m\u00eddias digitais da CNBB.\u00a0<\/span><span data-ccp-props=\"{&quot;201341983&quot;:0,&quot;335551550&quot;:6,&quot;335551620&quot;:6,&quot;335559739&quot;:160,&quot;335559740&quot;:259}\">\u00a0\u00a0<\/span><\/p>\n<div id=\"gallery-1\" class=\"gallery galleryid-933376 gallery-columns-2 gallery-size-medium\" style=\"text-align: justify;\">\n<figure class=\"gallery-item\">\n<div class=\"gallery-icon landscape\"><a class=\"rl-gallery-link\" title=\"\" href=\"https:\/\/eadn-wc02-718006.nxedge.io\/cdn\/wp-content\/uploads\/2022\/11\/WhatsApp-Image-2022-11-09-at-11.08.09.jpeg\" data-rl_title=\"\" data-rl_caption=\"\" data-rel=\"lightbox-gallery-1\" data-rl_=\"\"><img loading=\"lazy\" decoding=\"async\" class=\"attachment-medium size-medium\" src=\"https:\/\/eadn-wc02-718006.nxedge.io\/cdn\/wp-content\/uploads\/2022\/11\/WhatsApp-Image-2022-11-09-at-11.08.09-300x300.jpeg\" sizes=\"auto, (max-width: 300px) 100vw, 300px\" srcset=\"https:\/\/eadn-wc02-718006.nxedge.io\/cdn\/wp-content\/uploads\/2022\/11\/WhatsApp-Image-2022-11-09-at-11.08.09-300x300.jpeg 300w, https:\/\/eadn-wc02-718006.nxedge.io\/cdn\/wp-content\/uploads\/2022\/11\/WhatsApp-Image-2022-11-09-at-11.08.09-1024x1024.jpeg 1024w, https:\/\/eadn-wc02-718006.nxedge.io\/cdn\/wp-content\/uploads\/2022\/11\/WhatsApp-Image-2022-11-09-at-11.08.09-150x150.jpeg 150w, https:\/\/eadn-wc02-718006.nxedge.io\/cdn\/wp-content\/uploads\/2022\/11\/WhatsApp-Image-2022-11-09-at-11.08.09-768x768.jpeg 768w, https:\/\/eadn-wc02-718006.nxedge.io\/cdn\/wp-content\/uploads\/2022\/11\/WhatsApp-Image-2022-11-09-at-11.08.09-800x800.jpeg 800w, https:\/\/eadn-wc02-718006.nxedge.io\/cdn\/wp-content\/uploads\/2022\/11\/WhatsApp-Image-2022-11-09-at-11.08.09-500x500.jpeg 500w, https:\/\/eadn-wc02-718006.nxedge.io\/cdn\/wp-content\/uploads\/2022\/11\/WhatsApp-Image-2022-11-09-at-11.08.09.jpeg 1280w\" alt=\"\" width=\"300\" height=\"300\" \/><\/a><\/div>\n<\/figure>\n<figure class=\"gallery-item\">\n<div class=\"gallery-icon landscape\"><a class=\"rl-gallery-link\" title=\"\" href=\"https:\/\/eadn-wc02-718006.nxedge.io\/cdn\/wp-content\/uploads\/2022\/11\/WhatsApp-Image-2022-11-02-at-17.22.14.jpeg\" data-rl_title=\"\" data-rl_caption=\"\" data-rel=\"lightbox-gallery-1\" data-rl_=\"\"><img loading=\"lazy\" decoding=\"async\" class=\"attachment-medium size-medium\" src=\"https:\/\/eadn-wc02-718006.nxedge.io\/cdn\/wp-content\/uploads\/2022\/11\/WhatsApp-Image-2022-11-02-at-17.22.14-300x300.jpeg\" sizes=\"auto, (max-width: 300px) 100vw, 300px\" srcset=\"https:\/\/eadn-wc02-718006.nxedge.io\/cdn\/wp-content\/uploads\/2022\/11\/WhatsApp-Image-2022-11-02-at-17.22.14-300x300.jpeg 300w, https:\/\/eadn-wc02-718006.nxedge.io\/cdn\/wp-content\/uploads\/2022\/11\/WhatsApp-Image-2022-11-02-at-17.22.14-1024x1024.jpeg 1024w, https:\/\/eadn-wc02-718006.nxedge.io\/cdn\/wp-content\/uploads\/2022\/11\/WhatsApp-Image-2022-11-02-at-17.22.14-150x150.jpeg 150w, https:\/\/eadn-wc02-718006.nxedge.io\/cdn\/wp-content\/uploads\/2022\/11\/WhatsApp-Image-2022-11-02-at-17.22.14-768x768.jpeg 768w, https:\/\/eadn-wc02-718006.nxedge.io\/cdn\/wp-content\/uploads\/2022\/11\/WhatsApp-Image-2022-11-02-at-17.22.14-800x800.jpeg 800w, https:\/\/eadn-wc02-718006.nxedge.io\/cdn\/wp-content\/uploads\/2022\/11\/WhatsApp-Image-2022-11-02-at-17.22.14-500x500.jpeg 500w, https:\/\/eadn-wc02-718006.nxedge.io\/cdn\/wp-content\/uploads\/2022\/11\/WhatsApp-Image-2022-11-02-at-17.22.14.jpeg 1280w\" alt=\"\" width=\"300\" height=\"300\" \/><\/a><\/div>\n<\/figure>\n<\/div>\n<h3 style=\"text-align: justify;\"><b><span data-contrast=\"auto\">Sobre o Ano Vocacional\u00a0<\/span><\/b><span data-ccp-props=\"{&quot;201341983&quot;:0,&quot;335551550&quot;:6,&quot;335551620&quot;:6,&quot;335559739&quot;:160,&quot;335559740&quot;:259}\">\u00a0<\/span><\/h3>\n<p style=\"text-align: justify;\"><span data-contrast=\"auto\">Com o tema\u00a0<\/span><i><span data-contrast=\"auto\">\u201cVoca\u00e7\u00e3o: Gra\u00e7a e Miss\u00e3o\u201d<\/span><\/i><span data-contrast=\"auto\">\u00a0e o lema\u00a0<\/span><i><span data-contrast=\"auto\">\u201cCora\u00e7\u00f5es ardentes, p\u00e9s a caminho\u201d<\/span><\/i><span data-contrast=\"auto\">\u00a0(cf. Lc 24, 32-33), o Ano Vocacional se estende at\u00e9 26 de novembro de 2023. A data escolhida para a abertura e encerramento \u00e9 a solenidade de Cristo Rei, que marca o encerramento do ano lit\u00fargico e o dia nacional dos crist\u00e3os leigos e leigas.\u00a0<\/span><span data-ccp-props=\"{&quot;201341983&quot;:0,&quot;335551550&quot;:6,&quot;335551620&quot;:6,&quot;335559739&quot;:160,&quot;335559740&quot;:259}\">\u00a0<\/span><\/p>\n<p style=\"text-align: justify;\"><span data-contrast=\"auto\">A convoca\u00e7\u00e3o deste ano \u00e9 a concretiza\u00e7\u00e3o das indica\u00e7\u00f5es pastorais do 4\u00ba Congresso Vocacional, que se prop\u00f4s celebrar os 40 anos do 1\u00ba Ano Vocacional do Brasil, vivenciado em 1983, e ser uma oportunidade de fortalecer o compromisso de crist\u00e3s e crist\u00e3os com o chamado \u00e0 vida e um olhar atencioso para todas as voca\u00e7\u00f5es.<\/span><span data-ccp-props=\"{&quot;201341983&quot;:0,&quot;335551550&quot;:6,&quot;335551620&quot;:6,&quot;335559739&quot;:160,&quot;335559740&quot;:259}\">\u00a0<\/span><\/p>\n<p style=\"text-align: justify;\"><span data-contrast=\"auto\">A proposta teve aprova\u00e7\u00e3o por unanimidade pelos bispos do Brasil, durante sua 58\u00aa Assembleia. A partir da\u00ed, trilhou-se o caminho de articula\u00e7\u00e3o e prepara\u00e7\u00e3o com muitos convocados para as diferentes comiss\u00f5es a fim de que esse sonho pudesse se tornar realidade. Conforme o texto-base, o objetivo principal do Ano Vocacional\u00a0<\/span><span data-contrast=\"auto\">\u00e9<\/span><span data-contrast=\"auto\">\u00a0\u201cpromover a cultura vocacional nas comunidades eclesiais, nas fam\u00edlias e na sociedade, para que sejam ambientes favor\u00e1veis ao despertar de todas as voca\u00e7\u00f5es, como gra\u00e7a e miss\u00e3o, a servi\u00e7o do Reino de Deus\u201d.\u00a0<\/span><span data-ccp-props=\"{&quot;201341983&quot;:0,&quot;335551550&quot;:6,&quot;335551620&quot;:6,&quot;335559739&quot;:160,&quot;335559740&quot;:259}\">\u00a0<\/span><\/p>\n<p style=\"text-align: justify;\"><span data-contrast=\"auto\">Para conhecer um pouco mais da hist\u00f3ria e iniciativas do Ano Vocacional, acesse\u00a0<\/span><a href=\"https:\/\/anovocacional.cnbb.org.br\/\" target=\"_blank\" rel=\"noopener\"><span data-contrast=\"none\">anovocacional.cnbb.org.br\/<\/span><\/a><span data-contrast=\"auto\">.\u00a0<\/span><span data-ccp-props=\"{&quot;201341983&quot;:0,&quot;335551550&quot;:6,&quot;335551620&quot;:6,&quot;335559739&quot;:160,&quot;335559740&quot;:259}\">\u00a0<\/span><\/p>\n<h3 style=\"text-align: justify;\"><b><span data-contrast=\"auto\">Servi\u00e7o<\/span><\/b><\/h3>\n<p style=\"text-align: justify;\"><b><i><span data-contrast=\"auto\"><br \/>\n<\/span><\/i><em>Coletiva de Imprensa\u00a0<\/em><\/b><\/p>\n<p style=\"text-align: justify;\"><b><span data-contrast=\"auto\">Quando:<\/span><\/b><span data-contrast=\"auto\">\u00a019 de novembro (s\u00e1bado), 16h30<\/span><span data-ccp-props=\"{&quot;201341983&quot;:0,&quot;335551550&quot;:6,&quot;335551620&quot;:6,&quot;335559739&quot;:160,&quot;335559740&quot;:259}\">\u00a0<\/span><\/p>\n<p style=\"text-align: justify;\"><b><span data-contrast=\"auto\">Onde:<\/span><\/b><span data-contrast=\"auto\">\u00a0Sala de Imprensa do Santu\u00e1rio Nacional de Aparecida (presencial) e Zoom\u00a0 (on-line)<\/span><span data-ccp-props=\"{&quot;201341983&quot;:0,&quot;335551550&quot;:6,&quot;335551620&quot;:6,&quot;335559739&quot;:160,&quot;335559740&quot;:259}\">\u00a0<\/span><\/p>\n<p style=\"text-align: justify;\"><b><span data-contrast=\"auto\">Participantes:<\/span><\/b><span data-contrast=\"auto\">\u00a0Dom Jo\u00e3o Francisco Salm (bispo de Novo Hamburgo (RS) e presidente da Comiss\u00e3o Episcopal para os Minist\u00e9rios Ordenados e Vida Consagrada da CNBB), Irm\u00e3 Maristela Ganassini (religiosa das Filhas do Sagrado Cora\u00e7\u00e3o de Jesus, assessora do Setor Juventudes e Voca\u00e7\u00f5es da CRB e membro da Comiss\u00e3o Episcopal para Minist\u00e9rios Ordenados e Vida Consagrada da CNBB) e S\u00f4nia Oliveira (presidente do Conselho Nacional do Laicato do Brasil)<\/span><span data-ccp-props=\"{&quot;201341983&quot;:0,&quot;335551550&quot;:6,&quot;335551620&quot;:6,&quot;335559739&quot;:160,&quot;335559740&quot;:259}\">\u00a0<\/span><\/p>\n<p style=\"text-align: justify;\"><b><span data-contrast=\"auto\">Transmiss\u00e3o:\u00a0<\/span><\/b><span data-contrast=\"auto\">canal do\u00a0<a href=\"https:\/\/www.youtube.com\/c\/PortalA12\/videos\" target=\"_blank\" rel=\"noopener\">YouTube<\/a>\u00a0e\u00a0<a href=\"https:\/\/www.a12.com\/\" target=\"_blank\" rel=\"noopener\">portal A12<\/a>,\u00a0<a href=\"https:\/\/www.facebook.com\/cnbbnacional\/\" target=\"_blank\" rel=\"noopener\">facebook da CNBB<\/a>\u00a0e\u00a0<a href=\"https:\/\/www.facebook.com\/CRBNACIONAL\/\" target=\"_blank\" rel=\"noopener\">CRB Nacional<\/a><\/span><span data-ccp-props=\"{&quot;201341983&quot;:0,&quot;335551550&quot;:6,&quot;335551620&quot;:6,&quot;335559739&quot;:160,&quot;335559740&quot;:259}\">\u00a0<\/span><\/p>\n<h3 style=\"text-align: justify;\"><b>Credenciamento da imprensa\u00a0<\/b><\/h3>\n<p style=\"text-align: justify;\"><span data-contrast=\"auto\">Para participa\u00e7\u00e3o presencial, os jornalistas devem confirmar presen\u00e7a pelo formul\u00e1rio dispon\u00edvel em\u00a0<\/span><a href=\"http:\/\/www.a12.com\/imprensa\" target=\"_blank\" rel=\"noopener\"><span data-contrast=\"none\">www.a12.com\/imprensa<\/span><\/a><span data-contrast=\"auto\">. Para participa\u00e7\u00e3o remota, via zoom, a solicita\u00e7\u00e3o de credenciamento dever\u00e1 ser feita pelo e-mail\u00a0<\/span><a href=\"mailto:contato.anovocacional@cnbb.org.br\"><span data-contrast=\"none\">contato.anovocacional@cnbb.org.br<\/span><\/a><span data-contrast=\"auto\">\u00a0at\u00e9 sexta-feira, 18. O link de acesso \u00e0 sala ser\u00e1 enviado pelo e-mail utilizado no credenciamento.\u00a0\u00a0<\/span><span data-ccp-props=\"{&quot;201341983&quot;:0,&quot;335551550&quot;:6,&quot;335551620&quot;:6,&quot;335559739&quot;:160,&quot;335559740&quot;:259}\">\u00a0<\/span><\/p>\n<p style=\"text-align: justify;\"><span data-ccp-props=\"{&quot;201341983&quot;:0,&quot;335551550&quot;:6,&quot;335551620&quot;:6,&quot;335559739&quot;:160,&quot;335559740&quot;:259}\">\u00a0<\/span><b><i><span data-contrast=\"auto\">Santa Missa de abertura\u00a0<\/span><\/i><\/b><\/p>\n<p style=\"text-align: justify;\"><b><span data-contrast=\"auto\">Quando:<\/span><\/b><span data-contrast=\"auto\">\u00a019 de novembro, 18h<\/span><span data-ccp-props=\"{&quot;201341983&quot;:0,&quot;335551550&quot;:6,&quot;335551620&quot;:6,&quot;335559739&quot;:160,&quot;335559740&quot;:259}\">\u00a0<\/span><\/p>\n<p style=\"text-align: justify;\"><b><span data-contrast=\"auto\">Onde:<\/span><\/b><span data-contrast=\"auto\">\u00a0Santu\u00e1rio Nacional de Aparecida\u00a0<\/span><span data-ccp-props=\"{&quot;201341983&quot;:0,&quot;335551550&quot;:6,&quot;335551620&quot;:6,&quot;335559739&quot;:160,&quot;335559740&quot;:259}\">\u00a0<\/span><\/p>\n<p style=\"text-align: justify;\"><b><span data-contrast=\"auto\">Presidente:<\/span><\/b><span data-contrast=\"auto\">\u00a0Dom Jo\u00e3o Francisco Salm, bispo de Novo Hamburgo (RS) e presidente da Comiss\u00e3o Episcopal para os Minist\u00e9rios Ordenados e Vida Consagrada da CNBB<\/span><span data-ccp-props=\"{&quot;201341983&quot;:0,&quot;335551550&quot;:6,&quot;335551620&quot;:6,&quot;335559739&quot;:160,&quot;335559740&quot;:259}\">\u00a0<\/span><\/p>\n<p style=\"text-align: justify;\"><b><span data-contrast=\"auto\">Transmiss\u00e3o:<\/span><\/b><span data-contrast=\"auto\">\u00a0TV Aparecida, TV Pai Eterno e m\u00eddias digitais da CNBB<\/span><span data-ccp-props=\"{&quot;201341983&quot;:0,&quot;335551550&quot;:6,&quot;335551620&quot;:6,&quot;335559739&quot;:160,&quot;335559740&quot;:259}\">\u00a0<\/span><\/p>\n<p style=\"text-align: justify;\"><span data-contrast=\"auto\">============================================================<\/span><span data-ccp-props=\"{&quot;201341983&quot;:0,&quot;335551550&quot;:6,&quot;335551620&quot;:6,&quot;335559739&quot;:160,&quot;335559740&quot;:259}\">\u00a0<\/span><\/p>\n<p style=\"text-align: justify;\"><i><span data-contrast=\"auto\">Para obter mais informa\u00e7\u00f5es ou agendar entrevistas sobre o Ano Vocacional, entre em contato com Marcus Tullius (31 99062 1987 ou\u00a0<\/span><\/i><a href=\"mailto:contato.anovocacional@cnbb.org.br\"><i><span data-contrast=\"none\">contato.anovocacional@cnbb.org.br<\/span><\/i><\/a><i><span data-contrast=\"auto\">) e Larissa Carvalho (61 99344 6814 ou\u00a0<\/span><\/i><a href=\"mailto:imprensa@cnbb.org.br\"><i><span data-contrast=\"none\">imprensa@cnbb.org.br<\/span><\/i><\/a><i><span data-contrast=\"auto\">)\u00a0<\/span><\/i><\/p>\n","protected":false},"excerpt":{"rendered":"<p>No dia 19 de novembro, a partir de 16h30, acontece a abertura do 3\u00ba Ano Vocacional do Brasil, com coletiva de imprensa e missa solene no Santu\u00e1rio Nacional de Aparecida, em Aparecida (SP).\u00a0\u00a0 A coletiva de imprensa, com in\u00edcio \u00e0s 16h30, acontecer\u00e1 na Sala de Imprensa do Santu\u00e1rio Nacional, com possibilidade de participa\u00e7\u00e3o presencial dos [&hellip;]<\/p>\n","protected":false},"author":1,"featured_media":77271,"comment_status":"open","ping_status":"closed","sticky":false,"template":"","format":"standard","meta":{"footnotes":""},"categories":[7],"tags":[],"class_list":["post-77270","post","type-post","status-publish","format-standard","has-post-thumbnail","hentry","category-cnbb"],"_links":{"self":[{"href":"https:\/\/catolicanet.net\/wp-cnet\/wp-json\/wp\/v2\/posts\/77270","targetHints":{"allow":["GET"]}}],"collection":[{"href":"https:\/\/catolicanet.net\/wp-cnet\/wp-json\/wp\/v2\/posts"}],"about":[{"href":"https:\/\/catolicanet.net\/wp-cnet\/wp-json\/wp\/v2\/types\/post"}],"author":[{"embeddable":true,"href":"https:\/\/catolicanet.net\/wp-cnet\/wp-json\/wp\/v2\/users\/1"}],"replies":[{"embeddable":true,"href":"https:\/\/catolicanet.net\/wp-cnet\/wp-json\/wp\/v2\/comments?post=77270"}],"version-history":[{"count":1,"href":"https:\/\/catolicanet.net\/wp-cnet\/wp-json\/wp\/v2\/posts\/77270\/revisions"}],"predecessor-version":[{"id":77272,"href":"https:\/\/catolicanet.net\/wp-cnet\/wp-json\/wp\/v2\/posts\/77270\/revisions\/77272"}],"wp:featuredmedia":[{"embeddable":true,"href":"https:\/\/catolicanet.net\/wp-cnet\/wp-json\/wp\/v2\/media\/77271"}],"wp:attachment":[{"href":"https:\/\/catolicanet.net\/wp-cnet\/wp-json\/wp\/v2\/media?parent=77270"}],"wp:term":[{"taxonomy":"category","embeddable":true,"href":"https:\/\/catolicanet.net\/wp-cnet\/wp-json\/wp\/v2\/categories?post=77270"},{"taxonomy":"post_tag","embeddable":true,"href":"https:\/\/catolicanet.net\/wp-cnet\/wp-json\/wp\/v2\/tags?post=77270"}],"curies":[{"name":"wp","href":"https:\/\/api.w.org\/{rel}","templated":true}]}}