{"id":77266,"date":"2022-11-16T09:24:46","date_gmt":"2022-11-16T12:24:46","guid":{"rendered":"https:\/\/catolicanet.net\/wp-cnet\/?p=77266"},"modified":"2022-11-16T16:25:43","modified_gmt":"2022-11-16T19:25:43","slug":"casa-do-pao-legado-do-18o-congresso-eucaristico-nacional-e-espaco-de-apoio-a-populacao-em-situacao-de-rua-em-recife","status":"publish","type":"post","link":"https:\/\/catolicanet.net\/wp-cnet\/casa-do-pao-legado-do-18o-congresso-eucaristico-nacional-e-espaco-de-apoio-a-populacao-em-situacao-de-rua-em-recife\/","title":{"rendered":"CASA DO P\u00c3O, LEGADO DO 18\u00ba CONGRESSO EUCAR\u00cdSTICO NACIONAL, \u00c9 ESPA\u00c7O DE APOIO \u00c0 POPULA\u00c7\u00c3O EM SITUA\u00c7\u00c3O DE RUA EM RECIFE"},"content":{"rendered":"<p style=\"text-align: justify;\">A inaugura\u00e7\u00e3o da Casa do P\u00e3o, marco do 18\u00ba CEN, foi realizada \u00e0s 9h na sede do espa\u00e7o, localizada na rua do Imperador, bairro de Santo Ant\u00f4nio, em Recife. A atividade inaugural ofertou um caf\u00e9 da manh\u00e3 com mil refei\u00e7\u00f5es para os bispos e os futuros assistidos do projeto. Os preparativos dos alimentos tiveram in\u00edcio \u00e0s 5h30, no convento de Santo Ant\u00f4nio, na mesma localidade.<\/p>\n<p style=\"text-align: justify;\">A feitura das refei\u00e7\u00f5es contou com o aux\u00edlio de 120 volunt\u00e1rios, que j\u00e1 realizam trabalhos ligados a in\u00fameras organiza\u00e7\u00f5es n\u00e3o governamentais e \u00e0 Pastoral do Povo de Rua do Regional Nordeste 2 da Confer\u00eancia Nacional dos Bispos do Brasil (CNBB NE2). \u00a0Para os moradores em situa\u00e7\u00e3o de rua, o projeto Banho do Bem garantiu a higiene pessoal.<\/p>\n<p style=\"text-align: justify;\">O ato inaugural contou com o pronunciamento do legado pontif\u00edcio, dom Ant\u00f3nio Marto, e do arcebispo de Olinda e Recife, dom Fernando Saburido. Na sequ\u00eancia, o corte simb\u00f3lico da fita e o descerramento de placa concluiu a cerim\u00f4nia.\u00a0As mil refei\u00e7\u00f5es foram postas \u00e0 mesa e servidas em marmitas numa estrutura que ser\u00e1 montada no mesmo logradouro, e ofertou \u2013 entre as op\u00e7\u00f5es do card\u00e1pio \u2013 cuscuz, bolo, sanduiche, suco e caf\u00e9.<\/p>\n<h3 style=\"text-align: justify;\">Legado de solidariedade<\/h3>\n<figure id=\"attachment_933603\" class=\"wp-caption alignright\" style=\"text-align: justify;\" aria-describedby=\"caption-attachment-933603\"><img loading=\"lazy\" decoding=\"async\" class=\"wp-image-933603 size-medium\" src=\"https:\/\/eadn-wc02-718006.nxedge.io\/cdn\/wp-content\/uploads\/2022\/11\/Espaco-interno-Casa-Pao--300x200.jpg\" sizes=\"auto, (max-width: 300px) 100vw, 300px\" srcset=\"https:\/\/eadn-wc02-718006.nxedge.io\/cdn\/wp-content\/uploads\/2022\/11\/Espaco-interno-Casa-Pao--300x200.jpg 300w, https:\/\/eadn-wc02-718006.nxedge.io\/cdn\/wp-content\/uploads\/2022\/11\/Espaco-interno-Casa-Pao--1024x683.jpg 1024w, https:\/\/eadn-wc02-718006.nxedge.io\/cdn\/wp-content\/uploads\/2022\/11\/Espaco-interno-Casa-Pao--768x512.jpg 768w, https:\/\/eadn-wc02-718006.nxedge.io\/cdn\/wp-content\/uploads\/2022\/11\/Espaco-interno-Casa-Pao--1536x1024.jpg 1536w, https:\/\/eadn-wc02-718006.nxedge.io\/cdn\/wp-content\/uploads\/2022\/11\/Espaco-interno-Casa-Pao--2048x1365.jpg 2048w, https:\/\/eadn-wc02-718006.nxedge.io\/cdn\/wp-content\/uploads\/2022\/11\/Espaco-interno-Casa-Pao--500x333.jpg 500w\" alt=\"\" width=\"300\" height=\"200\" \/><figcaption id=\"caption-attachment-933603\" class=\"wp-caption-text\">Espa\u00e7o interno da Casa P\u00e3o. | Fotos: Assessoria de Comunica\u00e7\u00e3o do 18\u00ba CEN.<\/figcaption><\/figure>\n<p style=\"text-align: justify;\" data-raofz=\"17\">Na Casa P\u00e3o ser\u00e3o ofertados diversos servi\u00e7os, tais como uma lavanderia, para que as pessoas em situa\u00e7\u00e3o de rua possam fazer a higieniza\u00e7\u00e3o adequada das pr\u00f3prias roupas. Haver\u00e1 vesti\u00e1rios com banheiros e chuveiros, para banhos dignos e \u00e1rea para os cuidados b\u00e1sicos de higiene pessoal.<\/p>\n<p style=\"text-align: justify;\" data-raofz=\"17\">O espa\u00e7o ainda oferecer\u00e1 atendimentos m\u00e9dico, psicol\u00f3gico e jur\u00eddico. Ter\u00e1 tamb\u00e9m grupos de apoio, oficinas e cursos profissionalizantes, refeit\u00f3rios, al\u00e9m de uma capela para atividades religiosas e uma padaria, para consumo pr\u00f3prio e vendas dos produtos no local. A manuten\u00e7\u00e3o da Casa do P\u00e3o ficar\u00e1 a cargo de volunt\u00e1rios e do diaconato da Arquidiocese de Olinda e Recife, em parceria com institui\u00e7\u00f5es p\u00fablicas e privadas.<\/p>\n<p data-raofz=\"17\"><img loading=\"lazy\" decoding=\"async\" class=\"aligncenter wp-image-933604 size-full\" src=\"https:\/\/eadn-wc02-718006.nxedge.io\/cdn\/wp-content\/uploads\/2022\/11\/Inaguracao-da-Casa-Pao-dom-Saburido.png\" sizes=\"auto, (max-width: 679px) 100vw, 679px\" srcset=\"https:\/\/eadn-wc02-718006.nxedge.io\/cdn\/wp-content\/uploads\/2022\/11\/Inaguracao-da-Casa-Pao-dom-Saburido.png 679w, https:\/\/eadn-wc02-718006.nxedge.io\/cdn\/wp-content\/uploads\/2022\/11\/Inaguracao-da-Casa-Pao-dom-Saburido-300x200.png 300w, https:\/\/eadn-wc02-718006.nxedge.io\/cdn\/wp-content\/uploads\/2022\/11\/Inaguracao-da-Casa-Pao-dom-Saburido-500x333.png 500w\" alt=\"\" width=\"679\" height=\"452\" \/><\/p>\n<p data-raofz=\"17\"><strong>Com informa\u00e7\u00f5es e fotos<\/strong>\u00a0do\u00a0<a href=\"https:\/\/cen2020.com.br\/\" target=\"_blank\" rel=\"noopener\">18\u00ba Congresso Eucar\u00edstico Nacional\u00a0<\/a><\/p>\n","protected":false},"excerpt":{"rendered":"<p>A inaugura\u00e7\u00e3o da Casa do P\u00e3o, marco do 18\u00ba CEN, foi realizada \u00e0s 9h na sede do espa\u00e7o, localizada na rua do Imperador, bairro de Santo Ant\u00f4nio, em Recife. A atividade inaugural ofertou um caf\u00e9 da manh\u00e3 com mil refei\u00e7\u00f5es para os bispos e os futuros assistidos do projeto. Os preparativos dos alimentos tiveram in\u00edcio [&hellip;]<\/p>\n","protected":false},"author":1,"featured_media":77267,"comment_status":"open","ping_status":"closed","sticky":false,"template":"","format":"standard","meta":{"footnotes":""},"categories":[7],"tags":[],"class_list":["post-77266","post","type-post","status-publish","format-standard","has-post-thumbnail","hentry","category-cnbb"],"_links":{"self":[{"href":"https:\/\/catolicanet.net\/wp-cnet\/wp-json\/wp\/v2\/posts\/77266","targetHints":{"allow":["GET"]}}],"collection":[{"href":"https:\/\/catolicanet.net\/wp-cnet\/wp-json\/wp\/v2\/posts"}],"about":[{"href":"https:\/\/catolicanet.net\/wp-cnet\/wp-json\/wp\/v2\/types\/post"}],"author":[{"embeddable":true,"href":"https:\/\/catolicanet.net\/wp-cnet\/wp-json\/wp\/v2\/users\/1"}],"replies":[{"embeddable":true,"href":"https:\/\/catolicanet.net\/wp-cnet\/wp-json\/wp\/v2\/comments?post=77266"}],"version-history":[{"count":1,"href":"https:\/\/catolicanet.net\/wp-cnet\/wp-json\/wp\/v2\/posts\/77266\/revisions"}],"predecessor-version":[{"id":77268,"href":"https:\/\/catolicanet.net\/wp-cnet\/wp-json\/wp\/v2\/posts\/77266\/revisions\/77268"}],"wp:featuredmedia":[{"embeddable":true,"href":"https:\/\/catolicanet.net\/wp-cnet\/wp-json\/wp\/v2\/media\/77267"}],"wp:attachment":[{"href":"https:\/\/catolicanet.net\/wp-cnet\/wp-json\/wp\/v2\/media?parent=77266"}],"wp:term":[{"taxonomy":"category","embeddable":true,"href":"https:\/\/catolicanet.net\/wp-cnet\/wp-json\/wp\/v2\/categories?post=77266"},{"taxonomy":"post_tag","embeddable":true,"href":"https:\/\/catolicanet.net\/wp-cnet\/wp-json\/wp\/v2\/tags?post=77266"}],"curies":[{"name":"wp","href":"https:\/\/api.w.org\/{rel}","templated":true}]}}