{"id":77253,"date":"2022-11-16T09:19:22","date_gmt":"2022-11-16T12:19:22","guid":{"rendered":"https:\/\/catolicanet.net\/wp-cnet\/?p=77253"},"modified":"2022-11-16T16:20:58","modified_gmt":"2022-11-16T19:20:58","slug":"processo-de-dom-helder-supera-fase-diocesana-e-chega-ao-vaticano","status":"publish","type":"post","link":"https:\/\/catolicanet.net\/wp-cnet\/processo-de-dom-helder-supera-fase-diocesana-e-chega-ao-vaticano\/","title":{"rendered":"Processo de Dom H\u00e9lder supera fase diocesana e chega ao Vaticano"},"content":{"rendered":"<p style=\"text-align: justify;\">Tem in\u00edcio a chamada &#8220;fase romana&#8221; do processo de beatifica\u00e7\u00e3o de Dom H\u00e9lder C\u00e2mara&#8221;<\/p>\n<div class=\"article__subTitle\" style=\"text-align: justify;\">Tem in\u00edcio uma nova fase do processo de beatifica\u00e7\u00e3o de Dom H\u00e9lder C\u00e2mara: conclu\u00edda a etapa diocesana, come\u00e7a a chamada &#8220;fase romana&#8221;. Agora, o Dicast\u00e9rio das Causas dos Santos aguarda a nomea\u00e7\u00e3o de um Relator para a elabora\u00e7\u00e3o da &#8220;Positio&#8221;, isto \u00e9, o volume que sintetiza as provas coletadas na Diocese. Uma vez aprovada, o Papa poder\u00e1 declarar Dom H\u00e9lder &#8220;vener\u00e1vel&#8221;.<\/div>\n<div class=\"title__separator\" style=\"text-align: justify;\"><\/div>\n<div class=\"article__text \">\n<p style=\"text-align: justify;\"><b>Vatican News<\/b><\/p>\n<p style=\"text-align: justify;\">O 18\u00ba Congresso Eucar\u00edstico Nacional se concluiu no dia 15 de novembro, em Recife, com uma grande not\u00edcia:<\/p>\n<p style=\"text-align: justify;\">O arcebispo de Olinda e Recife, Dom Fernando Saburido, leu a seguinte comunica\u00e7\u00e3o assinada pelo Frei Jociel Gomes, OFMCap., vice-postulador da Causa de Dom H\u00e9lder:<\/p>\n<div style=\"text-align: justify;\">\n<div class=\"article__embed article__embed--border embed_style\">\n<blockquote><p>\u201cComunico que foi emitido hoje, em Roma, o decreto de Validade Jur\u00eddica de Dom H\u00e9lder C\u00e2mara, reconhecendo que todos os atos e toda a documenta\u00e7\u00e3o feitos na Arquidiocese foram aprovados pelo Dicast\u00e9rio das Causas dos Santos. Doravante, solicitaremos a nomea\u00e7\u00e3o de um Relator e iniciaremos a elabora\u00e7\u00e3o da Positio, que ser\u00e1, posteriormente, analisada pelas comiss\u00f5es de historiadores, te\u00f3logos, bispos e cardeais, a fim de que deem os seus pareceres. Com a aprova\u00e7\u00e3o destas comiss\u00f5es, o Papa poder\u00e1 declar\u00e1-lo \u201cVener\u00e1vel\u201d.\u201d<\/p><\/blockquote>\n<\/div>\n<\/div>\n<p style=\"text-align: justify;\">De acordo com Dom Fernando, os presentes \u201cvibraram, aplaudiram e ficaram felizes com esta grande not\u00edcia\u201d.<\/p>\n<p style=\"text-align: justify;\">\u201cUma grande alegria que encheu os cora\u00e7\u00f5es e vamos rezar para que o quanto antes possamos ver este processo caminhar e termos no futuro a satisfa\u00e7\u00e3o de ter Dom H\u00e9lder, este grande bispo da nossa Igreja, como um santo, algu\u00e9m que mereceu o reconhecimento da Igreja pelas suas virtudes, pelos seus valores, sendo um modelo de vida para todos n\u00f3s.\u201d<\/p>\n<div>\n<div class=\"article__embed article__embed--unwrap article__embed--dark\">\n<div class=\"article__innerTitle\" style=\"text-align: justify;\">Ou\u00e7a Dom Fernando Saburido<\/div>\n<\/div>\n<\/div>\n<\/div>\n<div id=\"banner-donazioni\" class=\"article_banner\">\n<!--[if lt IE 9]><script>document.createElement('audio');<\/script><![endif]-->\n<audio class=\"wp-audio-shortcode\" id=\"audio-77253-1\" preload=\"none\" style=\"width: 100%;\" controls=\"controls\"><source type=\"audio\/mpeg\" src=\"https:\/\/media.vaticannews.va\/media\/audio\/s1\/2022\/11\/16\/12\/136793089_F136793089.mp3?_=1\" \/><a href=\"https:\/\/media.vaticannews.va\/media\/audio\/s1\/2022\/11\/16\/12\/136793089_F136793089.mp3\">https:\/\/media.vaticannews.va\/media\/audio\/s1\/2022\/11\/16\/12\/136793089_F136793089.mp3<\/a><\/audio>\n<\/div>\n","protected":false},"excerpt":{"rendered":"<p>Tem in\u00edcio a chamada &#8220;fase romana&#8221; do processo de beatifica\u00e7\u00e3o de Dom H\u00e9lder C\u00e2mara&#8221; Tem in\u00edcio uma nova fase do processo de beatifica\u00e7\u00e3o de Dom H\u00e9lder C\u00e2mara: conclu\u00edda a etapa diocesana, come\u00e7a a chamada &#8220;fase romana&#8221;. Agora, o Dicast\u00e9rio das Causas dos Santos aguarda a nomea\u00e7\u00e3o de um Relator para a elabora\u00e7\u00e3o da &#8220;Positio&#8221;, isto [&hellip;]<\/p>\n","protected":false},"author":1,"featured_media":77254,"comment_status":"open","ping_status":"closed","sticky":false,"template":"","format":"standard","meta":{"footnotes":""},"categories":[3],"tags":[],"class_list":["post-77253","post","type-post","status-publish","format-standard","has-post-thumbnail","hentry","category-vaticano"],"_links":{"self":[{"href":"https:\/\/catolicanet.net\/wp-cnet\/wp-json\/wp\/v2\/posts\/77253","targetHints":{"allow":["GET"]}}],"collection":[{"href":"https:\/\/catolicanet.net\/wp-cnet\/wp-json\/wp\/v2\/posts"}],"about":[{"href":"https:\/\/catolicanet.net\/wp-cnet\/wp-json\/wp\/v2\/types\/post"}],"author":[{"embeddable":true,"href":"https:\/\/catolicanet.net\/wp-cnet\/wp-json\/wp\/v2\/users\/1"}],"replies":[{"embeddable":true,"href":"https:\/\/catolicanet.net\/wp-cnet\/wp-json\/wp\/v2\/comments?post=77253"}],"version-history":[{"count":2,"href":"https:\/\/catolicanet.net\/wp-cnet\/wp-json\/wp\/v2\/posts\/77253\/revisions"}],"predecessor-version":[{"id":77256,"href":"https:\/\/catolicanet.net\/wp-cnet\/wp-json\/wp\/v2\/posts\/77253\/revisions\/77256"}],"wp:featuredmedia":[{"embeddable":true,"href":"https:\/\/catolicanet.net\/wp-cnet\/wp-json\/wp\/v2\/media\/77254"}],"wp:attachment":[{"href":"https:\/\/catolicanet.net\/wp-cnet\/wp-json\/wp\/v2\/media?parent=77253"}],"wp:term":[{"taxonomy":"category","embeddable":true,"href":"https:\/\/catolicanet.net\/wp-cnet\/wp-json\/wp\/v2\/categories?post=77253"},{"taxonomy":"post_tag","embeddable":true,"href":"https:\/\/catolicanet.net\/wp-cnet\/wp-json\/wp\/v2\/tags?post=77253"}],"curies":[{"name":"wp","href":"https:\/\/api.w.org\/{rel}","templated":true}]}}