{"id":77247,"date":"2022-11-16T09:15:30","date_gmt":"2022-11-16T12:15:30","guid":{"rendered":"https:\/\/catolicanet.net\/wp-cnet\/?p=77247"},"modified":"2022-11-16T16:17:29","modified_gmt":"2022-11-16T19:17:29","slug":"o-papa-nao-ter-medo-da-desolacao-mas-nela-encontrar-o-coracao-de-cristo","status":"publish","type":"post","link":"https:\/\/catolicanet.net\/wp-cnet\/o-papa-nao-ter-medo-da-desolacao-mas-nela-encontrar-o-coracao-de-cristo\/","title":{"rendered":"O Papa: n\u00e3o ter medo da desola\u00e7\u00e3o, mas nela encontrar o cora\u00e7\u00e3o de Cristo"},"content":{"rendered":"<div class=\"article__subTitle\" style=\"text-align: justify;\">Na Audi\u00eancia Geral desta quarta-feira, o Papa retomou as catequeses sobre o discernimento e falou sobre a desola\u00e7\u00e3o que &#8220;pode ser ocasi\u00e3o de crescimento. A desola\u00e7\u00e3o \u00e9 tamb\u00e9m um convite \u00e0 gratuidade, a n\u00e3o agir sempre e unicamente em vista de uma gratifica\u00e7\u00e3o emocional. Estar desolados oferece-nos a possibilidade de crescer, de come\u00e7ar uma rela\u00e7\u00e3o mais madura, mais bela, com o Senhor e com os entes queridos, uma rela\u00e7\u00e3o que n\u00e3o se reduza a uma mera troca de dar e receber&#8221;.<\/div>\n<div class=\"title__separator\" style=\"text-align: justify;\"><\/div>\n<div class=\"article__text \">\n<p style=\"text-align: justify;\"><b>Mariangela Jaguraba &#8211; Vatican News<\/b><\/p>\n<p><iframe loading=\"lazy\" title=\"Audi\u00eancia geral 16 de novembro de 2022 Papa Francisco\" width=\"696\" height=\"392\" src=\"https:\/\/www.youtube.com\/embed\/96G4QCQ8ZQ4?feature=oembed\" frameborder=\"0\" allow=\"accelerometer; autoplay; clipboard-write; encrypted-media; gyroscope; picture-in-picture\" allowfullscreen><\/iframe><\/p>\n<p style=\"text-align: justify;\">O Papa Francisco retomou as catequeses sobre o discernimento na Audi\u00eancia Geral, desta quarta-feira (16\/11), realizada na Pra\u00e7a S\u00e3o Pedro. &#8220;Por que estamos desolados&#8221; foi o tema deste encontro semanal do Pont\u00edfice com os fi\u00e9is.<\/p>\n<p style=\"text-align: justify;\">O Santo Padre recordou a import\u00e2ncia de &#8220;<i>ler\u00a0<\/i>o que se move dentro de n\u00f3s, para n\u00e3o tomar decis\u00f5es apressadas, na onda da emo\u00e7\u00e3o do momento, para depois se arrepender, quando j\u00e1 \u00e9 demasiado tarde. Neste sentido, o estado espiritual a que chamamos\u00a0<i>desola\u00e7\u00e3o,\u00a0<\/i>quando no cora\u00e7\u00e3o tudo est\u00e1 escuro, triste<i>,\u00a0<\/i>pode ser ocasi\u00e3o de crescimento&#8221;.<\/p>\n<p style=\"text-align: justify;\">Segundo o Papa, &#8220;a desola\u00e7\u00e3o provoca uma \u201ctrepida\u00e7\u00e3o da alma\u201d, mant\u00e9m-nos alertas, favorece a vigil\u00e2ncia e a humildade, protegendo-nos contra os ventos do capricho. S\u00e3o condi\u00e7\u00f5es indispens\u00e1veis para o progresso na vida e, portanto, inclusive na vida espiritual&#8221;.<\/p>\n<h2 style=\"text-align: justify;\">Inquieta\u00e7\u00e3o, \u00edmpeto para dar uma reviravolta na pr\u00f3pria vida<\/h2>\n<p style=\"text-align: justify;\">&#8220;Uma serenidade perfeita, mas \u201cass\u00e9ptica\u201d, sem sentimento, quando se torna o crit\u00e9rio de escolhas e comportamentos, torna-nos desumanos&#8221;, disse Francisco, acrescentando:<\/p>\n<p style=\"text-align: justify;\"><i>N\u00e3o podemos deixar de prestar aten\u00e7\u00e3o aos sentimentos, somos humanos e o sentimento \u00e9 uma parte da nossa humanidade, e sem entender os sentimentos seremos desumanos, sem viver os sentimentos, seremos indiferentes ao sofrimento dos outros e incapazes de aceitar o nosso. Sem considerar que esta \u201cserenidade perfeita\u201d n\u00e3o se alcan\u00e7a por este caminho da indiferen\u00e7a.<\/i><\/p>\n<div style=\"text-align: justify;\">\n<div class=\"article__embed article__embed--border embed_style\">\n<blockquote><p>\u201cDist\u00e2ncia ass\u00e9ptica: eu n\u00e3o me misturo nas coisas, tomo dist\u00e2ncia. Isso n\u00e3o \u00e9 vida, isso \u00e9 como se viv\u00eassemos num laborat\u00f3rio, fechados para n\u00e3o pegar um micr\u00f3bio, uma doen\u00e7a. Para muitos santos e santas, a inquieta\u00e7\u00e3o foi um \u00edmpeto decisivo para dar uma reviravolta na pr\u00f3pria vida. Esta serenidade artificial n\u00e3o \u00e9 boa, mas sim uma inquieta\u00e7\u00e3o saud\u00e1vel. Um cora\u00e7\u00e3o inquieto, que busca o caminho.\u201d<\/p><\/blockquote>\n<\/div>\n<\/div>\n<p style=\"text-align: justify;\">Como &#8220;\u00e9 o caso, por exemplo, de Agostinho de Hipona, Edith Stein, Jos\u00e9 Benedito Cottolengo e Charles de Foucauld&#8221;, frisou o Papa, afirmando que &#8220;as escolhas importantes t\u00eam um pre\u00e7o que a vida apresenta, um pre\u00e7o acess\u00edvel a todos. As escolhas importantes n\u00e3o v\u00eam da loteria, elas t\u00eam um pre\u00e7o e voc\u00ea tem de pagar aquele pre\u00e7o. \u00c9 um pre\u00e7o que voc\u00ea paga com o cora\u00e7\u00e3o, um pre\u00e7o da decis\u00e3o, um pre\u00e7o a ser levado adiante, com um pouco de esfor\u00e7o, mas n\u00e3o \u00e9 gr\u00e1tis. \u00c9 um pre\u00e7o que est\u00e1 ao alcance de todos. Todos temos que pagar esta decis\u00e3o para sair do estado de indiferen\u00e7a que nos p\u00f5e pra baixo&#8221;.<\/p>\n<h2 style=\"text-align: justify;\">A desola\u00e7\u00e3o \u00e9 tamb\u00e9m um convite \u00e0 gratuidade<\/h2>\n<p style=\"text-align: justify;\"><i>A desola\u00e7\u00e3o \u00e9 tamb\u00e9m um convite \u00e0 gratuidade, a n\u00e3o agir sempre e unicamente em vista de uma gratifica\u00e7\u00e3o emocional. Estar desolados oferece-nos a possibilidade de crescer, de come\u00e7ar uma rela\u00e7\u00e3o mais madura, mais bela, com o Senhor e com os entes queridos, uma rela\u00e7\u00e3o que n\u00e3o se reduza a uma mera troca de dar e receber. Pensemos na nossa inf\u00e2ncia. Quando se \u00e9 crian\u00e7a, procura-se com frequ\u00eancia os pais para obter algo deles, um brinquedo, dinheiro para comprar um sorvete, uma autoriza\u00e7\u00e3o. E assim os procuramos n\u00e3o por eles mesmos, mas por um interesse. No entanto, o maior dom s\u00e3o eles, os pais, e compreendemos isso na medida em que crescemos.<\/i><\/p>\n<p style=\"text-align: justify;\">Segundo o Papa, &#8220;at\u00e9 muitas das nossas ora\u00e7\u00f5es s\u00e3o um pouco desse tipo, s\u00e3o pedidos de favores dirigidos ao Senhor, sem um verdadeiro interesse por Ele. O Evangelho observa que Jesus vivia frequentemente circundado por muitas pessoas que o procuravam para obter algo, curas, ajudas materiais, mas n\u00e3o simplesmente para estar com Ele. Era pressionado pelas multid\u00f5es e, contudo, estava sozinho. Alguns santos, e at\u00e9 certos artistas, meditaram sobre esta condi\u00e7\u00e3o de Jesus. Poderia parecer estranho, irreal, perguntar ao Senhor: \u201cComo est\u00e1s?\u201d No entanto, \u00e9 um modo muito bonito de entrar numa rela\u00e7\u00e3o verdadeira, sincera, com a sua humanidade, com o seu sofrimento, at\u00e9 com a sua singular solid\u00e3o. Com Ele, que quis partilhar at\u00e9 ao fundo a sua vida conosco&#8221;.<\/p>\n<h2 style=\"text-align: justify;\">Levar adiante a desola\u00e7\u00e3o com perseveran\u00e7a<\/h2>\n<p style=\"text-align: justify;\">Segundo o Papa, nos faz bem &#8220;aprender a\u00a0<i>estar com Ele,\u00a0<\/i>estar com o Senhor<i>,\u00a0<\/i>aprender a estar com Senhor<i>\u00a0sem outro objetivo<\/i>, exatamente como nos acontece com as pessoas de quem gostamos: desejamos conhec\u00ea-las cada vez mais, porque \u00e9 bom estar com elas&#8221;.<\/p>\n<p style=\"text-align: justify;\">Francisco disse que &#8220;a vida espiritual n\u00e3o \u00e9 uma t\u00e9cnica \u00e0 nossa disposi\u00e7\u00e3o, n\u00e3o \u00e9 um programa de \u201cbem-estar\u201d interior que nos compete planificar. N\u00e3o! A vida espiritual \u00e9 a\u00a0<i>rela\u00e7\u00e3o com o Vivente<\/i>, com Deus, o Vivente, irredut\u00edvel \u00e0s nossas categorias&#8221;. &#8220;Quem reza observa que os resultados s\u00e3o\u00a0<i>imprevis\u00edveis<\/i>&#8220;, frisou o Pont\u00edfice, convidando &#8220;a n\u00e3o ter medo da desola\u00e7\u00e3o, mas\u00a0<b>lev\u00e1-la adiante com perseveran\u00e7a, n\u00e3o fugir, e na desola\u00e7\u00e3o procurar encontrar o cora\u00e7\u00e3o de Cristo, encontrar o Senhor, e a resposta chega sempre<\/b>&#8220;.<\/p>\n<p style=\"text-align: justify;\">&#8220;Portanto, diante das dificuldades nunca devemos desanimar, mas enfrentar a prova\u00e7\u00e3o com decis\u00e3o, com a ajuda da gra\u00e7a de Deus que nunca nos falta.\u00a0<b>E se ouvirmos dentro de n\u00f3s uma voz insistente, que nos quer distrair da ora\u00e7\u00e3o, aprendamos a desmascar\u00e1-la como a voz do tentador; e n\u00e3o nos deixemos impressionar: fa\u00e7amos simplesmente o contr\u00e1rio do que ela nos diz<\/b>&#8220;, concluiu o Papa.<\/p>\n<\/div>\n","protected":false},"excerpt":{"rendered":"<p>Na Audi\u00eancia Geral desta quarta-feira, o Papa retomou as catequeses sobre o discernimento e falou sobre a desola\u00e7\u00e3o que &#8220;pode ser ocasi\u00e3o de crescimento. A desola\u00e7\u00e3o \u00e9 tamb\u00e9m um convite \u00e0 gratuidade, a n\u00e3o agir sempre e unicamente em vista de uma gratifica\u00e7\u00e3o emocional. Estar desolados oferece-nos a possibilidade de crescer, de come\u00e7ar uma rela\u00e7\u00e3o [&hellip;]<\/p>\n","protected":false},"author":1,"featured_media":77248,"comment_status":"open","ping_status":"closed","sticky":false,"template":"","format":"standard","meta":{"footnotes":""},"categories":[3],"tags":[],"class_list":["post-77247","post","type-post","status-publish","format-standard","has-post-thumbnail","hentry","category-vaticano"],"_links":{"self":[{"href":"https:\/\/catolicanet.net\/wp-cnet\/wp-json\/wp\/v2\/posts\/77247","targetHints":{"allow":["GET"]}}],"collection":[{"href":"https:\/\/catolicanet.net\/wp-cnet\/wp-json\/wp\/v2\/posts"}],"about":[{"href":"https:\/\/catolicanet.net\/wp-cnet\/wp-json\/wp\/v2\/types\/post"}],"author":[{"embeddable":true,"href":"https:\/\/catolicanet.net\/wp-cnet\/wp-json\/wp\/v2\/users\/1"}],"replies":[{"embeddable":true,"href":"https:\/\/catolicanet.net\/wp-cnet\/wp-json\/wp\/v2\/comments?post=77247"}],"version-history":[{"count":2,"href":"https:\/\/catolicanet.net\/wp-cnet\/wp-json\/wp\/v2\/posts\/77247\/revisions"}],"predecessor-version":[{"id":77251,"href":"https:\/\/catolicanet.net\/wp-cnet\/wp-json\/wp\/v2\/posts\/77247\/revisions\/77251"}],"wp:featuredmedia":[{"embeddable":true,"href":"https:\/\/catolicanet.net\/wp-cnet\/wp-json\/wp\/v2\/media\/77248"}],"wp:attachment":[{"href":"https:\/\/catolicanet.net\/wp-cnet\/wp-json\/wp\/v2\/media?parent=77247"}],"wp:term":[{"taxonomy":"category","embeddable":true,"href":"https:\/\/catolicanet.net\/wp-cnet\/wp-json\/wp\/v2\/categories?post=77247"},{"taxonomy":"post_tag","embeddable":true,"href":"https:\/\/catolicanet.net\/wp-cnet\/wp-json\/wp\/v2\/tags?post=77247"}],"curies":[{"name":"wp","href":"https:\/\/api.w.org\/{rel}","templated":true}]}}