{"id":77238,"date":"2022-11-10T09:23:28","date_gmt":"2022-11-10T12:23:28","guid":{"rendered":"https:\/\/catolicanet.net\/wp-cnet\/?p=77238"},"modified":"2022-11-14T14:24:38","modified_gmt":"2022-11-14T17:24:38","slug":"18o-congresso-eucaristico-nacional-2","status":"publish","type":"post","link":"https:\/\/catolicanet.net\/wp-cnet\/18o-congresso-eucaristico-nacional-2\/","title":{"rendered":"18\u00ba Congresso Eucar\u00edstico Nacional"},"content":{"rendered":"<p style=\"text-align: center;\"><em>P\u00e3o em todas as mesas <\/em><\/p>\n<p style=\"text-align: justify;\"><em>\u00a0<\/em>Inicia-se neste dia 11 de novembro, sexta-feira, em Recife (PE), e vai at\u00e9 a pr\u00f3xima ter\u00e7a-feira, dia 15 de novembro, o <em>18\u00ba Congresso Eucar\u00edstico Nacional<\/em>. Trata-se de um momento de toda a Igreja se reunir em torno da mesa da eucaristia para agradecer a Deus por t\u00e3o grande dom.<\/p>\n<p style=\"text-align: justify;\">O Congresso Eucar\u00edstico Nacional quer refletir sobre a import\u00e2ncia do P\u00e3o Espiritual, que \u00e9 o pr\u00f3prio Cristo, e tamb\u00e9m sobre o p\u00e3o material. Atrav\u00e9s da partilha da eucaristia que fazemos na Igreja, essa reflex\u00e3o deve nos levar a partilhar de igual modo o p\u00e3o material, sobretudo com aqueles que mais sofrem. Jesus nos ensinou a partilhar e, se estamos unidos a Cristo, devemos estar unidos entre os irm\u00e3os, olhando as necessidades do pr\u00f3ximo.<\/p>\n<p style=\"text-align: justify;\">Os congressos eucar\u00edsticos s\u00e3o realizados em todo o mundo, n\u00e3o \u00e9 somente uma particularidade do Brasil. \u00c9 uma oportunidade que os fi\u00e9is t\u00eam para testemunhar a sua f\u00e9 e a Igreja apresenta aquilo que \u00e9 a sua ess\u00eancia: a eucaristia. Da mesma forma, quando celebramos a solenidade de Corpus Christi, temos que sair \u00e0s ruas com o ostens\u00f3rio, adorando o Corpo de Cristo, com alegria e felizes por sermos cat\u00f3licos.<\/p>\n<p style=\"text-align: justify;\">A primeira edi\u00e7\u00e3o do Congresso Eucar\u00edstico aconteceu em Lille, na Fran\u00e7a, em 1881, atrav\u00e9s de um grupo de leigos, com o apoio de S\u00e3o Pedro Juli\u00e3o Eymard, com a participa\u00e7\u00e3o de fi\u00e9is e bispos de v\u00e1rios pa\u00edses europeus. No Brasil, o primeiro Congresso Eucar\u00edstico Nacional aconteceu na Arquidiocese de S\u00e3o Salvador, na Bahia, em 1933, embora j\u00e1 em 1922 aconteceu no Rio de Janeiro o Congresso Eucar\u00edstico do Centen\u00e1rio da Independ\u00eancia com uma grande participa\u00e7\u00e3o de bispos, padres e fi\u00e9is..<\/p>\n<p style=\"text-align: justify;\">Esta \u00e9 a segunda vez que Recife sedia o Congresso Eucar\u00edstico Nacional. A primeira vez foi no ano de 1939. Na ocasi\u00e3o, era o III Congresso Eucar\u00edstico Nacional. O bispo era Dom Miguel de Lima Valverde, e o tema que permeou o congresso foi: \u201c<em>A Eucaristia e a vida crist\u00e3\u201d. <\/em><\/p>\n<p style=\"text-align: justify;\">O III Congresso Eucar\u00edstico Nacional foi realizado no parque treze de maio, localizado no bairro da Boa Vista, \u00e1rea central do Recife. O Congresso deixou como marco a Igreja Sant\u00edssimo Cora\u00e7\u00e3o Eucar\u00edstico de Jesus, conhecida como matriz do Espinheiro, zona norte de Recife.<\/p>\n<p style=\"text-align: justify;\">Para a realiza\u00e7\u00e3o do Congresso Eucar\u00edstico, houve um ano de prepara\u00e7\u00e3o \u2014 de 14 de novembro do ano passado a 7 de novembro desse ano depois de duas transfer\u00eancias de anos devido \u00e0 pandemia. Essa prepara\u00e7\u00e3o se deu por meio de celebra\u00e7\u00f5es eucar\u00edsticas, tr\u00edduos, encontros de liturgia e juventude, e uma s\u00e9rie de concertos \u2014 o \u00faltimo foi realizado no dia 7\/11.<\/p>\n<p style=\"text-align: justify;\">O 18\u00ba Congresso Eucar\u00edstico Nacional come\u00e7a no dia 11 de novembro, \u00e0s 15h, com a ora\u00e7\u00e3o da tarde. Com os bispos que estiverem presentes no momento, essa ora\u00e7\u00e3o acontecer\u00e1 na Catedral Metropolitana de Recife. Ap\u00f3s esse momento, acontecer\u00e1 a visita ao museu de arte sacra e a recep\u00e7\u00e3o no semin\u00e1rio de Olinda. \u00c0s 18h, acontece o ponto alto desse primeiro dia que ser\u00e1 a celebra\u00e7\u00e3o eucar\u00edstica.<\/p>\n<p style=\"text-align: justify;\">O Congresso Eucar\u00edstico conta com uma programa\u00e7\u00e3o vasta nos dias seguintes. Tem a celebra\u00e7\u00e3o de primeira eucaristia nas par\u00f3quias, catequeses, feira cat\u00f3lica, exposi\u00e7\u00f5es e celebra\u00e7\u00f5es di\u00e1rias. Mesmo ap\u00f3s o Congresso, ainda haver\u00e1 celebra\u00e7\u00f5es e alguns outros eventos, culminando com a missa do sacramento da crisma, no dia 5 de abril de 2023.<\/p>\n<p style=\"text-align: justify;\">Irm\u00e3os e irm\u00e3s, quem n\u00e3o pode ir a Recife para participar do Congresso Eucar\u00edstico Nacional, acompanhe atrav\u00e9s das m\u00eddias cat\u00f3licas, TVs, internet e r\u00e1dio. Sempre quando acontece um Congresso Eucar\u00edstico, \u00e9 um momento marcante para a Igreja e uma oportunidade de aprofundarmos mais ainda no conhecimento da f\u00e9.<\/p>\n<p style=\"text-align: justify;\">Que a eucaristia nos ajude a ser mais \u201cirm\u00e3os\u201d e solid\u00e1rios, atentos \u00e0s necessidades do pr\u00f3ximo. Como diz o tema desse congresso, \u201c<em>P\u00e3o em todas as mesas\u201d,<\/em> que as fam\u00edlias tenham o alimento di\u00e1rio para saciar a sua fome e, ao mesmo tempo, que Cristo se fa\u00e7a presente em todos os lares.<\/p>\n<p style=\"text-align: justify;\">A eucaristia \u00e9 para todos. Jesus n\u00e3o exclui ningu\u00e9m. Ele acolhia pobres, pecadores e doentes. Jesus pregava a inclus\u00e3o. Ia na contram\u00e3o ao que a sociedade da \u00e9poca pensava. Do mesmo modo, devemos agir n\u00f3s, seus seguidores. N\u00e3o excluir ningu\u00e9m da refei\u00e7\u00e3o, seja a mesa da eucaristia, como a mesa do alimento material.<\/p>\n<p style=\"text-align: justify;\">Festejemos este momento do Congresso Eucar\u00edstico Nacional e que seja uma oportunidade para testemunhar a nossa f\u00e9. Assista aos momentos celebrativos junto com a fam\u00edlia e ensine seus filhos a import\u00e2ncia do Corpo de Cristo. Do mesmo modo que Ele foi solid\u00e1rio, que todos n\u00f3s tamb\u00e9m sejamos.<\/p>\n<p style=\"text-align: justify;\">Rezemos a ora\u00e7\u00e3o elaborada para este 18\u00ba Congresso Eucar\u00edstico Nacional junto com nossa fam\u00edlia e comunidade:<\/p>\n<p style=\"text-align: center;\"><em>\u00d3 Salvador do Mundo,<br \/>\nno deserto, Deus Pai alimentou o povo com o man\u00e1<br \/>\ne preparou na sua bondade uma mesa para o pobre.<br \/>\nFazei que, neste Congresso Eucar\u00edstico Nacional,<br \/>\nao celebrarmos o mist\u00e9rio da Palavra<br \/>\nque se fez Carne e P\u00e3o da vida,<br \/>\nvivamos em v\u00f3s a comunh\u00e3o<br \/>\ne a partilha de nosso p\u00e3o de cada dia,<br \/>\npara que n\u00e3o haja necessitados entre n\u00f3s.<br \/>\nV\u00f3s, cheio de compaix\u00e3o, tomastes o p\u00e3o,<br \/>\ndestes gra\u00e7as e o distribu\u00edstes \u00e0 multid\u00e3o com fome.<br \/>\nE, para permanecer entre n\u00f3s o sacrif\u00edcio da Nova Alian\u00e7a,<br \/>\nna \u00faltima ceia, mandastes que o celebr\u00e1ssemos em mem\u00f3ria de v\u00f3s.<br \/>\nConcedei-nos que, ao participar do banquete<br \/>\ndo vosso Corpo e do vosso Sangue<br \/>\ne adorando vossa presen\u00e7a na Eucaristia,<br \/>\ncontinueis a vossa a\u00e7\u00e3o, em n\u00f3s e atrav\u00e9s de n\u00f3s,<br \/>\npara que haja p\u00e3o em todas as mesas.<br \/>\n\u00c0 luz do Esp\u00edrito Santo, pelo qual realizais hoje<br \/>\no memorial da vossa P\u00e1scoa na Igreja,<br \/>\nfa\u00e7amos a op\u00e7\u00e3o evang\u00e9lica pelos pobres,<br \/>\ncomo consequ\u00eancia da f\u00e9<br \/>\nque age pela caridade,<br \/>\ne saiamos, com a Virgem Maria,<br \/>\nproclamando que Deus saciou de bens os famintos,<br \/>\noferecendo a todos a vossa vida,<br \/>\npelo an\u00fancio alegre do Evangelho.<br \/>\nAm\u00e9m.<\/em><\/p>\n<p><strong>\u00a0<\/strong><\/p>\n","protected":false},"excerpt":{"rendered":"<p>P\u00e3o em todas as mesas \u00a0Inicia-se neste dia 11 de novembro, sexta-feira, em Recife (PE), e vai at\u00e9 a pr\u00f3xima ter\u00e7a-feira, dia 15 de novembro, o 18\u00ba Congresso Eucar\u00edstico Nacional. Trata-se de um momento de toda a Igreja se reunir em torno da mesa da eucaristia para agradecer a Deus por t\u00e3o grande dom. O [&hellip;]<\/p>\n","protected":false},"author":5,"featured_media":55819,"comment_status":"open","ping_status":"closed","sticky":false,"template":"","format":"standard","meta":{"footnotes":""},"categories":[9],"tags":[],"class_list":["post-77238","post","type-post","status-publish","format-standard","has-post-thumbnail","hentry","category-artigos"],"_links":{"self":[{"href":"https:\/\/catolicanet.net\/wp-cnet\/wp-json\/wp\/v2\/posts\/77238","targetHints":{"allow":["GET"]}}],"collection":[{"href":"https:\/\/catolicanet.net\/wp-cnet\/wp-json\/wp\/v2\/posts"}],"about":[{"href":"https:\/\/catolicanet.net\/wp-cnet\/wp-json\/wp\/v2\/types\/post"}],"author":[{"embeddable":true,"href":"https:\/\/catolicanet.net\/wp-cnet\/wp-json\/wp\/v2\/users\/5"}],"replies":[{"embeddable":true,"href":"https:\/\/catolicanet.net\/wp-cnet\/wp-json\/wp\/v2\/comments?post=77238"}],"version-history":[{"count":1,"href":"https:\/\/catolicanet.net\/wp-cnet\/wp-json\/wp\/v2\/posts\/77238\/revisions"}],"predecessor-version":[{"id":77239,"href":"https:\/\/catolicanet.net\/wp-cnet\/wp-json\/wp\/v2\/posts\/77238\/revisions\/77239"}],"wp:featuredmedia":[{"embeddable":true,"href":"https:\/\/catolicanet.net\/wp-cnet\/wp-json\/wp\/v2\/media\/55819"}],"wp:attachment":[{"href":"https:\/\/catolicanet.net\/wp-cnet\/wp-json\/wp\/v2\/media?parent=77238"}],"wp:term":[{"taxonomy":"category","embeddable":true,"href":"https:\/\/catolicanet.net\/wp-cnet\/wp-json\/wp\/v2\/categories?post=77238"},{"taxonomy":"post_tag","embeddable":true,"href":"https:\/\/catolicanet.net\/wp-cnet\/wp-json\/wp\/v2\/tags?post=77238"}],"curies":[{"name":"wp","href":"https:\/\/api.w.org\/{rel}","templated":true}]}}