{"id":77199,"date":"2022-11-14T10:03:00","date_gmt":"2022-11-14T13:03:00","guid":{"rendered":"https:\/\/catolicanet.net\/wp-cnet\/?p=77199"},"modified":"2022-11-14T14:03:57","modified_gmt":"2022-11-14T17:03:57","slug":"cristo-o-rei-que-veio-para-servir","status":"publish","type":"post","link":"https:\/\/catolicanet.net\/wp-cnet\/cristo-o-rei-que-veio-para-servir\/","title":{"rendered":"Cristo, o Rei que veio para servir"},"content":{"rendered":"<h2 class=\"subtitle\" style=\"text-align: justify;\">Seu Reino \u00e9 diferente de tudo o que imaginamos, e n\u00f3s somos chamados a fazer parte dele<\/h2>\n<p style=\"text-align: justify;\">Querido povo de Deus, estamos chegamos ao final do ano lit\u00fargico. Diferentemente do calend\u00e1rio civil, o lit\u00fargico tem seu final com a Solenidade de Cristo Rei. Nos tempos atuais quando n\u00e3o vivemos a monarquia, s\u00f3 sabemos sobre o assunto o que vemos em filmes, com o aprendemos em hist\u00f3ria, ent\u00e3o pode parecer at\u00e9 estranho falar em \u201cCristo Rei\u201d e corremos o risco de cometer um equ\u00edvoco ao compar\u00e1-Lo aos moldes do reino deste mundo.\u00a0 Portanto, ao proclamar Senhor Jesus Cristo, Rei do Universo, precisamos compreender de que reino se trata.<\/p>\n<p style=\"text-align: justify;\">Interessante que quando Jesus admite ser rei, n\u00e3o estava num momento glorioso, num momento de reconhecimento, pelo contr\u00e1rio Ele estava despojado de tudo, estava seminu, ensanguentado, fragilizado, humilhado, j\u00e1 tinha passado a noite apanhando, estava com fome e no momento mais fr\u00e1gil da sua vida. \u00c9 neste contexto, que, frente a um homem desfigurado pela dor, Pilatos pergunta: \u201dTu \u00e9s o Rei dos Judeus? \u201d Precisamente, quando qualquer hip\u00f3tese de um reinado glorioso e triunfalista em Jesus tinha sido apagado Ele admite: \u201cEu Sou Rei\u201d (Jo 18, 33b-37).<\/p>\n<div class=\"wp-block-aleteia-heading3\" style=\"text-align: justify;\">\n<h3>Um Rei que veio para servir<\/h3>\n<\/div>\n<p style=\"text-align: justify;\">Ao proclamarmos Jesus Rei, tenhamos consci\u00eancia que esse Rei perdoou uma pecadora em pra\u00e7a p\u00fablica, ent\u00e3o o seu reinado \u00e9 de perd\u00e3o. Que esse Rei matou a fome de mais de cinco mil pessoas, seu reinado \u00e9 da partilha e da caridade. Sabemos que esse Rei lavou os p\u00e9s dos Ap\u00f3stolos, \u00e9 um Rei que veio para servir. Esse Rei se levantou contra os opressores pedindo justi\u00e7a, respeito, amor, ent\u00e3o \u00e9 um reino que prega a igualdade. Portanto, Ele nos mostra o que falou a Pilatos, que Seu Reino \u00e9 diferente de tudo o que imaginamos e n\u00f3s somos chamados a fazer parte deste Reino. O trono da gra\u00e7a do Rei Jesus \u00e9 a Cruz, a coroa foi de entrega, de espinhos. O cetro de Jesus foi o do pastoreio.<\/p>\n<p style=\"text-align: justify;\">Antigamente, quando se lutava numa guerra preservava-se o rei, porque se no combate ele fosse morto, a guerra estava acabada e perdida. Vejam, Jesus est\u00e1 para ser morto quando Ele diz \u201cEu Sou Rei\u201d, n\u00e3o para acabar a guerra, para aqueles que acreditavam Nele desistissem de lutar, mas porque Ele ressuscitaria e ressuscitado a vit\u00f3ria \u00e9 certa.<\/p>\n<div class=\"wp-block-aleteia-heading3\" style=\"text-align: justify;\">\n<h3>O Rei ressuscitou<\/h3>\n<\/div>\n<p style=\"text-align: justify;\">Ent\u00e3o, mataram sim o Rei, mas o Rei ressuscitou. Quem acreditava nesse Rei n\u00e3o perdeu a batalha, porque o Rei est\u00e1 vivo e a luta continua.\u00a0 Por\u00e9m, n\u00e3o uma luta com armas, n\u00e3o uma luta de favores, n\u00e3o uma luta de quest\u00f5es econ\u00f4micas, meus irm\u00e3os isso \u00e9 do mundo e Jesus, pela sua vida, tentou mostrar de todas as formas, que n\u00f3s devemos combater com as armas do amor e da caridade. Combater pelo servi\u00e7o, acolhendo uns aos outros como irm\u00e3os, lavando os p\u00e9s e perdoando.<\/p>\n<p style=\"text-align: justify;\">Jesus \u00e9 Rei, Vivo Ressuscitado, o Alfa e o \u00d4mega, o princ\u00edpio e o fim de tudo. Deixemos que Ele reine em nossas vidas, em nossos cora\u00e7\u00f5es e sejamos construtores do Seu Reino de amor, paz e justi\u00e7a!<\/p>\n","protected":false},"excerpt":{"rendered":"<p>Seu Reino \u00e9 diferente de tudo o que imaginamos, e n\u00f3s somos chamados a fazer parte dele Querido povo de Deus, estamos chegamos ao final do ano lit\u00fargico. Diferentemente do calend\u00e1rio civil, o lit\u00fargico tem seu final com a Solenidade de Cristo Rei. Nos tempos atuais quando n\u00e3o vivemos a monarquia, s\u00f3 sabemos sobre o [&hellip;]<\/p>\n","protected":false},"author":1,"featured_media":77200,"comment_status":"open","ping_status":"closed","sticky":false,"template":"","format":"standard","meta":{"footnotes":""},"categories":[4],"tags":[],"class_list":["post-77199","post","type-post","status-publish","format-standard","has-post-thumbnail","hentry","category-cotidiano"],"_links":{"self":[{"href":"https:\/\/catolicanet.net\/wp-cnet\/wp-json\/wp\/v2\/posts\/77199","targetHints":{"allow":["GET"]}}],"collection":[{"href":"https:\/\/catolicanet.net\/wp-cnet\/wp-json\/wp\/v2\/posts"}],"about":[{"href":"https:\/\/catolicanet.net\/wp-cnet\/wp-json\/wp\/v2\/types\/post"}],"author":[{"embeddable":true,"href":"https:\/\/catolicanet.net\/wp-cnet\/wp-json\/wp\/v2\/users\/1"}],"replies":[{"embeddable":true,"href":"https:\/\/catolicanet.net\/wp-cnet\/wp-json\/wp\/v2\/comments?post=77199"}],"version-history":[{"count":1,"href":"https:\/\/catolicanet.net\/wp-cnet\/wp-json\/wp\/v2\/posts\/77199\/revisions"}],"predecessor-version":[{"id":77201,"href":"https:\/\/catolicanet.net\/wp-cnet\/wp-json\/wp\/v2\/posts\/77199\/revisions\/77201"}],"wp:featuredmedia":[{"embeddable":true,"href":"https:\/\/catolicanet.net\/wp-cnet\/wp-json\/wp\/v2\/media\/77200"}],"wp:attachment":[{"href":"https:\/\/catolicanet.net\/wp-cnet\/wp-json\/wp\/v2\/media?parent=77199"}],"wp:term":[{"taxonomy":"category","embeddable":true,"href":"https:\/\/catolicanet.net\/wp-cnet\/wp-json\/wp\/v2\/categories?post=77199"},{"taxonomy":"post_tag","embeddable":true,"href":"https:\/\/catolicanet.net\/wp-cnet\/wp-json\/wp\/v2\/tags?post=77199"}],"curies":[{"name":"wp","href":"https:\/\/api.w.org\/{rel}","templated":true}]}}