{"id":77182,"date":"2022-11-14T09:47:50","date_gmt":"2022-11-14T12:47:50","guid":{"rendered":"https:\/\/catolicanet.net\/wp-cnet\/?p=77182"},"modified":"2022-11-14T13:49:00","modified_gmt":"2022-11-14T16:49:00","slug":"xviii-cen-polarizacao-e-a-concretizacao-atual-da-indiferenca-destaca-dom-joel","status":"publish","type":"post","link":"https:\/\/catolicanet.net\/wp-cnet\/xviii-cen-polarizacao-e-a-concretizacao-atual-da-indiferenca-destaca-dom-joel\/","title":{"rendered":"XVIII CEN: \u201cPOLARIZA\u00c7\u00c3O \u00c9 A CONCRETIZA\u00c7\u00c3O ATUAL DA INDIFEREN\u00c7A\u201d, DESTACA DOM JOEL"},"content":{"rendered":"<p style=\"text-align: justify;\">O bispo auxiliar da arquidiocese do Rio de Janeiro (RJ) e secret\u00e1rio-geral da Confer\u00eancia Nacional dos Bispos do Brasil (CNBB), dom Joel Portella Amado, conduziu uma das catequeses p\u00fablicas do XVIII Congresso Eucar\u00edstico Nacional, que ocorre no Recife at\u00e9 ter\u00e7a-feira, 15 de novembro. Dom Joel abordou o tema \u201cEucaristia e unidade em tempos de polariza\u00e7\u00e3o\u201d.<\/p>\n<p style=\"text-align: justify;\">Em entrevista \u00e0 Rede Vida de Televis\u00e3o, dom Joel destacou que \u201ca polariza\u00e7\u00e3o \u00e9 a concretiza\u00e7\u00e3o atual da indiferen\u00e7a\u201d. Citando o tema do Congresso Eucar\u00edstico, ele resumiu a reflex\u00e3o apresentada ao p\u00fablico presente no Centro de Conven\u00e7\u00f5es de Pernambuco: \u201cP\u00e3o em todas as mesas \u00e9 um convite a n\u00e3o ser indiferente ao sofrimento dos outros\u201d.<\/p>\n<p style=\"text-align: justify;\"><img loading=\"lazy\" decoding=\"async\" class=\"aligncenter size-full wp-image-933517\" src=\"https:\/\/eadn-wc02-718006.nxedge.io\/cdn\/wp-content\/uploads\/2022\/11\/CEN-2020-Catequese-dom-Joel.jpg\" sizes=\"auto, (max-width: 960px) 100vw, 960px\" srcset=\"https:\/\/eadn-wc02-718006.nxedge.io\/cdn\/wp-content\/uploads\/2022\/11\/CEN-2020-Catequese-dom-Joel.jpg 960w, https:\/\/eadn-wc02-718006.nxedge.io\/cdn\/wp-content\/uploads\/2022\/11\/CEN-2020-Catequese-dom-Joel-300x200.jpg 300w, https:\/\/eadn-wc02-718006.nxedge.io\/cdn\/wp-content\/uploads\/2022\/11\/CEN-2020-Catequese-dom-Joel-768x512.jpg 768w, https:\/\/eadn-wc02-718006.nxedge.io\/cdn\/wp-content\/uploads\/2022\/11\/CEN-2020-Catequese-dom-Joel-500x333.jpg 500w\" alt=\"\" width=\"960\" height=\"640\" \/><\/p>\n<p style=\"text-align: justify;\">E essa supera\u00e7\u00e3o da indiferen\u00e7a proposta no Congresso Eucar\u00edstico Nacional pode ser luz para as reflex\u00f5es e iniciativas da Campanha da Fraternidade de 2023.<\/p>\n<blockquote><p>\u201c\u2018P\u00e3o em todas as mesas\u2019, como? [A resposta \u00e9 o] lema da Campanha da Fraternidade: \u2018Dai-lhes v\u00f3s mesmos de comer\u2019.\u00a0Cabe \u00e0s comunidades acrescentar aquilo que \u00e9 pr\u00f3prio no seu local, da sua regi\u00e3o. A concretiza\u00e7\u00e3o \u2013 essa tem sido uma orienta\u00e7\u00e3o nos tr\u00eas \u00faltimos anos \u2013 fica por conta de cada comunidade\u201d, disse dom Joel, motivando a mobiliza\u00e7\u00e3o local em vista de a\u00e7\u00f5es da CF 2023.<\/p><\/blockquote>\n<h3 style=\"text-align: justify;\"><img loading=\"lazy\" decoding=\"async\" class=\" wp-image-933514 alignleft\" src=\"https:\/\/eadn-wc02-718006.nxedge.io\/cdn\/wp-content\/uploads\/2022\/11\/CEN-2020-Catequese-dom-Joel-2.jpg\" sizes=\"auto, (max-width: 205px) 100vw, 205px\" srcset=\"https:\/\/eadn-wc02-718006.nxedge.io\/cdn\/wp-content\/uploads\/2022\/11\/CEN-2020-Catequese-dom-Joel-2.jpg 720w, https:\/\/eadn-wc02-718006.nxedge.io\/cdn\/wp-content\/uploads\/2022\/11\/CEN-2020-Catequese-dom-Joel-2-200x300.jpg 200w, https:\/\/eadn-wc02-718006.nxedge.io\/cdn\/wp-content\/uploads\/2022\/11\/CEN-2020-Catequese-dom-Joel-2-683x1024.jpg 683w, https:\/\/eadn-wc02-718006.nxedge.io\/cdn\/wp-content\/uploads\/2022\/11\/CEN-2020-Catequese-dom-Joel-2-500x750.jpg 500w\" alt=\"\" width=\"205\" height=\"308\" \/>Gesto Concreto<\/h3>\n<p style=\"text-align: justify;\">O XVIII Congresso Eucar\u00edstico Nacional\u00a0 ter\u00e1 como legado a inaugura\u00e7\u00e3o da Casa do P\u00e3o, que funcionar\u00e1 na antiga Casa de Miseric\u00f3rdia, localizada no centro da capital pernambucana. Ali ser\u00e3o ofertados servi\u00e7os como\u00a0lavanderia, enfermaria, capela; al\u00e9m de atividades como padaria, atendimentos jur\u00eddico, m\u00e9dico, psicol\u00f3gico, grupos de apoio e oficinas profissionalizantes.<\/p>\n<p style=\"text-align: justify;\">\u201cCasa do p\u00e3o \u00e9 um gesto concreto do Congresso Eucar\u00edstico que deve iluminar o agir da Campanha da Fraternidade do ano que vem com muitas outras iniciativas que podem ser semelhantes ou n\u00e3o, desde que voltadas para o tema da fome\u201d, comentou dom Joel.<\/p>\n<p style=\"text-align: justify;\">\u201c\u00c9, sem d\u00favida, um grande legado, como foi, por exemplo, no Congresso Eucar\u00edstico do Rio de Janeiro, que dom Helder dizia, eu n\u00e3o fa\u00e7o um monumento de cimento, a\u00ed ele criou o Banco da Provid\u00eancia, a Feira da Provid\u00eancia. Aqui tamb\u00e9m v\u00e3o ficar muitas lembran\u00e7as, mas vai ficar uma grande obra de solidariedade\u201d, disse.<\/p>\n<p style=\"text-align: justify;\">\n<pre>Entrevista: Andr\u00e9a Bonatelli\/Rede Vida\r\nFotos: Osmar\/Comunica\u00e7\u00e3o 18\u00ba CEN<\/pre>\n","protected":false},"excerpt":{"rendered":"<p>O bispo auxiliar da arquidiocese do Rio de Janeiro (RJ) e secret\u00e1rio-geral da Confer\u00eancia Nacional dos Bispos do Brasil (CNBB), dom Joel Portella Amado, conduziu uma das catequeses p\u00fablicas do XVIII Congresso Eucar\u00edstico Nacional, que ocorre no Recife at\u00e9 ter\u00e7a-feira, 15 de novembro. Dom Joel abordou o tema \u201cEucaristia e unidade em tempos de polariza\u00e7\u00e3o\u201d. [&hellip;]<\/p>\n","protected":false},"author":1,"featured_media":77183,"comment_status":"open","ping_status":"closed","sticky":false,"template":"","format":"standard","meta":{"footnotes":""},"categories":[7],"tags":[],"class_list":["post-77182","post","type-post","status-publish","format-standard","has-post-thumbnail","hentry","category-cnbb"],"_links":{"self":[{"href":"https:\/\/catolicanet.net\/wp-cnet\/wp-json\/wp\/v2\/posts\/77182","targetHints":{"allow":["GET"]}}],"collection":[{"href":"https:\/\/catolicanet.net\/wp-cnet\/wp-json\/wp\/v2\/posts"}],"about":[{"href":"https:\/\/catolicanet.net\/wp-cnet\/wp-json\/wp\/v2\/types\/post"}],"author":[{"embeddable":true,"href":"https:\/\/catolicanet.net\/wp-cnet\/wp-json\/wp\/v2\/users\/1"}],"replies":[{"embeddable":true,"href":"https:\/\/catolicanet.net\/wp-cnet\/wp-json\/wp\/v2\/comments?post=77182"}],"version-history":[{"count":1,"href":"https:\/\/catolicanet.net\/wp-cnet\/wp-json\/wp\/v2\/posts\/77182\/revisions"}],"predecessor-version":[{"id":77184,"href":"https:\/\/catolicanet.net\/wp-cnet\/wp-json\/wp\/v2\/posts\/77182\/revisions\/77184"}],"wp:featuredmedia":[{"embeddable":true,"href":"https:\/\/catolicanet.net\/wp-cnet\/wp-json\/wp\/v2\/media\/77183"}],"wp:attachment":[{"href":"https:\/\/catolicanet.net\/wp-cnet\/wp-json\/wp\/v2\/media?parent=77182"}],"wp:term":[{"taxonomy":"category","embeddable":true,"href":"https:\/\/catolicanet.net\/wp-cnet\/wp-json\/wp\/v2\/categories?post=77182"},{"taxonomy":"post_tag","embeddable":true,"href":"https:\/\/catolicanet.net\/wp-cnet\/wp-json\/wp\/v2\/tags?post=77182"}],"curies":[{"name":"wp","href":"https:\/\/api.w.org\/{rel}","templated":true}]}}