{"id":77156,"date":"2022-11-09T09:35:56","date_gmt":"2022-11-09T12:35:56","guid":{"rendered":"https:\/\/catolicanet.net\/wp-cnet\/?p=77156"},"modified":"2022-11-09T16:39:40","modified_gmt":"2022-11-09T19:39:40","slug":"caminho-do-dialogo-fraterno-papa-recorda-congresso-eucaristico-em-recife","status":"publish","type":"post","link":"https:\/\/catolicanet.net\/wp-cnet\/caminho-do-dialogo-fraterno-papa-recorda-congresso-eucaristico-em-recife\/","title":{"rendered":"Caminho do di\u00e1logo fraterno: Papa recorda Congresso Eucar\u00edstico em Recife"},"content":{"rendered":"<p style=\"text-align: justify;\">Papa Francisco no papam\u00f3vel passa entre os fi\u00e9is na Pra\u00e7a S\u00e3o Pedro<\/p>\n<div class=\"article__subTitle\" style=\"text-align: justify;\">O tema desta edi\u00e7\u00e3o \u00e9 \u201cP\u00e3o em todas as mesas\u201d e o lema \u201cRepartiam o p\u00e3o com alegria e n\u00e3o havia necessitados entre eles\u201d (At 2,46).<\/div>\n<div class=\"title__separator\" style=\"text-align: justify;\"><\/div>\n<div class=\"article__text \">\n<p style=\"text-align: justify;\"><b>Vatican News<\/b><\/p>\n<div style=\"text-align: justify;\">\n<div class=\"article__embed article__embed--border embed_style\">\n<blockquote><p>\u201cDirijo uma cordial sauda\u00e7\u00e3o aos peregrinos de l\u00edngua portuguesa! Depois de amanh\u00e3 come\u00e7a em Recife, no Brasil, o d\u00e9cimo-oitavo Congresso Eucar\u00edstico Nacional. Fa\u00e7o votos de que este encontro com Jesus Eucar\u00edstico reforce nos fi\u00e9is o desejo de prosseguir no caminho do di\u00e1logo fraterno com todos. Que Deus vos aben\u00e7oe e vos proteja de todo mal!\u201d<\/p><\/blockquote>\n<\/div>\n<\/div>\n<p style=\"text-align: justify;\">Ao saudar os peregrinos de l\u00edngua portuguesa presentes na Pra\u00e7a S\u00e3o Pedro para a Audi\u00eancia Geral desta quarta-feira, o Papa Francisco fez votos de que o XVIII Congresso Eucar\u00edstico Nacional, a ser realizado de 11 a 15 de novembro em Recife, fortale\u00e7a nos fi\u00e9is &#8220;o desejo de prosseguir no caminho do di\u00e1logo fraterno com todos&#8221;.<\/p>\n<p style=\"text-align: justify;\">N\u00e3o podendo participar pessoalmente do encontro, o Santo Padre nomeou como seu Enviado Especial em 10 de setembro o bispo em\u00e9rito de Leiria-F\u00e1tima, cardeal Ant\u00f3nio Augusto Dos Santos Marto. A Miss\u00e3o \u00e9 composta pelo Rev.do padre Augusto C\u00e9sar Figueir\u00f4a, Reitor do Orat\u00f3rio de Santa Teresinha, Vice-Reitor da C\u00faria e Mestre de Cerim\u00f4nias e pelo Rev.do Frei Jos\u00e9 Leandro Alencar, O.C., p\u00e1roco da Par\u00f3quia Nossa Senhora da Piedade. O tema desta edi\u00e7\u00e3o \u00e9 \u201cP\u00e3o em todas as mesas\u201d\u00a0e o lema\u00a0\u201cRepartiam o p\u00e3o com alegria e n\u00e3o havia necessitados entre eles\u201d (At 2,46).<\/p>\n<h2 style=\"text-align: justify;\">Carta ao Enviado Especial<\/h2>\n<p style=\"text-align: justify;\">Nesta quarta-feira, 9, tamb\u00e9m foi publicada em latim a Carta do Santo Padre ao cardeal Ant\u00f3nio Augusto dos Santos Marto:<\/p>\n<p style=\"text-align: justify;\"><i>Venerabili Fratri Nostro<br \/>\n<\/i><\/p>\n<p style=\"text-align: justify;\"><i>ANTONIO AUGUSTO S.R.E. Card. DOS SANTOS MARTO<\/i><\/p>\n<p style=\"text-align: justify;\"><i>Episcopo emerito Leiriensi \u2013 Fatimensi<\/i><\/p>\n<p style=\"text-align: justify;\"><i>Cum exsultatione et simplicitate cordis in fractione panis communicemus et orationibus (cfr Act 2, 46), in doctrina Apostolorum perseverantes, ut, quo venerabili mysterio enutriti, humanum genus, quod continet orbis unus, una fides illuminet et caritas coniungat una (cfr Missale Romanum, praefatio II de SS.ma Eucharistia), et, qui Christi humanam redemptionem in sacramentorum signis annuntiamus fidenter, eiusdem salutis experiri valeamus augmentum.<br \/>\n<\/i><\/p>\n<p style=\"text-align: justify;\"><i>Quo in Deo sustentati redemptionis pignore, in universae Ecclesiae necessitatum studium incumbentes, valde laetamur de XVIII Congressu Eucharistico Nationali a die XI ad diem XV mensis Novembris in Brasilia celebrando, postquam in biennium angustiarum publicae salutis causa delatus est. Tantam proinde recolentes occasionem, Venerabilis Fratris Antonii Ferdinandi Saburido, O.S.B., Archiepiscopi Metropolitae Olindensis et Recifensis, humanissimae petitioni libenter concedere volumus, qui enixe postulavit, ut haec adunatio perfrui possit praesentia ac verbo alicuius Eminentissimi Viri, qui Nostras vices ibi gerat Nostramque erga conventam communitatem manifestet dilectionem.<\/i><\/p>\n<p style=\"text-align: justify;\"><i>Ad Te ergo, Venerabilis Frater Noster, mentem Nostram convertimus, qui historicas necessitudines tempore primae evangelizationis Brasiliae et adiuncta culturalia et socialia admodum comperis, ut hodie peraptus videaris, qui, Nostras vices ibi gerens, erga dilectissimum istum concursum proximitatem Nostram manifestes, praesentia ac verbo Tuo hunc Coetum exornans. Te, proinde, ad hanc<\/i><\/p>\n<p style=\"text-align: justify;\"><i>legationem obeundam elegimus et, hisce Litteris, MISSUM EXTRAORDINARIUM Nostrum nominamus ad XVIII Congressum Eucharisticum Nationalem Brasiliae, qui inter dies XI et XV mensis Novembris proxime venturi in civitatibus Olindensi et Recifensi celebrabitur.<\/i><\/p>\n<p style=\"text-align: justify;\"><i>Libenter Tibi potestatem facimus, dum insigni eidem occasioni intereris, illum Coetum, publicas auctoritates atque universos christifideles Nostro nomine salutandi ac benedicendi, quos cohorteris, ut, beata Virgine Maria pacis Principis Matre spiritum caritatis et donum unitatis dispensante, omnes ad Christum pervenire valeamus et, eiusdem consummantes praecepta, qui unanimiter frangimus panem et sumimus cibum, simus etiam pariter, dividentes prout unicuique opus est (cfr Act 2, 45-46). Simul, insuper, gravissimum Nostrum ministerium Petrinum precibus committimus universo Coetui ibi congregato.<\/i><\/p>\n<p style=\"text-align: justify;\"><i>Dum Tibi, Venerabilis Frater Noster, Benedictionem impertimur omnibus, qui celebrationi aderunt, transmittendam, legationem Tuam ardentibus precibus comitamur, a Deo misericordiae suppliciter obsecrantes, ut de huius Conventus navitate multiplices fructus carpant fideles.<\/i><\/p>\n<p style=\"text-align: justify;\"><i>Datum Romae, Laterani, die VII mensis Novembris, anno Domini MMXXII, Pontificatus Nostri decimo.<br \/>\n<\/i><\/p>\n<p style=\"text-align: justify;\"><i>FRANCISCUS<\/i><\/p>\n<h2 style=\"text-align: justify;\">Inscri\u00e7\u00f5es<\/h2>\n<p style=\"text-align: justify;\">Os interessados em participar poder\u00e3o realizar um cadastro gratuito que dever\u00e1 ser feito pelo endere\u00e7o eletr\u00f4nico:\u00a0<a href=\"http:\/\/cen2020.com.br\/inscricoes\" target=\"_blank\" rel=\"external nofollow noopener\">cen2020.com.br\/inscricoes<\/a>. Ao acessar a p\u00e1gina, o participante precisa antes escolher entre as abas \u201cP\u00fablico em Geral\u201d ou \u201cBispos, Padres e Di\u00e1conos\u201d e preencher o formul\u00e1rio com dados pessoais, tais como nome completo, e-mail e a qual diocese ou arquidiocese pertence.<\/p>\n<p style=\"text-align: justify;\">No caso do clero, al\u00e9m de participar das atividades abertas do CEN, os inscritos poder\u00e3o concelebrar nas missas de abertura e encerramento, desde que tamb\u00e9m apresentem o documento de identifica\u00e7\u00e3o emitido pela CNBB ou diocese.<\/p>\n<p style=\"text-align: justify;\">Voluntariado \u2013\u00a0Leigos e leigas residentes no territ\u00f3rio da Arquidiocese de Olinda e Recife n\u00e3o s\u00f3 podem participar do CEN, como s\u00e3o convidados a servir no evento como volunt\u00e1rios.<\/p>\n<h2 style=\"text-align: justify;\">Simp\u00f3sio Teol\u00f3gico<\/h2>\n<p style=\"text-align: justify;\">O CEN re\u00fane milhares de pessoas para professar e dar testemunho p\u00fablico da f\u00e9 no mist\u00e9rio eucar\u00edstico. O encontro tamb\u00e9m \u00e9 uma oportunidade para aprofundar a Teologia da Eucaristia.<\/p>\n<p style=\"text-align: justify;\">Nessa perspectiva, dentro da programa\u00e7\u00e3o do Congresso est\u00e1 prevista a realiza\u00e7\u00e3o do Simp\u00f3sio Teol\u00f3gico, de 12 a 14 de novembro, no Centro de Conven\u00e7\u00f5es de Pernambuco, em Olinda. A programa\u00e7\u00e3o contar\u00e1 com confer\u00eancias e oficinas que ser\u00e3o desenvolvidas a partir do Texto-base.<\/p>\n<p style=\"text-align: justify;\">O subs\u00eddio \u00e9 uma das ferramentas de prepara\u00e7\u00e3o para o CEN, que nesta edi\u00e7\u00e3o tem como tema\u00a0\u201cP\u00e3o em todas as mesas\u201d\u00a0e lema\u00a0\u201cRepartiam o p\u00e3o com alegria e n\u00e3o havia necessitados entre eles\u201d (At 2,46).<\/p>\n<p style=\"text-align: justify;\">Para participar do Simp\u00f3sio Teol\u00f3gico, os interessados devem preencher o formul\u00e1rio eletr\u00f4nico espec\u00edfico\u00a0<a href=\"https:\/\/cen2020.com.br\/simposio-teologico\/\" target=\"_blank\" rel=\"external nofollow noopener\">neste link<\/a>. Para essa atividade, \u00e9 cobrada uma taxa de R$108, que pode ser paga com cart\u00f5es de cr\u00e9dito e d\u00e9bito ou boleto banc\u00e1rio. Os inscritos ter\u00e3o direito a certificado.<\/p>\n<p style=\"text-align: justify;\">De acordo com a Comiss\u00e3o Central do Congresso, a partir do quantitativo de inscri\u00e7\u00f5es ser\u00e1 poss\u00edvel preparar melhor o evento e garantir uma acolhida adequada a todos. Por isso, \u00e9 importante que os interessados garantam as vagas o mais r\u00e1pido poss\u00edvel.<\/p>\n<p style=\"text-align: justify;\"><i>*Com informa\u00e7\u00f5es da CNBB<\/i><\/p>\n<\/div>\n","protected":false},"excerpt":{"rendered":"<p>Papa Francisco no papam\u00f3vel passa entre os fi\u00e9is na Pra\u00e7a S\u00e3o Pedro O tema desta edi\u00e7\u00e3o \u00e9 \u201cP\u00e3o em todas as mesas\u201d e o lema \u201cRepartiam o p\u00e3o com alegria e n\u00e3o havia necessitados entre eles\u201d (At 2,46). Vatican News \u201cDirijo uma cordial sauda\u00e7\u00e3o aos peregrinos de l\u00edngua portuguesa! Depois de amanh\u00e3 come\u00e7a em Recife, [&hellip;]<\/p>\n","protected":false},"author":1,"featured_media":77157,"comment_status":"open","ping_status":"closed","sticky":false,"template":"","format":"standard","meta":{"footnotes":""},"categories":[3],"tags":[],"class_list":["post-77156","post","type-post","status-publish","format-standard","has-post-thumbnail","hentry","category-vaticano"],"_links":{"self":[{"href":"https:\/\/catolicanet.net\/wp-cnet\/wp-json\/wp\/v2\/posts\/77156","targetHints":{"allow":["GET"]}}],"collection":[{"href":"https:\/\/catolicanet.net\/wp-cnet\/wp-json\/wp\/v2\/posts"}],"about":[{"href":"https:\/\/catolicanet.net\/wp-cnet\/wp-json\/wp\/v2\/types\/post"}],"author":[{"embeddable":true,"href":"https:\/\/catolicanet.net\/wp-cnet\/wp-json\/wp\/v2\/users\/1"}],"replies":[{"embeddable":true,"href":"https:\/\/catolicanet.net\/wp-cnet\/wp-json\/wp\/v2\/comments?post=77156"}],"version-history":[{"count":1,"href":"https:\/\/catolicanet.net\/wp-cnet\/wp-json\/wp\/v2\/posts\/77156\/revisions"}],"predecessor-version":[{"id":77158,"href":"https:\/\/catolicanet.net\/wp-cnet\/wp-json\/wp\/v2\/posts\/77156\/revisions\/77158"}],"wp:featuredmedia":[{"embeddable":true,"href":"https:\/\/catolicanet.net\/wp-cnet\/wp-json\/wp\/v2\/media\/77157"}],"wp:attachment":[{"href":"https:\/\/catolicanet.net\/wp-cnet\/wp-json\/wp\/v2\/media?parent=77156"}],"wp:term":[{"taxonomy":"category","embeddable":true,"href":"https:\/\/catolicanet.net\/wp-cnet\/wp-json\/wp\/v2\/categories?post=77156"},{"taxonomy":"post_tag","embeddable":true,"href":"https:\/\/catolicanet.net\/wp-cnet\/wp-json\/wp\/v2\/tags?post=77156"}],"curies":[{"name":"wp","href":"https:\/\/api.w.org\/{rel}","templated":true}]}}