{"id":77065,"date":"2022-11-07T10:08:29","date_gmt":"2022-11-07T13:08:29","guid":{"rendered":"https:\/\/catolicanet.net\/wp-cnet\/?p=77065"},"modified":"2022-11-07T15:09:33","modified_gmt":"2022-11-07T18:09:33","slug":"o-papa-francisco-com-sua-beatitudine-sviatoslav-shevchuk-arcebispo-mor-de-kiev-halic","status":"publish","type":"post","link":"https:\/\/catolicanet.net\/wp-cnet\/o-papa-francisco-com-sua-beatitudine-sviatoslav-shevchuk-arcebispo-mor-de-kiev-halic\/","title":{"rendered":"O Papa Francisco com Sua Beatitudine Sviatoslav Shevchuk, arcebispo-mor de Kiev-Halic"},"content":{"rendered":"<div class=\"article__subTitle\" style=\"text-align: justify;\">Francisco recebeu em audi\u00eancia o arcebispo da Igreja greco-cat\u00f3lica ucraniana, que n\u00e3o deixou o seu pa\u00eds desde a invas\u00e3o russa. &#8220;Disse ao Santo Padre que a Igreja permaneceu perto do povo, que cada catedral e cada uma das nossas estruturas se tornou um ref\u00fagio.&#8221;<\/div>\n<div class=\"title__separator\" style=\"text-align: justify;\"><\/div>\n<div class=\"article__text \" style=\"text-align: justify;\">\n<p><b>Alessandro De Carolis \u2013 Vatican News<\/b><\/p>\n<p>Povo ucraniano martirizado. Ele se lembra assim, quase sempre com essas palavras, quase como uma jaculat\u00f3ria. No final do Angelus, no final da audi\u00eancia geral e em todas as circunst\u00e2ncias poss\u00edveis, incluindo uma viagem apost\u00f3lica, o Papa lembra ao mundo a trag\u00e9dia que desde 24 de fevereiro transformou um peda\u00e7o da Europa num campo de batalha. Na manh\u00e3 desta segunda-feira (07\/11), o arcebispo greco-cat\u00f3lico de Kiev, Sua Beatitude Sviatoslav Shevchuk, atravessou as fronteiras que ele n\u00e3o superava desde que o Ex\u00e9rcito russo invadiu seu pa\u00eds, para levar os sentimentos da Ucr\u00e2nia diretamente ao Papa.<\/p>\n<div>\n<div class=\"article__embed article__embed--unwrap article__embed--dark\">\n<div class=\"article__innerTitle\">Ou\u00e7a e compartilhe<\/div>\n<div>\n<audio class=\"wp-audio-shortcode\" id=\"audio-77065-1\" preload=\"none\" style=\"width: 100%;\" controls=\"controls\"><source type=\"audio\/mpeg\" src=\"https:\/\/media.vaticannews.va\/media\/audio\/s1\/2022\/11\/07\/16\/136782834_F136782834.mp3?_=1\" \/><a href=\"https:\/\/media.vaticannews.va\/media\/audio\/s1\/2022\/11\/07\/16\/136782834_F136782834.mp3\">https:\/\/media.vaticannews.va\/media\/audio\/s1\/2022\/11\/07\/16\/136782834_F136782834.mp3<\/a><\/audio>\n<\/div>\n<\/div>\n<\/div>\n<h2>O agradecimento de um povo \u00e0 paternidade do Papa<\/h2>\n<p>O encontro teve lugar na biblioteca privada do Pal\u00e1cio Apost\u00f3lico e, posteriormente, numa nota-testemunho semelhante \u00e0s que durante mais de oito meses todos os dias envia ao mundo, o arcebispo-mor de Kiev informou sobre a audi\u00eancia, reiterando que agradeceu ao Papa por tudo o que foi feito para deter a guerra e mediar a paz, libertar os ref\u00e9ns e prisioneiros, e por ter recebido a garantia de que o Papa n\u00e3o deixa de estar ao lado do povo ucraniano em ora\u00e7\u00e3o e a\u00e7\u00e3o.<\/p>\n<h2>O presente, um peda\u00e7o de mina<\/h2>\n<p>Sua Beatitude Shevchuk trouxe a Francisco o fragmento de uma mina russa que em mar\u00e7o passado destruiu a fachada da igreja greco-cat\u00f3lica ucraniana na cidade de Irpin&#8217;. Um peda\u00e7o de mina que s\u00e3o &#8220;extra\u00eddas dos corpos de soldados, crian\u00e7as e civis ucranianos, um sinal vis\u00edvel da destrui\u00e7\u00e3o e da morte que a guerra causa todos os dias.&#8221;<\/p>\n<p>&#8220;O Papa assegurou o compromisso da Santa S\u00e9 pela paz e encorajou a Igreja do pa\u00eds do Leste Europeu a estar pr\u00f3xima da popula\u00e7\u00e3o&#8221;, l\u00ea-se na nota divulgada pelo Secretariado do arcebispo-mor de Roma. Um compromisso que o prelado ucraniano destacou com grande intensidade, contando a Francisco o que viu ao visitar os territ\u00f3rios mais afetados pela guerra. &#8220;Contei ao Papa sobre o servi\u00e7o dos nossos bispos, sacerdotes, monges e monjas nos territ\u00f3rios atualmente ocupados (&#8230;). Expliquei que cada catedral, igreja e mosteiro tornou-se centro de ref\u00fagio, acolhimento e servi\u00e7o humanit\u00e1rio&#8221;, l\u00ea-se na nota. Um trabalho estruturado num plano pastoral para 2023, tamb\u00e9m apresentado ao Papa que contempla o servi\u00e7o aos fr\u00e1geis e deslocados.<\/p>\n<\/div>\n<div id=\"banner-donazioni\" class=\"article_banner\" style=\"text-align: justify;\"><\/div>\n","protected":false},"excerpt":{"rendered":"<p>Francisco recebeu em audi\u00eancia o arcebispo da Igreja greco-cat\u00f3lica ucraniana, que n\u00e3o deixou o seu pa\u00eds desde a invas\u00e3o russa. &#8220;Disse ao Santo Padre que a Igreja permaneceu perto do povo, que cada catedral e cada uma das nossas estruturas se tornou um ref\u00fagio.&#8221; Alessandro De Carolis \u2013 Vatican News Povo ucraniano martirizado. Ele se [&hellip;]<\/p>\n","protected":false},"author":1,"featured_media":77066,"comment_status":"open","ping_status":"closed","sticky":false,"template":"","format":"standard","meta":{"footnotes":""},"categories":[3],"tags":[],"class_list":["post-77065","post","type-post","status-publish","format-standard","has-post-thumbnail","hentry","category-vaticano"],"_links":{"self":[{"href":"https:\/\/catolicanet.net\/wp-cnet\/wp-json\/wp\/v2\/posts\/77065","targetHints":{"allow":["GET"]}}],"collection":[{"href":"https:\/\/catolicanet.net\/wp-cnet\/wp-json\/wp\/v2\/posts"}],"about":[{"href":"https:\/\/catolicanet.net\/wp-cnet\/wp-json\/wp\/v2\/types\/post"}],"author":[{"embeddable":true,"href":"https:\/\/catolicanet.net\/wp-cnet\/wp-json\/wp\/v2\/users\/1"}],"replies":[{"embeddable":true,"href":"https:\/\/catolicanet.net\/wp-cnet\/wp-json\/wp\/v2\/comments?post=77065"}],"version-history":[{"count":1,"href":"https:\/\/catolicanet.net\/wp-cnet\/wp-json\/wp\/v2\/posts\/77065\/revisions"}],"predecessor-version":[{"id":77067,"href":"https:\/\/catolicanet.net\/wp-cnet\/wp-json\/wp\/v2\/posts\/77065\/revisions\/77067"}],"wp:featuredmedia":[{"embeddable":true,"href":"https:\/\/catolicanet.net\/wp-cnet\/wp-json\/wp\/v2\/media\/77066"}],"wp:attachment":[{"href":"https:\/\/catolicanet.net\/wp-cnet\/wp-json\/wp\/v2\/media?parent=77065"}],"wp:term":[{"taxonomy":"category","embeddable":true,"href":"https:\/\/catolicanet.net\/wp-cnet\/wp-json\/wp\/v2\/categories?post=77065"},{"taxonomy":"post_tag","embeddable":true,"href":"https:\/\/catolicanet.net\/wp-cnet\/wp-json\/wp\/v2\/tags?post=77065"}],"curies":[{"name":"wp","href":"https:\/\/api.w.org\/{rel}","templated":true}]}}