{"id":77053,"date":"2022-11-04T10:25:29","date_gmt":"2022-11-04T13:25:29","guid":{"rendered":"https:\/\/catolicanet.net\/wp-cnet\/?p=77053"},"modified":"2022-11-04T18:26:17","modified_gmt":"2022-11-04T21:26:17","slug":"como-sera-a-decoracao-de-natal-do-vaticano-este-ano","status":"publish","type":"post","link":"https:\/\/catolicanet.net\/wp-cnet\/como-sera-a-decoracao-de-natal-do-vaticano-este-ano\/","title":{"rendered":"Como ser\u00e1 a decora\u00e7\u00e3o de Natal do Vaticano este ano"},"content":{"rendered":"<h2 class=\"subtitle\" style=\"text-align: justify;\">Como sempre acontece, a decora\u00e7\u00e3o leva em conta a preserva\u00e7\u00e3o do meio ambiente<\/h2>\n<p style=\"text-align: justify;\">AFesta do Nascimento de Jesus est\u00e1 se aproximando e muitos fi\u00e9is j\u00e1 est\u00e3o na expectativa acerca da decora\u00e7\u00e3o de Natal do Vaticano, que costuma ser uma das mais bonitas e significativas para os cat\u00f3licos.<\/p>\n<p style=\"text-align: justify;\">Este ano, segundo o\u00a0<em><a href=\"https:\/\/www.vaticannews.va\/pt\/vaticano\/news\/2022-10\/natal-vaticano-presepio-friuli-arvore.html\" target=\"_blank\" rel=\"noopener\">Vatican News<\/a><\/em>, o pres\u00e9pio da Pra\u00e7a de S\u00e3o Pedro ser\u00e1 feito inteiramente de madeira. A representa\u00e7\u00e3o do nascimento de Jesus vir\u00e1 de Sutrio, na prov\u00edncia de Udine, um dos \u201cborgos\u201d de Carnia, Friuli Venezia-Giulia.<\/p>\n<p style=\"text-align: justify;\">De acordo como site do Vaticano, \u201ca madeira utilizada prov\u00e9m do corte planejado por viveiristas que cuidam de jardins p\u00fablicos ou privados, onde foram plantadas \u00e1rvores de cedro h\u00e1 mais de cem anos, de modo que nenhuma \u00e1rvore foi cortada para fazer o pres\u00e9pio.\u201d<\/p>\n<p style=\"text-align: justify;\">A representa\u00e7\u00e3o contar\u00e1 com os personagens b\u00edblicos em tamanho natural.<\/p>\n<div class=\"wp-block-aleteia-heading3\" style=\"text-align: justify;\">\n<h3>A \u00e1rvore de Natal<\/h3>\n<\/div>\n<p style=\"text-align: justify;\">J\u00e1 o tradicional abeto da pra\u00e7a ter\u00e1 30 metros de altura e ser\u00e1 uma doa\u00e7\u00e3o dos moradores de um vilarejo nas montanhas de Abruzzo, que tem apenas 182 habitantes. As decora\u00e7\u00f5es da \u00e1rvore foram feitas por jovens em reabilita\u00e7\u00e3o psiqui\u00e1trica.<\/p>\n<p style=\"text-align: justify;\">Al\u00e9m disso, um pres\u00e9pio oferecido pelo governo guatemalteco tamb\u00e9m ter\u00e1 lugar na Sala Paulo VI, onde o Papa Francisco costuma fazer as Audi\u00eancias Gerais em dias de chuva ou muito frio. Essa representa\u00e7\u00e3o da Natividade ter\u00e1 a Sagrada Fam\u00edlia e tr\u00eas anjos. Os artes\u00e3os locais esculpiram as pe\u00e7as em madeira.<\/p>\n<div class=\"wp-block-aleteia-heading3\" style=\"text-align: justify;\">\n<h3>Inaugura\u00e7\u00e3o<\/h3>\n<\/div>\n<p style=\"text-align: justify;\">A inaugura\u00e7\u00e3o da decora\u00e7\u00e3o de Natal do Vaticano acontecer\u00e1 no dia 3 de dezembro, \u00e0s 17h (hor\u00e1rio local). Os pres\u00e9pios e a \u00e1rvore ficar\u00e3o expostos at\u00e9 o dia 8 de janeiro de 2023 \u2013 Festa do Batismo do Senhor.<\/p>\n<div id=\"article-desk-content-p6-ad_2022_11_04_como-sera-a-decoracao-de-natal-do-vaticano-este-ano\" class=\"css-cfwtta\" style=\"text-align: justify;\" data-google-query-id=\"CI6doqu7lfsCFXM1uQYdmK8Edg\">\n<div id=\"google_ads_iframe_64500793\/PT_DESK_ARTICLE_WELCOME_1X1_1__container__\"><\/div>\n<\/div>\n<p style=\"text-align: justify;\"><em>Com informa\u00e7\u00f5es de Vatican News<\/em><\/p>\n","protected":false},"excerpt":{"rendered":"<p>Como sempre acontece, a decora\u00e7\u00e3o leva em conta a preserva\u00e7\u00e3o do meio ambiente AFesta do Nascimento de Jesus est\u00e1 se aproximando e muitos fi\u00e9is j\u00e1 est\u00e3o na expectativa acerca da decora\u00e7\u00e3o de Natal do Vaticano, que costuma ser uma das mais bonitas e significativas para os cat\u00f3licos. Este ano, segundo o\u00a0Vatican News, o pres\u00e9pio da [&hellip;]<\/p>\n","protected":false},"author":1,"featured_media":77054,"comment_status":"open","ping_status":"closed","sticky":false,"template":"","format":"standard","meta":{"footnotes":""},"categories":[4],"tags":[],"class_list":["post-77053","post","type-post","status-publish","format-standard","has-post-thumbnail","hentry","category-cotidiano"],"_links":{"self":[{"href":"https:\/\/catolicanet.net\/wp-cnet\/wp-json\/wp\/v2\/posts\/77053","targetHints":{"allow":["GET"]}}],"collection":[{"href":"https:\/\/catolicanet.net\/wp-cnet\/wp-json\/wp\/v2\/posts"}],"about":[{"href":"https:\/\/catolicanet.net\/wp-cnet\/wp-json\/wp\/v2\/types\/post"}],"author":[{"embeddable":true,"href":"https:\/\/catolicanet.net\/wp-cnet\/wp-json\/wp\/v2\/users\/1"}],"replies":[{"embeddable":true,"href":"https:\/\/catolicanet.net\/wp-cnet\/wp-json\/wp\/v2\/comments?post=77053"}],"version-history":[{"count":1,"href":"https:\/\/catolicanet.net\/wp-cnet\/wp-json\/wp\/v2\/posts\/77053\/revisions"}],"predecessor-version":[{"id":77055,"href":"https:\/\/catolicanet.net\/wp-cnet\/wp-json\/wp\/v2\/posts\/77053\/revisions\/77055"}],"wp:featuredmedia":[{"embeddable":true,"href":"https:\/\/catolicanet.net\/wp-cnet\/wp-json\/wp\/v2\/media\/77054"}],"wp:attachment":[{"href":"https:\/\/catolicanet.net\/wp-cnet\/wp-json\/wp\/v2\/media?parent=77053"}],"wp:term":[{"taxonomy":"category","embeddable":true,"href":"https:\/\/catolicanet.net\/wp-cnet\/wp-json\/wp\/v2\/categories?post=77053"},{"taxonomy":"post_tag","embeddable":true,"href":"https:\/\/catolicanet.net\/wp-cnet\/wp-json\/wp\/v2\/tags?post=77053"}],"curies":[{"name":"wp","href":"https:\/\/api.w.org\/{rel}","templated":true}]}}