{"id":77033,"date":"2022-11-04T10:15:24","date_gmt":"2022-11-04T13:15:24","guid":{"rendered":"https:\/\/catolicanet.net\/wp-cnet\/?p=77033"},"modified":"2022-11-04T18:16:30","modified_gmt":"2022-11-04T21:16:30","slug":"ano-vocacional-2023-conheca-o-site-as-redes-sociais-e-os-subsidios-preparatorios","status":"publish","type":"post","link":"https:\/\/catolicanet.net\/wp-cnet\/ano-vocacional-2023-conheca-o-site-as-redes-sociais-e-os-subsidios-preparatorios\/","title":{"rendered":"ANO VOCACIONAL 2023: CONHE\u00c7A O SITE, AS REDES SOCIAIS E OS SUBS\u00cdDIOS PREPARAT\u00d3RIOS"},"content":{"rendered":"<blockquote>\n<h3 style=\"text-align: justify;\">\u201cDesejamos que o Ano Vocacional ajude cada pessoa a acolher o chamado de Jesus como gra\u00e7a e seja uma oportunidade para que mais e mais cora\u00e7\u00f5es ardam e que os p\u00e9s se ponham a caminho em sa\u00edda mission\u00e1ria\u201d, exortou dom Jo\u00e3o Francisco Salm<\/h3>\n<\/blockquote>\n<p style=\"text-align: justify;\">O terceiro Ano Vocacional da Igreja no Brasil ser\u00e1 celebrado de 20 de novembro de 2022 a 26 de novembro de 2023. A iniciativa comemora os 40 anos do primeiro ano tem\u00e1tico dedicado \u00e0 reflex\u00e3o, ora\u00e7\u00e3o e promo\u00e7\u00e3o das voca\u00e7\u00f5es no pa\u00eds.<\/p>\n<p style=\"text-align: justify;\">Inspirado no Documento Final do S\u00ednodo dos Bispos sobre\u00a0\u201c<em>Os jovens, a f\u00e9 e o discernimento vocacional\u201d\u00a0o\u00a0<\/em>tema do Ano Vocacional 2023 \u00e9\u00a0\u201cVoca\u00e7\u00e3o: Gra\u00e7a e Miss\u00e3o\u201d\u00a0e o lema\u00a0\u201cCora\u00e7\u00f5es ardentes, p\u00e9s a caminho\u201d (<em>cf. Lc 24, 32-33<\/em>).<\/p>\n<p style=\"text-align: justify;\">O tema\u00a0\u201cVoca\u00e7\u00e3o: Gra\u00e7a e Miss\u00e3o\u201d\u00a0se fundamenta na afirma\u00e7\u00e3o de que \u201ca voca\u00e7\u00e3o aparece realmente como um dom de gra\u00e7a e de alian\u00e7a, como o mais belo e precioso segredo de nossa liberdade\u201d, conforme o Documento Final de n\u00ba 78.<\/p>\n<p style=\"text-align: justify;\">J\u00e1 o texto b\u00edblico iluminador\u00a0\u201c<em>Jesus chamou e enviou os que ele mesmo quis<\/em>\u00a0(cf. Mc 3, 13-19)\u201d\u00a0ajuda a aprofundar que a origem, o centro e a meta de toda a voca\u00e7\u00e3o e miss\u00e3o \u00e9 a pessoa de Jesus Cristo.<\/p>\n<h3 style=\"text-align: justify;\"><strong>Subs\u00eddios<\/strong><\/h3>\n<p style=\"text-align: justify;\">Com o objetivo de aprofundar a tem\u00e1tica do Ano Vocacional, a editora da Confer\u00eancia Nacional dos Bispos do Brasil (CNBB), Edi\u00e7\u00f5es CNBB, publicou o\u00a0<a href=\"https:\/\/www.edicoescnbb.com.br\/3o-ano-vocacional-do-brasil-2022-2023-texto-base\" target=\"_blank\" rel=\"noopener\">texto-base do 3\u00ba Ano Vocacional<\/a>. O subs\u00eddio foi redigido pela Comiss\u00e3o para os Minist\u00e9rios Ordenados e a Vida Consagrada da CNBB e encontra-se dispon\u00edvel para venda (<a href=\"https:\/\/www.edicoescnbb.com.br\/3o-ano-vocacional-do-brasil-2022-2023-texto-base\" target=\"_blank\" rel=\"noopener\">aqui<\/a>).<\/p>\n<p style=\"text-align: justify;\"><img loading=\"lazy\" decoding=\"async\" class=\"size-medium wp-image-933076 alignright\" src=\"https:\/\/eadn-wc02-718006.nxedge.io\/cdn\/wp-content\/uploads\/2022\/11\/Texto-base-300x169.jpeg\" sizes=\"auto, (max-width: 300px) 100vw, 300px\" srcset=\"https:\/\/eadn-wc02-718006.nxedge.io\/cdn\/wp-content\/uploads\/2022\/11\/Texto-base-300x169.jpeg 300w, https:\/\/eadn-wc02-718006.nxedge.io\/cdn\/wp-content\/uploads\/2022\/11\/Texto-base-768x432.jpeg 768w, https:\/\/eadn-wc02-718006.nxedge.io\/cdn\/wp-content\/uploads\/2022\/11\/Texto-base-500x281.jpeg 500w, https:\/\/eadn-wc02-718006.nxedge.io\/cdn\/wp-content\/uploads\/2022\/11\/Texto-base.jpeg 974w\" alt=\"\" width=\"300\" height=\"169\" \/><\/p>\n<blockquote><p>\u201cSeu sentido est\u00e1 em favorecer que cada pessoa acolha o chamado de Jesus como Gra\u00e7a, de maneira que mais cora\u00e7\u00f5es ardam e que os p\u00e9s se ponham a caminho, em sa\u00edda mission\u00e1ria\u201d.<\/p><\/blockquote>\n<figure id=\"attachment_919332\" class=\"wp-caption alignleft\" style=\"text-align: justify;\" aria-describedby=\"caption-attachment-919332\"><img loading=\"lazy\" decoding=\"async\" class=\"wp-image-919332\" src=\"https:\/\/eadn-wc02-718006.nxedge.io\/cdn\/wp-content\/uploads\/2022\/07\/Subsidio-para-a-catequese-300x255.jpg\" sizes=\"auto, (max-width: 246px) 100vw, 246px\" srcset=\"https:\/\/eadn-wc02-718006.nxedge.io\/cdn\/wp-content\/uploads\/2022\/07\/Subsidio-para-a-catequese-300x255.jpg 300w, https:\/\/eadn-wc02-718006.nxedge.io\/cdn\/wp-content\/uploads\/2022\/07\/Subsidio-para-a-catequese-500x424.jpg 500w, https:\/\/eadn-wc02-718006.nxedge.io\/cdn\/wp-content\/uploads\/2022\/07\/Subsidio-para-a-catequese.jpg 542w\" alt=\"\" width=\"246\" height=\"209\" \/><figcaption id=\"caption-attachment-919332\" class=\"wp-caption-text\">Subs\u00eddio catequ\u00e9tico<\/figcaption><\/figure>\n<p style=\"text-align: justify;\">Al\u00e9m do texto-base, a Comiss\u00e3o tamb\u00e9m preparou um\u00a0<a href=\"https:\/\/www.edicoescnbb.com.br\/3o-ano-vocacional-do-brasil-2022-2023-subsidio-para-a-catequese\" target=\"_blank\" rel=\"noopener\">subs\u00eddio catequ\u00e9tico<\/a>\u00a0para crian\u00e7as e adolescentes, com roteiros para encontros.<\/p>\n<p style=\"text-align: justify;\">O subs\u00eddio possui reflex\u00f5es que s\u00e3o apresentadas de forma l\u00fadica e pedag\u00f3gica e conta ainda com um encarte, colorido e destac\u00e1vel, com jogos e atividades. O texto \u00e9 ideal para educadores, pais e catequistas.<\/p>\n<h3 style=\"text-align: justify;\"><strong>Site especial<\/strong><\/h3>\n<p style=\"text-align: justify;\"><img loading=\"lazy\" decoding=\"async\" class=\"size-medium wp-image-933089 alignleft\" src=\"https:\/\/eadn-wc02-718006.nxedge.io\/cdn\/wp-content\/uploads\/2022\/11\/Site-Ano-Vocacional-300x278.jpg\" sizes=\"auto, (max-width: 300px) 100vw, 300px\" srcset=\"https:\/\/eadn-wc02-718006.nxedge.io\/cdn\/wp-content\/uploads\/2022\/11\/Site-Ano-Vocacional-300x278.jpg 300w, https:\/\/eadn-wc02-718006.nxedge.io\/cdn\/wp-content\/uploads\/2022\/11\/Site-Ano-Vocacional-500x464.jpg 500w, https:\/\/eadn-wc02-718006.nxedge.io\/cdn\/wp-content\/uploads\/2022\/11\/Site-Ano-Vocacional.jpg 675w\" alt=\"\" width=\"300\" height=\"278\" \/>A Comiss\u00e3o de Comunica\u00e7\u00e3o do Ano Vocacional do Brasil realizou o lan\u00e7amento oficial do\u00a0<a href=\"https:\/\/anovocacional.cnbb.org.br\/\" target=\"_blank\" rel=\"noopener\">site do terceiro Ano Vocacional do Brasil<\/a>, com uma<a title=\"\" href=\"https:\/\/www.youtube.com\/watch?v=EGKPddz-230\" target=\"_blank\" rel=\"noopener\" data-rel=\"lightbox-video-0\">\u00a0live especial<\/a>\u00a0que foi transmitida no dia 20 de outubro.<\/p>\n<p style=\"text-align: justify;\">No site \u00e9 poss\u00edvel que o usu\u00e1rio tenha acesso a informa\u00e7\u00f5es sobre o Ano Vocacional (hist\u00f3ria e cronologia), al\u00e9m de ter o conhecimento de a\u00e7\u00f5es que est\u00e3o em sintonia com a iniciativa nas dioceses, por meio das not\u00edcias.\u00a0 Nele, tamb\u00e9m h\u00e1 um espa\u00e7o dedicado aos artigos que tratam sobre o tema.<\/p>\n<p style=\"text-align: justify;\">Na p\u00e1gina \u00e9 poss\u00edvel, ainda, fazer o download da logo, spots e fotos, bem como do hino e da ora\u00e7\u00e3o.<\/p>\n<p style=\"text-align: justify;\">Conhe\u00e7a o site:\u00a0<a href=\"https:\/\/anovocacional.cnbb.org.br\/\" target=\"_blank\" rel=\"noopener\">https:\/\/anovocacional.cnbb.org.br\/<\/a><\/p>\n<h3 style=\"text-align: justify;\"><strong>Redes sociais<\/strong><\/h3>\n<p style=\"text-align: justify;\">Acesse o Instagram (<a href=\"https:\/\/www.instagram.com\/anovocacional\/\" target=\"_blank\" rel=\"noopener\">@anovocacional<\/a>) e o Facebook do Ano Vocacional (<a href=\"https:\/\/www.facebook.com\/anovocacional\/\" target=\"_blank\" rel=\"noopener\">anovocacional<\/a>) e tenha acesso aos cards para redes sociais, banners e informa\u00e7\u00f5es.<\/p>\n","protected":false},"excerpt":{"rendered":"<p>\u201cDesejamos que o Ano Vocacional ajude cada pessoa a acolher o chamado de Jesus como gra\u00e7a e seja uma oportunidade para que mais e mais cora\u00e7\u00f5es ardam e que os p\u00e9s se ponham a caminho em sa\u00edda mission\u00e1ria\u201d, exortou dom Jo\u00e3o Francisco Salm O terceiro Ano Vocacional da Igreja no Brasil ser\u00e1 celebrado de 20 [&hellip;]<\/p>\n","protected":false},"author":1,"featured_media":77034,"comment_status":"open","ping_status":"closed","sticky":false,"template":"","format":"standard","meta":{"footnotes":""},"categories":[7,13],"tags":[],"class_list":["post-77033","post","type-post","status-publish","format-standard","has-post-thumbnail","hentry","category-cnbb","category-featured"],"_links":{"self":[{"href":"https:\/\/catolicanet.net\/wp-cnet\/wp-json\/wp\/v2\/posts\/77033","targetHints":{"allow":["GET"]}}],"collection":[{"href":"https:\/\/catolicanet.net\/wp-cnet\/wp-json\/wp\/v2\/posts"}],"about":[{"href":"https:\/\/catolicanet.net\/wp-cnet\/wp-json\/wp\/v2\/types\/post"}],"author":[{"embeddable":true,"href":"https:\/\/catolicanet.net\/wp-cnet\/wp-json\/wp\/v2\/users\/1"}],"replies":[{"embeddable":true,"href":"https:\/\/catolicanet.net\/wp-cnet\/wp-json\/wp\/v2\/comments?post=77033"}],"version-history":[{"count":1,"href":"https:\/\/catolicanet.net\/wp-cnet\/wp-json\/wp\/v2\/posts\/77033\/revisions"}],"predecessor-version":[{"id":77035,"href":"https:\/\/catolicanet.net\/wp-cnet\/wp-json\/wp\/v2\/posts\/77033\/revisions\/77035"}],"wp:featuredmedia":[{"embeddable":true,"href":"https:\/\/catolicanet.net\/wp-cnet\/wp-json\/wp\/v2\/media\/77034"}],"wp:attachment":[{"href":"https:\/\/catolicanet.net\/wp-cnet\/wp-json\/wp\/v2\/media?parent=77033"}],"wp:term":[{"taxonomy":"category","embeddable":true,"href":"https:\/\/catolicanet.net\/wp-cnet\/wp-json\/wp\/v2\/categories?post=77033"},{"taxonomy":"post_tag","embeddable":true,"href":"https:\/\/catolicanet.net\/wp-cnet\/wp-json\/wp\/v2\/tags?post=77033"}],"curies":[{"name":"wp","href":"https:\/\/api.w.org\/{rel}","templated":true}]}}