{"id":77004,"date":"2022-11-03T09:43:47","date_gmt":"2022-11-03T12:43:47","guid":{"rendered":"https:\/\/catolicanet.net\/wp-cnet\/?p=77004"},"modified":"2022-11-03T17:44:53","modified_gmt":"2022-11-03T20:44:53","slug":"comissao-realiza-nesta-quinta-feira-live-sobre-a-quarta-parte-do-catecismo-da-igreja-catolica","status":"publish","type":"post","link":"https:\/\/catolicanet.net\/wp-cnet\/comissao-realiza-nesta-quinta-feira-live-sobre-a-quarta-parte-do-catecismo-da-igreja-catolica\/","title":{"rendered":"COMISS\u00c3O REALIZA NESTA QUINTA-FEIRA LIVE SOBRE A QUARTA PARTE DO CATECISMO DA IGREJA CAT\u00d3LICA"},"content":{"rendered":"<p style=\"text-align: justify;\">Nos dias 3 e 17 de novembro, a Comiss\u00e3o para a Anima\u00e7\u00e3o B\u00edblico-Catequ\u00e9tica da Confer\u00eancia Nacional dos Bispos do Brasil (CNBB) fecha o ciclo de lives que celebra os 30 anos do Catecismo da Igreja Cat\u00f3lica (CIc),\u00a0 com a transmiss\u00e3o da segunda se\u00e7\u00e3o da quarta parte do Catecismo da Igreja Cat\u00f3lica.<\/p>\n<p style=\"text-align: justify;\">O professor Matthias Grenzer, p\u00f3s-doutor em Teologia e mestre em Hist\u00f3ria, foi convidado para assessorar a foma\u00e7\u00e3o nas duas ocasi\u00f5es \u2013 dias 3 e 17. A tem\u00e1tica est\u00e1 ligada \u00e0 quarta parte do Catecismo \u201cA Ora\u00e7\u00e3o Crist\u00e3\u201d, que \u00e9 representada pela explica\u00e7\u00e3o do Pai-Nosso.<\/p>\n<p style=\"text-align: justify;\">As lives poder\u00e3o ser acompanhadas, \u00e0s 19h30, no Youtube da Confer\u00eancia e da Catequese do Brasil:<\/p>\n<div class=\"ast-oembed-container\" style=\"text-align: justify;\"><iframe loading=\"lazy\" title=\"Live 16 - 30 anos do Catecismo da Igreja Cat\u00f3lica\" src=\"https:\/\/www.youtube.com\/embed\/62Wf9Ztk6XM?feature=oembed\" width=\"1200\" height=\"675\" frameborder=\"0\" allowfullscreen=\"allowfullscreen\" data-mce-fragment=\"1\"><\/iframe><\/div>\n<p style=\"text-align: justify;\">\n<h3 style=\"text-align: justify;\"><strong>Lives celebrativas<\/strong><\/h3>\n<p style=\"text-align: justify;\">As lives por ocasi\u00e3o dos 30 anos do Catecismo da Igreja Cat\u00f3lica s\u00e3o transmitidas desde fevereiro desse ano. A assessora da Comiss\u00e3o para a Anima\u00e7\u00e3o B\u00edblico-Catequ\u00e9tica da CNBB, Mariana Ven\u00e2ncio, explicou que o objetivo \u00e9 \u201ccelebrar a publica\u00e7\u00e3o do texto que se tornou uma grande refer\u00eancia para o caminho da Igreja, especialmente da Catequese, nos \u00faltimos anos\u201d.<\/p>\n<p style=\"text-align: justify;\">As lives revisitaram as principais tem\u00e1ticas do Catecismo e aprofundaram seu sentido com a ajuda de assessores convidados para cada m\u00eas.<\/p>\n<p style=\"text-align: justify;\">Confira as tem\u00e1ticas de todas as lives:<\/p>\n<table data-tablestyle=\"MsoTableGrid\" data-tablelook=\"1696\" aria-rowcount=\"11\">\n<tbody>\n<tr aria-rowindex=\"1\">\n<td data-celllook=\"0\"><b><span data-contrast=\"none\">M\u00eas\u00a0<\/span><\/b><span data-contrast=\"none\">\u00a0\u00a0<\/span><span data-ccp-props=\"{&quot;201341983&quot;:0,&quot;335551550&quot;:6,&quot;335551620&quot;:6,&quot;335559740&quot;:259}\">\u00a0<\/span><\/td>\n<td data-celllook=\"0\"><b><span data-contrast=\"none\">Tema\u00a0<\/span><\/b><span data-contrast=\"none\">\u00a0\u00a0<\/span><span data-ccp-props=\"{&quot;201341983&quot;:0,&quot;335551550&quot;:6,&quot;335551620&quot;:6,&quot;335559740&quot;:259}\">\u00a0<\/span><\/td>\n<td data-celllook=\"0\"><b><span data-contrast=\"none\">Assessor\u00a0<\/span><\/b><span data-contrast=\"none\">\u00a0\u00a0<\/span><span data-ccp-props=\"{&quot;201341983&quot;:0,&quot;335551550&quot;:6,&quot;335551620&quot;:6,&quot;335559740&quot;:259}\">\u00a0<\/span><\/td>\n<td data-celllook=\"0\"><b><span data-contrast=\"none\">Datas<\/span><\/b><span data-contrast=\"none\">\u00a0\u00a0<\/span><span data-ccp-props=\"{&quot;201341983&quot;:0,&quot;335551550&quot;:6,&quot;335551620&quot;:6,&quot;335559740&quot;:259}\">\u00a0<\/span><\/td>\n<\/tr>\n<tr aria-rowindex=\"2\">\n<td data-celllook=\"0\"><b><span data-contrast=\"none\">Fevereiro<\/span><\/b><span data-contrast=\"none\">\u00a0\u00a0<\/span><span data-ccp-props=\"{&quot;201341983&quot;:0,&quot;335551550&quot;:6,&quot;335551620&quot;:6,&quot;335559740&quot;:259}\">\u00a0<\/span><\/td>\n<td data-celllook=\"0\"><b><span data-contrast=\"none\">Introdu\u00e7\u00e3o\u00a0<\/span><\/b><span data-contrast=\"none\">\u00a0\u00a0<\/span><span data-ccp-props=\"{&quot;201341983&quot;:0,&quot;335551550&quot;:6,&quot;335551620&quot;:6,&quot;335559740&quot;:259}\">\u00a0<\/span><\/td>\n<td data-celllook=\"0\"><span data-contrast=\"none\">Assista (<\/span><a title=\"\" href=\"https:\/\/youtu.be\/-fT-lPSjv0U\" target=\"_blank\" rel=\"noopener\" data-rel=\"lightbox-video-0\"><span data-contrast=\"none\">aqui<\/span><\/a><span data-contrast=\"none\">)<\/span><span data-ccp-props=\"{&quot;201341983&quot;:0,&quot;335551550&quot;:6,&quot;335551620&quot;:6,&quot;335559740&quot;:259}\">\u00a0<\/span><\/td>\n<td data-celllook=\"0\"><b><span data-contrast=\"none\">24 de Fevereiro de 2022<\/span><\/b><span data-contrast=\"none\">\u00a0\u00a0<\/span><span data-ccp-props=\"{&quot;201341983&quot;:0,&quot;335551550&quot;:6,&quot;335551620&quot;:6,&quot;335559740&quot;:259}\">\u00a0<\/span><\/td>\n<\/tr>\n<tr aria-rowindex=\"3\">\n<td data-celllook=\"0\"><b><span data-contrast=\"none\">Mar\u00e7o\u00a0<\/span><\/b><span data-contrast=\"none\">\u00a0\u00a0<\/span><span data-ccp-props=\"{&quot;201341983&quot;:0,&quot;335551550&quot;:6,&quot;335551620&quot;:6,&quot;335559740&quot;:259}\">\u00a0<\/span><\/td>\n<td data-celllook=\"0\"><a href=\"https:\/\/www.vatican.va\/archive\/cathechism_po\/index_new\/index-prima-parte_po.html\" target=\"_blank\" rel=\"noopener\"><b><span data-contrast=\"none\">PRIMEIRA PARTE \u2013 A PROFISS\u00c3O DA F\u00c9<\/span><\/b><\/a><br \/>\n<b><span data-contrast=\"none\">Primeira se\u00e7\u00e3o\u00a0<\/span><\/b><span data-contrast=\"none\">\u00a0\u00a0<\/span><span data-ccp-props=\"{&quot;201341983&quot;:0,&quot;335551550&quot;:6,&quot;335551620&quot;:6,&quot;335559740&quot;:259}\">\u00a0<\/span><\/td>\n<td data-celllook=\"0\"><b><span data-contrast=\"none\">Padre Abimar\u00a0<\/span><\/b><span data-contrast=\"none\">\u00a0\u00a0<\/span><span data-ccp-props=\"{&quot;201341983&quot;:0,&quot;335551550&quot;:6,&quot;335551620&quot;:6,&quot;335559740&quot;:259}\">\u00a0<\/span><\/td>\n<td data-celllook=\"0\"><b><span data-contrast=\"none\">10 e 24 de Mar\u00e7o de 2022<\/span><\/b><span data-contrast=\"none\">\u00a0\u00a0<\/span><span data-ccp-props=\"{&quot;201341983&quot;:0,&quot;335551550&quot;:6,&quot;335551620&quot;:6,&quot;335559740&quot;:259}\">\u00a0<\/span>&nbsp;<\/p>\n<p><span data-contrast=\"none\">Assista (<\/span><a title=\"\" href=\"https:\/\/youtu.be\/vqriic7-YBs\" target=\"_blank\" rel=\"noopener\" data-rel=\"lightbox-video-1\"><span data-contrast=\"none\">aqui<\/span><\/a><span data-contrast=\"none\">).<\/span><span data-ccp-props=\"{&quot;201341983&quot;:0,&quot;335551550&quot;:6,&quot;335551620&quot;:6,&quot;335559740&quot;:259}\">\u00a0<\/span><\/p>\n<p><b><span data-contrast=\"none\">e<\/span><\/b><span data-contrast=\"none\">\u00a0\u00a0<\/span><span data-ccp-props=\"{&quot;201341983&quot;:0,&quot;335551550&quot;:6,&quot;335551620&quot;:6,&quot;335559740&quot;:259}\">\u00a0<\/span><\/p>\n<p><span data-contrast=\"none\">Assista (<\/span><a title=\"\" href=\"https:\/\/www.youtube.com\/watch?v=DMWV1Sb7WsY&amp;list=PL9ndNYiJPeiARlexd1R6YnC3SYARo55GZ&amp;index=5\" target=\"_blank\" rel=\"noopener\" data-rel=\"lightbox-video-2\"><span data-contrast=\"none\">aqui<\/span><\/a><span data-contrast=\"none\">)<\/span><b><span data-contrast=\"none\">\u00a0<\/span><\/b><span data-contrast=\"none\">\u00a0\u00a0<\/span><span data-ccp-props=\"{&quot;201341983&quot;:0,&quot;335551550&quot;:6,&quot;335551620&quot;:6,&quot;335559740&quot;:259}\">\u00a0<\/span><\/td>\n<\/tr>\n<tr aria-rowindex=\"4\">\n<td data-celllook=\"0\"><b><span data-contrast=\"none\">Abril\u00a0<\/span><\/b><span data-contrast=\"none\">\u00a0\u00a0<\/span><span data-ccp-props=\"{&quot;201341983&quot;:0,&quot;335551550&quot;:6,&quot;335551620&quot;:6,&quot;335559740&quot;:259}\">\u00a0<\/span><\/td>\n<td data-celllook=\"0\"><a href=\"https:\/\/www.vatican.va\/archive\/cathechism_po\/index_new\/index-prima-parte_po.html\" target=\"_blank\" rel=\"noopener\"><b><span data-contrast=\"none\">PRIMEIRA PARTE \u2013 A PROFISS\u00c3O DA F\u00c9<\/span><\/b><\/a><br \/>\n<b><span data-contrast=\"none\">Segunda se\u00e7\u00e3o\u00a0<\/span><\/b><span data-contrast=\"none\">\u00a0\u00a0<\/span><span data-ccp-props=\"{&quot;201341983&quot;:0,&quot;335551550&quot;:6,&quot;335551620&quot;:6,&quot;335559740&quot;:259}\">\u00a0<\/span><\/td>\n<td data-celllook=\"0\"><b><span data-contrast=\"none\">Irm\u00e3 Sueli\u00a0<\/span><\/b><span data-contrast=\"none\">\u00a0\u00a0<\/span><span data-ccp-props=\"{&quot;201341983&quot;:0,&quot;335551550&quot;:6,&quot;335551620&quot;:6,&quot;335559740&quot;:259}\">\u00a0<\/span><\/td>\n<td data-celllook=\"0\"><b><span data-contrast=\"none\">07 e 21 de Abril de 2022<\/span><\/b><span data-contrast=\"none\">\u00a0\u00a0<\/span><span data-ccp-props=\"{&quot;201341983&quot;:0,&quot;335551550&quot;:6,&quot;335551620&quot;:6,&quot;335559740&quot;:259}\">\u00a0<\/span>&nbsp;<\/p>\n<p><span data-contrast=\"none\">Assista (<\/span><a title=\"\" href=\"https:\/\/www.youtube.com\/watch?v=-7J-7gekpmo&amp;list=PL9ndNYiJPeiARlexd1R6YnC3SYARo55GZ&amp;index=10\" target=\"_blank\" rel=\"noopener\" data-rel=\"lightbox-video-3\"><span data-contrast=\"none\">aqui<\/span><\/a><span data-contrast=\"none\">)<\/span><span data-ccp-props=\"{&quot;201341983&quot;:0,&quot;335551550&quot;:6,&quot;335551620&quot;:6,&quot;335559740&quot;:259}\">\u00a0<\/span><\/p>\n<p><b><span data-contrast=\"none\">e\u00a0<\/span><\/b><span data-contrast=\"none\">\u00a0\u00a0<\/span><span data-ccp-props=\"{&quot;201341983&quot;:0,&quot;335551550&quot;:6,&quot;335551620&quot;:6,&quot;335559740&quot;:259}\">\u00a0<\/span><\/p>\n<p><span data-contrast=\"none\">Assista (<\/span><a title=\"\" href=\"https:\/\/www.youtube.com\/watch?v=gbnDhKRroOk&amp;list=PL9ndNYiJPeiARlexd1R6YnC3SYARo55GZ&amp;index=9\" target=\"_blank\" rel=\"noopener\" data-rel=\"lightbox-video-4\"><span data-contrast=\"none\">aqui<\/span><\/a><span data-contrast=\"none\">)<\/span><span data-ccp-props=\"{&quot;201341983&quot;:0,&quot;335551550&quot;:6,&quot;335551620&quot;:6,&quot;335559740&quot;:259}\">\u00a0<\/span><\/p>\n<p><span data-contrast=\"none\">\u00a0\u00a0<\/span><span data-ccp-props=\"{&quot;201341983&quot;:0,&quot;335551550&quot;:6,&quot;335551620&quot;:6,&quot;335559740&quot;:259}\">\u00a0<\/span><\/td>\n<\/tr>\n<tr aria-rowindex=\"5\">\n<td data-celllook=\"0\"><b><span data-contrast=\"none\">Maio\u00a0\u00a0<\/span><\/b><span data-contrast=\"none\">\u00a0\u00a0<\/span><span data-ccp-props=\"{&quot;201341983&quot;:0,&quot;335551550&quot;:6,&quot;335551620&quot;:6,&quot;335559740&quot;:259}\">\u00a0<\/span><\/td>\n<td data-celllook=\"0\"><a href=\"https:\/\/www.vatican.va\/archive\/cathechism_po\/index_new\/index-seconda-parte_po.html\" target=\"_blank\" rel=\"noopener\"><b><span data-contrast=\"none\">SEGUNDA PARTE \u2013 A CELEBRA\u00c7\u00c3O DO MIST\u00c9RIO CRIST\u00c3O<\/span><\/b><\/a><span data-contrast=\"none\">\u00a0\u00a0<\/span><span data-ccp-props=\"{&quot;201341983&quot;:0,&quot;335551550&quot;:6,&quot;335551620&quot;:6,&quot;335559740&quot;:259}\">\u00a0<\/span>&nbsp;<\/p>\n<p><b><span data-contrast=\"none\">Primeira se\u00e7\u00e3o\u00a0<\/span><\/b><span data-contrast=\"none\">\u00a0\u00a0<\/span><span data-ccp-props=\"{&quot;201341983&quot;:0,&quot;335551550&quot;:6,&quot;335551620&quot;:6,&quot;335559740&quot;:259}\">\u00a0<\/span><\/td>\n<td data-celllook=\"0\"><b><span data-contrast=\"none\">Pe. Patrick Brand\u00e3o\u00a0<\/span><\/b><span data-contrast=\"none\">\u00a0\u00a0<\/span><span data-ccp-props=\"{&quot;201341983&quot;:0,&quot;335551550&quot;:6,&quot;335551620&quot;:6,&quot;335559740&quot;:259}\">\u00a0<\/span><\/td>\n<td data-celllook=\"0\"><b><span data-contrast=\"none\">05 e 19 de Maio de 2022\u00a0<\/span><\/b><span data-contrast=\"none\">\u00a0\u00a0<\/span><span data-ccp-props=\"{&quot;201341983&quot;:0,&quot;335551550&quot;:6,&quot;335551620&quot;:6,&quot;335559740&quot;:259}\">\u00a0<\/span>&nbsp;<\/p>\n<p><span data-contrast=\"none\">Assista (<\/span><a title=\"\" href=\"https:\/\/www.youtube.com\/watch?v=qTKF1DztNLs&amp;list=PL9ndNYiJPeiARlexd1R6YnC3SYARo55GZ&amp;index=9\" target=\"_blank\" rel=\"noopener\" data-rel=\"lightbox-video-5\"><span data-contrast=\"none\">aqui<\/span><\/a><span data-contrast=\"none\">)<\/span><span data-ccp-props=\"{&quot;201341983&quot;:0,&quot;335551550&quot;:6,&quot;335551620&quot;:6,&quot;335559740&quot;:259}\">\u00a0<\/span><\/p>\n<p><b><span data-contrast=\"none\">e\u00a0<\/span><\/b><span data-contrast=\"none\">\u00a0\u00a0<\/span><span data-ccp-props=\"{&quot;201341983&quot;:0,&quot;335551550&quot;:6,&quot;335551620&quot;:6,&quot;335559740&quot;:259}\">\u00a0<\/span><\/p>\n<p><span data-contrast=\"none\">Assista (<\/span><a title=\"\" href=\"https:\/\/www.youtube.com\/watch?v=RJ4P_DhB3rc&amp;list=PL9ndNYiJPeiARlexd1R6YnC3SYARo55GZ&amp;index=12\" target=\"_blank\" rel=\"noopener\" data-rel=\"lightbox-video-6\"><span data-contrast=\"none\">aqui<\/span><\/a><span data-contrast=\"none\">)\u00a0<\/span><span data-ccp-props=\"{&quot;201341983&quot;:0,&quot;335551550&quot;:6,&quot;335551620&quot;:6,&quot;335559740&quot;:259}\">\u00a0<\/span><\/p>\n<p><span data-contrast=\"none\">\u00a0\u00a0<\/span><span data-ccp-props=\"{&quot;201341983&quot;:0,&quot;335551550&quot;:6,&quot;335551620&quot;:6,&quot;335559740&quot;:259}\">\u00a0<\/span><\/td>\n<\/tr>\n<tr aria-rowindex=\"6\">\n<td data-celllook=\"0\"><b><span data-contrast=\"none\">Junho\u00a0<\/span><\/b><span data-contrast=\"none\">\u00a0\u00a0<\/span><span data-ccp-props=\"{&quot;201341983&quot;:0,&quot;335551550&quot;:6,&quot;335551620&quot;:6,&quot;335559740&quot;:259}\">\u00a0<\/span><\/td>\n<td data-celllook=\"0\"><a href=\"https:\/\/www.vatican.va\/archive\/cathechism_po\/index_new\/index-seconda-parte_po.html\" target=\"_blank\" rel=\"noopener\"><b><span data-contrast=\"none\">SEGUNDA PARTE \u2013 A CELEBRA\u00c7\u00c3O DO MIST\u00c9RIO CRIST\u00c3O<\/span><\/b><\/a><span data-contrast=\"none\">\u00a0\u00a0<\/span><span data-ccp-props=\"{&quot;201341983&quot;:0,&quot;335551550&quot;:6,&quot;335551620&quot;:6,&quot;335559740&quot;:259}\">\u00a0<\/span>&nbsp;<\/p>\n<p><b><span data-contrast=\"none\">Segunda se\u00e7\u00e3o\u00a0<\/span><\/b><span data-contrast=\"none\">\u00a0\u00a0<\/span><span data-ccp-props=\"{&quot;201341983&quot;:0,&quot;335551550&quot;:6,&quot;335551620&quot;:6,&quot;335559740&quot;:259}\">\u00a0<\/span><\/td>\n<td data-celllook=\"0\"><b><span data-contrast=\"none\">Dom Armando Bucciol\u00a0<\/span><\/b><span data-contrast=\"none\">\u00a0\u00a0<\/span><span data-ccp-props=\"{&quot;201341983&quot;:0,&quot;335551550&quot;:6,&quot;335551620&quot;:6,&quot;335559740&quot;:259}\">\u00a0<\/span><\/td>\n<td data-celllook=\"0\"><b><span data-contrast=\"none\">23 e 30 de Junho de 2022<\/span><\/b><span data-contrast=\"none\">\u00a0\u00a0<\/span><span data-ccp-props=\"{&quot;201341983&quot;:0,&quot;335551550&quot;:6,&quot;335551620&quot;:6,&quot;335559740&quot;:259}\">\u00a0<\/span>&nbsp;<\/p>\n<p><span data-contrast=\"none\">Assista (<\/span><a title=\"\" href=\"https:\/\/www.youtube.com\/watch?v=74aWD8yZ8SA&amp;list=PL9ndNYiJPeiARlexd1R6YnC3SYARo55GZ&amp;index=14\" target=\"_blank\" rel=\"noopener\" data-rel=\"lightbox-video-7\"><span data-contrast=\"none\">aqui<\/span><\/a><span data-contrast=\"none\">)\u00a0<\/span><span data-ccp-props=\"{&quot;201341983&quot;:0,&quot;335551550&quot;:6,&quot;335551620&quot;:6,&quot;335559740&quot;:259}\">\u00a0<\/span><\/p>\n<p><b><span data-contrast=\"none\">e<\/span><\/b><span data-contrast=\"none\">\u00a0\u00a0<\/span><span data-ccp-props=\"{&quot;201341983&quot;:0,&quot;335551550&quot;:6,&quot;335551620&quot;:6,&quot;335559740&quot;:259}\">\u00a0<\/span><\/p>\n<p><span data-contrast=\"none\">Assista (<\/span><a title=\"\" href=\"https:\/\/www.youtube.com\/watch?v=CblIKiwgi7s&amp;list=PL9ndNYiJPeiARlexd1R6YnC3SYARo55GZ&amp;index=12\" target=\"_blank\" rel=\"noopener\" data-rel=\"lightbox-video-8\"><span data-contrast=\"none\">aqui<\/span><\/a><span data-contrast=\"none\">)\u00a0\u00a0<\/span><span data-ccp-props=\"{&quot;201341983&quot;:0,&quot;335551550&quot;:6,&quot;335551620&quot;:6,&quot;335559740&quot;:259}\">\u00a0<\/span><\/p>\n<p><span data-contrast=\"none\">\u00a0\u00a0<\/span><span data-ccp-props=\"{&quot;201341983&quot;:0,&quot;335551550&quot;:6,&quot;335551620&quot;:6,&quot;335559740&quot;:259}\">\u00a0<\/span><\/td>\n<\/tr>\n<tr aria-rowindex=\"7\">\n<td data-celllook=\"0\"><b><span data-contrast=\"none\">Julho<\/span><\/b><span data-contrast=\"none\">\u00a0\u00a0<\/span><span data-ccp-props=\"{&quot;201341983&quot;:0,&quot;335551550&quot;:6,&quot;335551620&quot;:6,&quot;335559740&quot;:259}\">\u00a0<\/span><\/td>\n<td data-celllook=\"0\"><b><span data-contrast=\"none\">Semin\u00e1rio Nacional de Catequese<\/span><\/b><span data-contrast=\"none\">\u00a0\u00a0<\/span><span data-ccp-props=\"{&quot;201341983&quot;:0,&quot;335551550&quot;:6,&quot;335551620&quot;:6,&quot;335559740&quot;:259}\">\u00a0<\/span><\/td>\n<td data-celllook=\"0\"><span data-contrast=\"none\">\u00a0\u00a0<\/span><span data-ccp-props=\"{&quot;201341983&quot;:0,&quot;335551550&quot;:6,&quot;335551620&quot;:6,&quot;335559740&quot;:259}\">\u00a0<\/span><\/td>\n<td data-celllook=\"0\"><b><span data-contrast=\"none\">11 a 15 de Julho\u00a0<\/span><\/b><span data-contrast=\"none\">\u00a0\u00a0<\/span><span data-ccp-props=\"{&quot;201341983&quot;:0,&quot;335551550&quot;:6,&quot;335551620&quot;:6,&quot;335559740&quot;:259}\">\u00a0<\/span>&nbsp;<\/p>\n<p><span data-contrast=\"none\">Assista (<\/span><a href=\"https:\/\/www.youtube.com\/playlist?list=PL9ndNYiJPeiD9WDLr_TcqkqEFarxXwDBI\" target=\"_blank\" rel=\"noopener\"><span data-contrast=\"none\">aqui<\/span><\/a><span data-contrast=\"none\">)\u00a0<\/span><span data-ccp-props=\"{&quot;201341983&quot;:0,&quot;335551550&quot;:6,&quot;335551620&quot;:6,&quot;335559740&quot;:259}\">\u00a0<\/span><\/p>\n<p><span data-contrast=\"none\">\u00a0\u00a0<\/span><span data-ccp-props=\"{&quot;201341983&quot;:0,&quot;335551550&quot;:6,&quot;335551620&quot;:6,&quot;335559740&quot;:259}\">\u00a0<\/span><\/td>\n<\/tr>\n<tr aria-rowindex=\"8\">\n<td data-celllook=\"0\"><b><span data-contrast=\"none\">Agosto<\/span><\/b><span data-contrast=\"none\">\u00a0\u00a0<\/span><span data-ccp-props=\"{&quot;201341983&quot;:0,&quot;335551550&quot;:6,&quot;335551620&quot;:6,&quot;335559740&quot;:259}\">\u00a0<\/span><\/td>\n<td data-celllook=\"0\"><a href=\"https:\/\/www.vatican.va\/archive\/cathechism_po\/index_new\/index-terza-parte_po.html\" target=\"_blank\" rel=\"noopener\"><b><span data-contrast=\"none\">TERCEIRA PARTE \u2013\u00a0<\/span><\/b><\/a><a href=\"https:\/\/www.vatican.va\/archive\/cathechism_po\/index_new\/index-terza-parte_po.html\" target=\"_blank\" rel=\"noopener\"><b><span data-contrast=\"none\">A VIDA EM CRISTO<\/span><\/b><\/a><span data-contrast=\"none\">\u00a0\u00a0<\/span><span data-ccp-props=\"{&quot;201341983&quot;:0,&quot;335551550&quot;:6,&quot;335551620&quot;:6,&quot;335559740&quot;:259}\">\u00a0<\/span>&nbsp;<\/p>\n<p><b><span data-contrast=\"none\">Primeira se\u00e7\u00e3o\u00a0<\/span><\/b><span data-contrast=\"none\">\u00a0\u00a0<\/span><span data-ccp-props=\"{&quot;201341983&quot;:0,&quot;335551550&quot;:6,&quot;335551620&quot;:6,&quot;335559740&quot;:259}\">\u00a0<\/span><\/td>\n<td data-celllook=\"0\"><b><span data-contrast=\"none\">Maria In\u00eas de Castro Millen\u00a0<\/span><\/b><span data-contrast=\"none\">\u00a0\u00a0<\/span><span data-ccp-props=\"{&quot;201341983&quot;:0,&quot;335551550&quot;:6,&quot;335551620&quot;:6,&quot;335559740&quot;:259}\">\u00a0<\/span>&nbsp;<\/p>\n<p><span data-contrast=\"none\">\u00a0<\/span><span data-ccp-props=\"{&quot;201341983&quot;:0,&quot;335551550&quot;:6,&quot;335551620&quot;:6,&quot;335559740&quot;:259}\">\u00a0<\/span><\/td>\n<td data-celllook=\"0\"><b><span data-contrast=\"none\">04 e 25 de Agosto de 2022<\/span><\/b><span data-contrast=\"none\">\u00a0\u00a0<\/span><span data-ccp-props=\"{&quot;201341983&quot;:0,&quot;335551550&quot;:6,&quot;335551620&quot;:6,&quot;335559740&quot;:259}\">\u00a0<\/span>&nbsp;<\/p>\n<p><span data-contrast=\"none\">Assista (<\/span><a title=\"\" href=\"https:\/\/www.youtube.com\/watch?v=DhIF46mnn9o\" target=\"_blank\" rel=\"noopener\" data-rel=\"lightbox-video-9\"><span data-contrast=\"none\">aqui<\/span><\/a><span data-contrast=\"none\">)<\/span><span data-ccp-props=\"{&quot;201341983&quot;:0,&quot;335551550&quot;:6,&quot;335551620&quot;:6,&quot;335559740&quot;:259}\">\u00a0<\/span><\/p>\n<p><strong>e<\/strong><span data-ccp-props=\"{&quot;201341983&quot;:0,&quot;335551550&quot;:6,&quot;335551620&quot;:6,&quot;335559740&quot;:259}\">\u00a0<\/span><\/p>\n<p><span data-contrast=\"none\">Assista (<\/span><a title=\"\" href=\"https:\/\/www.youtube.com\/watch?v=pwgK6qGHE74\" target=\"_blank\" rel=\"noopener\" data-rel=\"lightbox-video-10\"><span data-contrast=\"none\">aqui<\/span><\/a><span data-contrast=\"none\">)<\/span><span data-ccp-props=\"{&quot;201341983&quot;:0,&quot;335551550&quot;:6,&quot;335551620&quot;:6,&quot;335559740&quot;:259}\">\u00a0<\/span><\/td>\n<\/tr>\n<tr aria-rowindex=\"9\">\n<td data-celllook=\"0\"><b><span data-contrast=\"none\">Setembro<\/span><\/b><span data-ccp-props=\"{&quot;201341983&quot;:0,&quot;335551550&quot;:6,&quot;335551620&quot;:6,&quot;335559740&quot;:259}\">\u00a0<\/span><\/td>\n<td data-celllook=\"0\"><b><span data-contrast=\"none\">TERCEIRA PARTE \u2013 A vida em Cristo<\/span><\/b><span data-ccp-props=\"{&quot;201341983&quot;:0,&quot;335551550&quot;:6,&quot;335551620&quot;:6,&quot;335559740&quot;:259}\">\u00a0<\/span>&nbsp;<\/p>\n<p><b><span data-contrast=\"none\">Segunda se\u00e7\u00e3o<\/span><\/b><span data-ccp-props=\"{&quot;201341983&quot;:0,&quot;335551550&quot;:6,&quot;335551620&quot;:6,&quot;335559740&quot;:259}\">\u00a0<\/span><\/p>\n<p><span data-ccp-props=\"{&quot;201341983&quot;:0,&quot;335551550&quot;:6,&quot;335551620&quot;:6,&quot;335559740&quot;:259}\">\u00a0<\/span><\/td>\n<td data-celllook=\"0\"><b><span data-contrast=\"none\">Prof. S\u00e9rgio Mendes<\/span><\/b><span data-ccp-props=\"{&quot;201341983&quot;:0,&quot;335551550&quot;:6,&quot;335551620&quot;:6,&quot;335559740&quot;:259}\">\u00a0<\/span><\/td>\n<td data-celllook=\"0\"><b><span data-contrast=\"none\">15 e 29 de Setembro<\/span><\/b><span data-ccp-props=\"{&quot;201341983&quot;:0,&quot;335551550&quot;:6,&quot;335551620&quot;:6,&quot;335559740&quot;:259}\">\u00a0<\/span>&nbsp;<\/p>\n<p>Assista (<a title=\"\" href=\"https:\/\/www.youtube.com\/watch?v=VF6Co-TAdnA\" target=\"_blank\" rel=\"noopener\" data-rel=\"lightbox-video-11\">aqui<\/a>)<\/p>\n<p><b><span data-contrast=\"none\">\u00a0e\u00a0<\/span><\/b><span data-ccp-props=\"{&quot;201341983&quot;:0,&quot;335551550&quot;:6,&quot;335551620&quot;:6,&quot;335559740&quot;:259}\">\u00a0<\/span><\/p>\n<p>Assista (<a title=\"\" href=\"https:\/\/www.youtube.com\/watch?v=sfvjRbhz20g\" target=\"_blank\" rel=\"noopener\" data-rel=\"lightbox-video-12\">aqui<\/a>)<\/td>\n<\/tr>\n<tr aria-rowindex=\"10\">\n<td data-celllook=\"0\"><b><span data-contrast=\"none\">Outubro<\/span><\/b><span data-ccp-props=\"{&quot;201341983&quot;:0,&quot;335551550&quot;:6,&quot;335551620&quot;:6,&quot;335559740&quot;:259}\">\u00a0<\/span><\/td>\n<td data-celllook=\"0\"><b><span data-contrast=\"none\">QUARTA PARTE \u2013 A ora\u00e7\u00e3o crist\u00e3<\/span><\/b><span data-ccp-props=\"{&quot;201341983&quot;:0,&quot;335551550&quot;:6,&quot;335551620&quot;:6,&quot;335559740&quot;:259}\">\u00a0<\/span>&nbsp;<\/p>\n<p><b><span data-contrast=\"none\">Primeira se\u00e7\u00e3o<\/span><\/b><span data-ccp-props=\"{&quot;201341983&quot;:0,&quot;335551550&quot;:6,&quot;335551620&quot;:6,&quot;335559740&quot;:259}\">\u00a0<\/span><\/p>\n<p><span data-ccp-props=\"{&quot;201341983&quot;:0,&quot;335551550&quot;:6,&quot;335551620&quot;:6,&quot;335559740&quot;:259}\">\u00a0<\/span><\/td>\n<td data-celllook=\"0\"><b><span data-contrast=\"none\">Ir. Ivete Holthmam<\/span><\/b><span data-ccp-props=\"{&quot;201341983&quot;:0,&quot;335551550&quot;:6,&quot;335551620&quot;:6,&quot;335559740&quot;:259}\">\u00a0<\/span><\/td>\n<td data-celllook=\"0\"><b><span data-contrast=\"none\">13 e 27 de outubro<\/span><\/b><span data-ccp-props=\"{&quot;201341983&quot;:0,&quot;335551550&quot;:6,&quot;335551620&quot;:6,&quot;335559740&quot;:259}\">\u00a0<\/span>&nbsp;<\/p>\n<p>Assista (<a title=\"\" href=\"https:\/\/www.youtube.com\/watch?v=jmGzU1MK5mU\" target=\"_blank\" rel=\"noopener\" data-rel=\"lightbox-video-13\">aqui<\/a>)<\/p>\n<p><strong>e<\/strong><\/p>\n<p>Assista (<a title=\"\" href=\"https:\/\/www.youtube.com\/watch?v=6aGn6sZtUk0\" target=\"_blank\" rel=\"noopener\" data-rel=\"lightbox-video-14\">aqui)<\/a><\/td>\n<\/tr>\n<tr aria-rowindex=\"11\">\n<td data-celllook=\"0\"><b><span data-contrast=\"none\">Novembro<\/span><\/b><span data-ccp-props=\"{&quot;201341983&quot;:0,&quot;335551550&quot;:6,&quot;335551620&quot;:6,&quot;335559740&quot;:259}\">\u00a0<\/span><\/td>\n<td data-celllook=\"0\"><b><span data-contrast=\"none\">QUARTA PARTE \u2013 A ora\u00e7\u00e3o crist\u00e3<\/span><\/b><span data-ccp-props=\"{&quot;201341983&quot;:0,&quot;335551550&quot;:6,&quot;335551620&quot;:6,&quot;335559740&quot;:259}\">\u00a0<\/span>&nbsp;<\/p>\n<p><b><span data-contrast=\"none\">Segunda se\u00e7\u00e3o<\/span><\/b><span data-ccp-props=\"{&quot;201341983&quot;:0,&quot;335551550&quot;:6,&quot;335551620&quot;:6,&quot;335559740&quot;:259}\">\u00a0<\/span><\/p>\n<p><span data-ccp-props=\"{&quot;201341983&quot;:0,&quot;335551550&quot;:6,&quot;335551620&quot;:6,&quot;335559740&quot;:259}\">\u00a0<\/span><\/td>\n<td data-celllook=\"0\"><b><span data-contrast=\"none\">Prof. Matthias Grenzer<\/span><\/b><span data-ccp-props=\"{&quot;201341983&quot;:0,&quot;335551550&quot;:6,&quot;335551620&quot;:6,&quot;335559740&quot;:259}\">\u00a0<\/span><\/td>\n<td data-celllook=\"0\"><b><span data-contrast=\"none\">3 e 17 de novembro<\/span><\/b><span data-ccp-props=\"{&quot;201341983&quot;:0,&quot;335551550&quot;:6,&quot;335551620&quot;:6,&quot;335559740&quot;:259}\">\u00a0<\/span>&nbsp;<\/p>\n<p>Assista (<a title=\"\" href=\"https:\/\/www.youtube.com\/watch?v=62Wf9Ztk6XM\" target=\"_blank\" rel=\"noopener\" data-rel=\"lightbox-video-15\">aqui<\/a>)<\/p>\n<p><b><span data-contrast=\"auto\">e<\/span><\/b><\/p>\n<p>Assista\u00a0<b><span data-contrast=\"none\">(aqui)<\/span><\/b><\/td>\n<\/tr>\n<\/tbody>\n<\/table>\n<p>&nbsp;<\/p>\n","protected":false},"excerpt":{"rendered":"<p>Nos dias 3 e 17 de novembro, a Comiss\u00e3o para a Anima\u00e7\u00e3o B\u00edblico-Catequ\u00e9tica da Confer\u00eancia Nacional dos Bispos do Brasil (CNBB) fecha o ciclo de lives que celebra os 30 anos do Catecismo da Igreja Cat\u00f3lica (CIc),\u00a0 com a transmiss\u00e3o da segunda se\u00e7\u00e3o da quarta parte do Catecismo da Igreja Cat\u00f3lica. O professor Matthias Grenzer, [&hellip;]<\/p>\n","protected":false},"author":1,"featured_media":77005,"comment_status":"open","ping_status":"closed","sticky":false,"template":"","format":"standard","meta":{"footnotes":""},"categories":[7],"tags":[],"class_list":["post-77004","post","type-post","status-publish","format-standard","has-post-thumbnail","hentry","category-cnbb"],"_links":{"self":[{"href":"https:\/\/catolicanet.net\/wp-cnet\/wp-json\/wp\/v2\/posts\/77004","targetHints":{"allow":["GET"]}}],"collection":[{"href":"https:\/\/catolicanet.net\/wp-cnet\/wp-json\/wp\/v2\/posts"}],"about":[{"href":"https:\/\/catolicanet.net\/wp-cnet\/wp-json\/wp\/v2\/types\/post"}],"author":[{"embeddable":true,"href":"https:\/\/catolicanet.net\/wp-cnet\/wp-json\/wp\/v2\/users\/1"}],"replies":[{"embeddable":true,"href":"https:\/\/catolicanet.net\/wp-cnet\/wp-json\/wp\/v2\/comments?post=77004"}],"version-history":[{"count":1,"href":"https:\/\/catolicanet.net\/wp-cnet\/wp-json\/wp\/v2\/posts\/77004\/revisions"}],"predecessor-version":[{"id":77006,"href":"https:\/\/catolicanet.net\/wp-cnet\/wp-json\/wp\/v2\/posts\/77004\/revisions\/77006"}],"wp:featuredmedia":[{"embeddable":true,"href":"https:\/\/catolicanet.net\/wp-cnet\/wp-json\/wp\/v2\/media\/77005"}],"wp:attachment":[{"href":"https:\/\/catolicanet.net\/wp-cnet\/wp-json\/wp\/v2\/media?parent=77004"}],"wp:term":[{"taxonomy":"category","embeddable":true,"href":"https:\/\/catolicanet.net\/wp-cnet\/wp-json\/wp\/v2\/categories?post=77004"},{"taxonomy":"post_tag","embeddable":true,"href":"https:\/\/catolicanet.net\/wp-cnet\/wp-json\/wp\/v2\/tags?post=77004"}],"curies":[{"name":"wp","href":"https:\/\/api.w.org\/{rel}","templated":true}]}}