{"id":76949,"date":"2022-11-01T10:17:37","date_gmt":"2022-11-01T13:17:37","guid":{"rendered":"https:\/\/catolicanet.net\/wp-cnet\/?p=76949"},"modified":"2022-11-01T12:19:24","modified_gmt":"2022-11-01T15:19:24","slug":"dia-de-finados-como-adornar-o-tumulo-de-um-ente-querido","status":"publish","type":"post","link":"https:\/\/catolicanet.net\/wp-cnet\/dia-de-finados-como-adornar-o-tumulo-de-um-ente-querido\/","title":{"rendered":"Dia de Finados: como adornar o t\u00famulo de um ente querido"},"content":{"rendered":"<div data-io-article-url=\"https:\/\/pt.aleteia.org\/2022\/11\/01\/dia-de-finados-como-adornar-o-tumulo-de-um-ente-querido\/\">\n<article class=\"css-ypql6o\">\n<h2 class=\"subtitle\" style=\"text-align: justify;\">Aqui est\u00e3o algumas sugest\u00f5es de objetos que ir\u00e3o homenagear um parente ou amigo falecido<\/h2>\n<p style=\"text-align: justify;\">No Dia de Finados e na v\u00e9spera (Dia de Todos os Santos) visitar cemit\u00e9rios e adornar t\u00famulos de entes queridos se tornaram uma tradi\u00e7\u00e3o para muita gente. A data tamb\u00e9m \u00e9 uma oportunidade de vivenciar uma liturgia familiar ao redor dos t\u00famulos de familiares e amigos, de relembrar os falecidos e explicar \u00e0s crian\u00e7as quem s\u00e3o as pessoas enterradas ali e o que fizeram na vida.<\/p>\n<p style=\"text-align: justify;\">Al\u00e9m disso, destaca-se a chance que muitos t\u00eam de ir ao cemit\u00e9rio apenas para fazer uma ora\u00e7\u00e3o de intercess\u00e3o por todos os fi\u00e9is defuntos.<\/p>\n<p style=\"text-align: justify;\">Mas este tamb\u00e9m \u00e9 o momento de limpar os t\u00famulos, recuperar a pintura e depositar alguns objetos para homenagear o falecido.<\/p>\n<p style=\"text-align: justify;\">Portanto, aqui v\u00e3o algumas dicas para quem adornar o t\u00famulo de um ente querido.<\/p>\n<h3 class=\"wp-block-aleteia-rich-list\" style=\"text-align: justify;\"><strong>1 FLORES<\/strong><\/h3>\n<p style=\"text-align: justify;\">Para o dia dedicado \u00e0 mem\u00f3ria dos mortos, a primeira coisa que nos vem \u00e0 cabe\u00e7a \u00e9 colocar flores sobre as sepulturas. Esta, de fato, \u00e9 uma tradi\u00e7\u00e3o franco-belga que remonta \u00e0 Primeira Guerra Mundial. Os\u00a0cris\u00e2ntemos\u00a0s\u00e3o as flores mais compradas para decorar os t\u00famulos no Dia de Finados em todo o mundo.\u00a0Com uma grande variedade de cores, essas plantas simbolizam a eternidade e a alegria em muitos pa\u00edses.<\/p>\n<h3 class=\"wp-block-aleteia-rich-list\" style=\"text-align: justify;\"><strong>2 VELAS<\/strong><\/h3>\n<p style=\"text-align: justify;\">Acender\u00a0uma vela no t\u00famulo de um ente querido \u00e9 um gesto que lembra a luz de Cristo e a ressurrei\u00e7\u00e3o.\u00a0O ideal \u00e9 colocar uma vela bem protegida em um suporte para que o vento n\u00e3o apague a chama muito rapidamente.<\/p>\n<h3 class=\"wp-block-aleteia-rich-list\" style=\"text-align: justify;\"><strong>3 PLACA DE HOMENAGEM<\/strong><\/h3>\n<p style=\"text-align: justify;\">Uma placa personalizada permite prestar uma bela homenagem ao falecido.\u00a0\u00c9 um ato que simboliza todo o amor e a considera\u00e7\u00e3o que temos por um ente querido que j\u00e1 partiu para a Casa do Pai.\u00a0Este acess\u00f3rio possibilita revelar informa\u00e7\u00f5es importantes sobre o falecido.\u00a0Voc\u00ea pode incluir seu nome, textos customizados, passagens b\u00edblicas e at\u00e9 ilustra\u00e7\u00f5es espec\u00edficas. Quanto ao material, a escolha ideal leva em conta a est\u00e9tica e a resist\u00eancia \u00e0s intemp\u00e9ries. Sugest\u00f5es: porcelanato, cer\u00e2mica, granito ou bronze.<\/p>\n<h3 class=\"wp-block-aleteia-rich-list\" style=\"text-align: justify;\"><strong>4 OBJETO SAGRADO<\/strong><\/h3>\n<p style=\"text-align: justify;\">Se, no passado, as tumbas dos fara\u00f3s do Egito eram cercadas por objetos decorativos e valiosos que os acompanhavam em sua passagem para a vida ap\u00f3s a morte, hoje os objetos que adornam os t\u00famulos servem, sobretudo, para homenagear os falecidos e embelezar seu t\u00famulo.\u00a0Assim, podem ser colocadas ali algumas pequenas est\u00e1tuas de santos de quem a pessoa era devota. D\u00e1 tamb\u00e9m para colocar crucifixos e at\u00e9 um pequeno \u00edcone (de prefer\u00eancia de metal ou vidro).<\/p>\n<p style=\"text-align: justify;\">Mas a coisa mais linda que podemos deixar no cemit\u00e9rio para um ente querido \u00e9 a ora\u00e7\u00e3o. A Igreja Cat\u00f3lica acredita na comunh\u00e3o dos santos, toda a comunidade dos fi\u00e9is, vivos, falecidos e santos formam um \u00fanico corpo. Atrav\u00e9s desta comunh\u00e3o, Deus est\u00e1 sempre ouvindo as ora\u00e7\u00f5es. Al\u00e9m disso, as ora\u00e7\u00f5es podem apressar a chegada das almas ao c\u00e9u.<\/p>\n<\/article>\n<\/div>\n<div class=\"css-1vzi3vi eiz4mud2\" style=\"text-align: justify;\">\n<div class=\"css-17s7064 eiz4mud1\">\n<p><span data-sheets-value=\"{&quot;1&quot;:2,&quot;2&quot;:&quot;N\u00e3o perca esta Ora\u00e7\u00e3o pelos Fi\u00e9is Defuntos de Novembro pelos seus entes queridos falecidos. Levaremos as suas inten\u00e7\u00f5es at\u00e9 o altar \u2013 gratuitamente.&quot;}\" data-sheets-userformat=\"{&quot;2&quot;:4995,&quot;3&quot;:{&quot;1&quot;:0},&quot;4&quot;:{&quot;1&quot;:2,&quot;2&quot;:65280},&quot;10&quot;:2,&quot;11&quot;:4,&quot;12&quot;:0,&quot;15&quot;:&quot;Arial&quot;}\">N\u00e3o perca esta Ora\u00e7\u00e3o pelos Fi\u00e9is Defuntos de Novembro pelos seus entes queridos falecidos.<br \/>\nLevaremos as suas inten\u00e7\u00f5es at\u00e9 o altar \u2013 gratuitamente.<\/span><\/p>\n<p><span data-sheets-value=\"{&quot;1&quot;:2,&quot;2&quot;:&quot;Envie-nos a sua inten\u00e7\u00e3o!&quot;}\" data-sheets-userformat=\"{&quot;2&quot;:4995,&quot;3&quot;:{&quot;1&quot;:0},&quot;4&quot;:{&quot;1&quot;:2,&quot;2&quot;:65280},&quot;10&quot;:2,&quot;11&quot;:4,&quot;12&quot;:0,&quot;15&quot;:&quot;Arial&quot;}\">Envie-nos a sua inten\u00e7\u00e3o!<\/span><\/p>\n<\/div>\n<p><a class=\"css-75gl2x eiz4mud0\" href=\"https:\/\/pt.aleteia.org\/missa-em-memoria-dos-falecidos\/\">Clique neste bot\u00e3o<\/a><\/div>\n","protected":false},"excerpt":{"rendered":"<p>Aqui est\u00e3o algumas sugest\u00f5es de objetos que ir\u00e3o homenagear um parente ou amigo falecido No Dia de Finados e na v\u00e9spera (Dia de Todos os Santos) visitar cemit\u00e9rios e adornar t\u00famulos de entes queridos se tornaram uma tradi\u00e7\u00e3o para muita gente. A data tamb\u00e9m \u00e9 uma oportunidade de vivenciar uma liturgia familiar ao redor dos [&hellip;]<\/p>\n","protected":false},"author":1,"featured_media":76950,"comment_status":"open","ping_status":"closed","sticky":false,"template":"","format":"standard","meta":{"footnotes":""},"categories":[4],"tags":[],"class_list":["post-76949","post","type-post","status-publish","format-standard","has-post-thumbnail","hentry","category-cotidiano"],"_links":{"self":[{"href":"https:\/\/catolicanet.net\/wp-cnet\/wp-json\/wp\/v2\/posts\/76949","targetHints":{"allow":["GET"]}}],"collection":[{"href":"https:\/\/catolicanet.net\/wp-cnet\/wp-json\/wp\/v2\/posts"}],"about":[{"href":"https:\/\/catolicanet.net\/wp-cnet\/wp-json\/wp\/v2\/types\/post"}],"author":[{"embeddable":true,"href":"https:\/\/catolicanet.net\/wp-cnet\/wp-json\/wp\/v2\/users\/1"}],"replies":[{"embeddable":true,"href":"https:\/\/catolicanet.net\/wp-cnet\/wp-json\/wp\/v2\/comments?post=76949"}],"version-history":[{"count":1,"href":"https:\/\/catolicanet.net\/wp-cnet\/wp-json\/wp\/v2\/posts\/76949\/revisions"}],"predecessor-version":[{"id":76951,"href":"https:\/\/catolicanet.net\/wp-cnet\/wp-json\/wp\/v2\/posts\/76949\/revisions\/76951"}],"wp:featuredmedia":[{"embeddable":true,"href":"https:\/\/catolicanet.net\/wp-cnet\/wp-json\/wp\/v2\/media\/76950"}],"wp:attachment":[{"href":"https:\/\/catolicanet.net\/wp-cnet\/wp-json\/wp\/v2\/media?parent=76949"}],"wp:term":[{"taxonomy":"category","embeddable":true,"href":"https:\/\/catolicanet.net\/wp-cnet\/wp-json\/wp\/v2\/categories?post=76949"},{"taxonomy":"post_tag","embeddable":true,"href":"https:\/\/catolicanet.net\/wp-cnet\/wp-json\/wp\/v2\/tags?post=76949"}],"curies":[{"name":"wp","href":"https:\/\/api.w.org\/{rel}","templated":true}]}}