{"id":76913,"date":"2022-11-01T09:45:58","date_gmt":"2022-11-01T12:45:58","guid":{"rendered":"https:\/\/catolicanet.net\/wp-cnet\/?p=76913"},"modified":"2022-11-01T11:46:58","modified_gmt":"2022-11-01T14:46:58","slug":"neste-1o-11-a-jornada-de-oracao-e-missao-pela-paz-da-cnbb-e-dedicada-a-memoria-dos-missionarios-assassinados","status":"publish","type":"post","link":"https:\/\/catolicanet.net\/wp-cnet\/neste-1o-11-a-jornada-de-oracao-e-missao-pela-paz-da-cnbb-e-dedicada-a-memoria-dos-missionarios-assassinados\/","title":{"rendered":"NESTE 1\u00ba\/11, A JORNADA DE ORA\u00c7\u00c3O E MISS\u00c3O PELA PAZ DA CNBB \u00c9 DEDICADA \u00c0 MEM\u00d3RIA DOS MISSION\u00c1RIOS ASSASSINADOS"},"content":{"rendered":"<div class=\"elementor-element elementor-element-3a087bd2 elementor-widget elementor-widget-theme-post-content\" data-id=\"3a087bd2\" data-element_type=\"widget\" data-widget_type=\"theme-post-content.default\">\n<div class=\"elementor-widget-container\">\n<p style=\"text-align: justify;\">A Comiss\u00e3o Episcopal Pastoral para a A\u00e7\u00e3o Mission\u00e1ria e Coopera\u00e7\u00e3o Intereclesial da Confer\u00eancia Nacional dos Bispos do Brasil (CNBB) e a Funda\u00e7\u00e3o Pontif\u00edcia Ajuda \u00e0 Igreja que sofre (ACN) promovem, nesta ter\u00e7a-feira, 1\u00ba de novembro, a Jornada de Ora\u00e7\u00e3o e Miss\u00e3o pela Paz dedicada aos mission\u00e1rios e as mission\u00e1rias assassinados em terra de miss\u00e3o em 2022.<\/p>\n<p style=\"text-align: justify;\">O assessor da comiss\u00e3o, padre Daniel Rocchetti, refor\u00e7a que cooperar na obra mission\u00e1ria vai al\u00e9m de ir e realizar a miss\u00e3o em terras estrangeiras, \u00e9 tamb\u00e9m rezar pelos mission\u00e1rios e mission\u00e1rias que largam tudo para evangelizar e pelos desafios da Igreja missionaria.<\/p>\n<p style=\"text-align: justify;\"><img loading=\"lazy\" decoding=\"async\" class=\" wp-image-932645 alignright\" src=\"https:\/\/eadn-wc02-718006.nxedge.io\/cdn\/wp-content\/uploads\/2022\/10\/Jornada-de-Oracao-e-Missao-pela-Paz-da-CNBB-e-dedicada-aos-cristaos-martirizados-em-2022-1-300x300.jpeg\" sizes=\"auto, (max-width: 302px) 100vw, 302px\" srcset=\"https:\/\/eadn-wc02-718006.nxedge.io\/cdn\/wp-content\/uploads\/2022\/10\/Jornada-de-Oracao-e-Missao-pela-Paz-da-CNBB-e-dedicada-aos-cristaos-martirizados-em-2022-1-300x300.jpeg 300w, https:\/\/eadn-wc02-718006.nxedge.io\/cdn\/wp-content\/uploads\/2022\/10\/Jornada-de-Oracao-e-Missao-pela-Paz-da-CNBB-e-dedicada-aos-cristaos-martirizados-em-2022-1-1024x1024.jpeg 1024w, https:\/\/eadn-wc02-718006.nxedge.io\/cdn\/wp-content\/uploads\/2022\/10\/Jornada-de-Oracao-e-Missao-pela-Paz-da-CNBB-e-dedicada-aos-cristaos-martirizados-em-2022-1-150x150.jpeg 150w, https:\/\/eadn-wc02-718006.nxedge.io\/cdn\/wp-content\/uploads\/2022\/10\/Jornada-de-Oracao-e-Missao-pela-Paz-da-CNBB-e-dedicada-aos-cristaos-martirizados-em-2022-1-768x767.jpeg 768w, https:\/\/eadn-wc02-718006.nxedge.io\/cdn\/wp-content\/uploads\/2022\/10\/Jornada-de-Oracao-e-Missao-pela-Paz-da-CNBB-e-dedicada-aos-cristaos-martirizados-em-2022-1-800x800.jpeg 800w, https:\/\/eadn-wc02-718006.nxedge.io\/cdn\/wp-content\/uploads\/2022\/10\/Jornada-de-Oracao-e-Missao-pela-Paz-da-CNBB-e-dedicada-aos-cristaos-martirizados-em-2022-1-500x500.jpeg 500w, https:\/\/eadn-wc02-718006.nxedge.io\/cdn\/wp-content\/uploads\/2022\/10\/Jornada-de-Oracao-e-Missao-pela-Paz-da-CNBB-e-dedicada-aos-cristaos-martirizados-em-2022-1.jpeg 1081w\" alt=\"\" width=\"302\" height=\"302\" \/><em>\u201cNeste m\u00eas de novembro, quando nos recordamos aqueles nossos irm\u00e3os e amigos j\u00e1 falecidos \u2013 e rezamos por eles \u2013 somos tamb\u00e9m convidados a nos lembrar de tantos mission\u00e1rios e missionarias que, l\u00e1 no territ\u00f3rio da Miss\u00e3o, faleceram. E muitos deles, martirizados e, como o obra de miseric\u00f3rdia, rezemos por cada um deles\u201d<\/em>, ressalta o padre.<\/p>\n<p style=\"text-align: justify;\">O v\u00eddeo produzido para essa edi\u00e7\u00e3o da Jornada de Ora\u00e7\u00e3o e Miss\u00e3o relembra os muitos mission\u00e1rios mortos que derramaram seu sangue em terras africanas e asi\u00e1ticas, latino-americanas e at\u00e9 no leste europeu.<\/p>\n<p style=\"text-align: justify;\">\u201c\u00c9 uma das obras de miseric\u00f3rdia espirituais rezar a Deus pelos vivos e pelos falecidos. Que nossa ora\u00e7\u00e3o agradecida pela vida de tantos chegue ao cora\u00e7\u00e3o de Deus. E Ele, em sua miseric\u00f3rdia, fa\u00e7a gerar vida de novos crist\u00e3os naquelas terras de miss\u00e3o e, ainda, toque o cora\u00e7\u00e3o dos muitos perseguidores\u201d.<\/p>\n<p style=\"text-align: justify;\"><strong>Nomes de alguns de mission\u00e1rios mortos neste ano de 2022<\/strong><\/p>\n<ul style=\"text-align: justify;\">\n<li>Irm\u00e3 Luisa del Orto, mission\u00e1ria italiana no Haiti, martirizada no \u00faltimo dia 25 de junho<\/li>\n<li>Padre John Mark Cheitnum, raptado junto com outro padre, em 15 de julho, e encontrado morto no dia 19, na Nig\u00e9ria<\/li>\n<li>Irm\u00e3 Maria de Coppi, outra mission\u00e1ria italiana que, no Mo\u00e7ambique, foi morta na noite do dia seis de setembro deste ano<\/li>\n<li>Irm\u00e3 Marie-Sylvie Kavuke Vakatsuraki, da Congrega\u00e7\u00e3o das Pequenas Irm\u00e3s da Apresenta\u00e7\u00e3o de Nossa Senhora, religiosa e m\u00e9dica na Rep\u00fablica Democr\u00e1tica do Congo, que foi encontrada morta junto com seis de seus pacientes no dia 22 de outubro<\/li>\n<\/ul>\n<p style=\"text-align: justify;\">A lista \u00e9 ainda maior e cont\u00e9m padres, religiosas, religiosos, crist\u00e3os leigos e leigas, jovens, adultos e idosos.<\/p>\n<p style=\"text-align: justify;\"><strong>Confira o v\u00eddeo:<\/strong><\/p>\n<div class=\"ast-oembed-container\"><iframe loading=\"lazy\" title=\"Jornada de Ora\u00e7\u00e3o pelos Crist\u00e3os Martirizados em Miss\u00e3o\" src=\"https:\/\/www.youtube.com\/embed\/w6czaBgjRvg?feature=oembed\" width=\"1200\" height=\"675\" frameborder=\"0\" allowfullscreen=\"allowfullscreen\" data-mce-fragment=\"1\"><\/iframe><\/div>\n<\/div>\n<\/div>\n","protected":false},"excerpt":{"rendered":"<p>A Comiss\u00e3o Episcopal Pastoral para a A\u00e7\u00e3o Mission\u00e1ria e Coopera\u00e7\u00e3o Intereclesial da Confer\u00eancia Nacional dos Bispos do Brasil (CNBB) e a Funda\u00e7\u00e3o Pontif\u00edcia Ajuda \u00e0 Igreja que sofre (ACN) promovem, nesta ter\u00e7a-feira, 1\u00ba de novembro, a Jornada de Ora\u00e7\u00e3o e Miss\u00e3o pela Paz dedicada aos mission\u00e1rios e as mission\u00e1rias assassinados em terra de miss\u00e3o em [&hellip;]<\/p>\n","protected":false},"author":1,"featured_media":76914,"comment_status":"open","ping_status":"closed","sticky":false,"template":"","format":"standard","meta":{"footnotes":""},"categories":[7,13],"tags":[],"class_list":["post-76913","post","type-post","status-publish","format-standard","has-post-thumbnail","hentry","category-cnbb","category-featured"],"_links":{"self":[{"href":"https:\/\/catolicanet.net\/wp-cnet\/wp-json\/wp\/v2\/posts\/76913","targetHints":{"allow":["GET"]}}],"collection":[{"href":"https:\/\/catolicanet.net\/wp-cnet\/wp-json\/wp\/v2\/posts"}],"about":[{"href":"https:\/\/catolicanet.net\/wp-cnet\/wp-json\/wp\/v2\/types\/post"}],"author":[{"embeddable":true,"href":"https:\/\/catolicanet.net\/wp-cnet\/wp-json\/wp\/v2\/users\/1"}],"replies":[{"embeddable":true,"href":"https:\/\/catolicanet.net\/wp-cnet\/wp-json\/wp\/v2\/comments?post=76913"}],"version-history":[{"count":1,"href":"https:\/\/catolicanet.net\/wp-cnet\/wp-json\/wp\/v2\/posts\/76913\/revisions"}],"predecessor-version":[{"id":76915,"href":"https:\/\/catolicanet.net\/wp-cnet\/wp-json\/wp\/v2\/posts\/76913\/revisions\/76915"}],"wp:featuredmedia":[{"embeddable":true,"href":"https:\/\/catolicanet.net\/wp-cnet\/wp-json\/wp\/v2\/media\/76914"}],"wp:attachment":[{"href":"https:\/\/catolicanet.net\/wp-cnet\/wp-json\/wp\/v2\/media?parent=76913"}],"wp:term":[{"taxonomy":"category","embeddable":true,"href":"https:\/\/catolicanet.net\/wp-cnet\/wp-json\/wp\/v2\/categories?post=76913"},{"taxonomy":"post_tag","embeddable":true,"href":"https:\/\/catolicanet.net\/wp-cnet\/wp-json\/wp\/v2\/tags?post=76913"}],"curies":[{"name":"wp","href":"https:\/\/api.w.org\/{rel}","templated":true}]}}