{"id":76853,"date":"2022-10-26T18:20:14","date_gmt":"2022-10-26T21:20:14","guid":{"rendered":"https:\/\/catolicanet.net\/wp-cnet\/?p=76853"},"modified":"2022-10-26T18:20:14","modified_gmt":"2022-10-26T21:20:14","slug":"sereis-minhas-testemunhas-at-1-8","status":"publish","type":"post","link":"https:\/\/catolicanet.net\/wp-cnet\/sereis-minhas-testemunhas-at-1-8\/","title":{"rendered":"\u201cSereis minhas testemunhas\u201d (At 1, 8)"},"content":{"rendered":"<p style=\"text-align: justify;\">\u00a0\u00a0\u00a0\u00a0\u00a0\u00a0\u00a0\u00a0 Celebramos no \u00faltimo domingo, dia 23 de Outubro, o Dia Mundial das Miss\u00f5es. O Papa Francisco escolheu como tema: \u201cSereis minhas testemunhas\u201d(At 1,8). S\u00e3o palavras que se encontram no \u00faltimo col\u00f3quio de Jesus ressuscitado com os seus disc\u00edpulos, antes de subir ao C\u00e9u, como se descreve nos Atos dos Ap\u00f3stolos e que, como sempre, nos ajuda a viver o fato de a Igreja ser, por sua natureza, mission\u00e1ria.<\/p>\n<p style=\"text-align: justify;\">Para ilustrar o tema o Papa se det\u00eam em tr\u00eas express\u00f5es-chave que resumem os tr\u00eas alicerces da vida e da miss\u00e3o dos disc\u00edpulos: \u201cSereis minhas testemunhas\u201d, \u201cat\u00e9 aos confins do mundo\u201d e \u201crecebereis a for\u00e7a do Esp\u00edrito Santo\u201d.<\/p>\n<p style=\"text-align: justify;\">Primeiro ponto da mensagem pontif\u00edcia: Todos n\u00f3s somos chamados a testemunhar Cristo. Este \u00e9 o ponto central, o cora\u00e7\u00e3o do ensinamento de Jesus aos disc\u00edpulos em ordem \u00e0 sua miss\u00e3o no mundo. \u201c<em>Todos os disc\u00edpulos ser\u00e3o testemunhas de Jesus, gra\u00e7as ao Esp\u00edrito Santo que v\u00e3o receber: ser\u00e1 a gra\u00e7a a constitu\u00ed-los como tais, por todo o lado aonde forem, onde quer que estejam. Tal como Cristo \u00e9 o primeiro enviado, ou seja, mission\u00e1rio do Pai (cf.\u00a0Jo\u00a020, 21) e, enquanto tal, a sua \u201cTestemunha fiel\u201d (Ap\u00a01, 5), assim tamb\u00e9m todo o crist\u00e3o \u00e9 chamado a ser mission\u00e1rio e testemunha de Cristo. E a Igreja, comunidade dos disc\u00edpulos de Cristo, n\u00e3o tem outra miss\u00e3o sen\u00e3o a de evangelizar o mundo, dando testemunho de Cristo. A identidade da Igreja \u00e9 evangelizar\u201d.<\/em><\/p>\n<p style=\"text-align: justify;\">Segundo ponto da mensagem pontif\u00edcia: \u201cAt\u00e9 aos confins do mundo\u201d \u2013 A atualidade perene duma miss\u00e3o de evangeliza\u00e7\u00e3o universal, o Papa Francisco explica, &#8220;<em>ao\u00a0exortar os disc\u00edpulos a serem as suas testemunhas, o Senhor ressuscitado anuncia aonde s\u00e3o enviados. Aqui emerge muito claramente o car\u00e1ter universal da miss\u00e3o dos disc\u00edpulos. Coloca-se em destaque o movimento geogr\u00e1fico \u2018centr\u00edfugo\u2019, quase em c\u00edrculos conc\u00eantricos, desde Jerusal\u00e9m \u2013 considerada pela tradi\u00e7\u00e3o judaica como centro do mundo \u2013 \u00e0 Judeia e Samaria, e at\u00e9 aos extremos \u2018confins do mundo\u2019. N\u00e3o s\u00e3o enviados para fazer proselitismo, mas para anunciar; o crist\u00e3o n\u00e3o faz proselitismo<\/em>\u201d.<\/p>\n<p style=\"text-align: justify;\">Terceiro ponto da mensagem pontif\u00edcia: \u201cRecebereis a for\u00e7a do Esp\u00edrito Santo\u201d \u2013 Deixar-se sempre fortalecer e guiar pelo Esp\u00edrito. \u201c<em>Ao anunciar aos disc\u00edpulos a miss\u00e3o de serem suas testemunhas, Cristo ressuscitado prometeu tamb\u00e9m a gra\u00e7a para uma t\u00e3o grande responsabilidade: \u201cRecebereis a for\u00e7a do Esp\u00edrito Santo e sereis minhas testemunhas\u201d (At 1, 8). Com efeito, segundo a narra\u00e7\u00e3o dos Atos, foi precisamente a seguir \u00e0 descida do Esp\u00edrito Santo sobre os disc\u00edpulos de Jesus que teve lugar a primeira a\u00e7\u00e3o de testemunhar Cristo, morto e ressuscitado, com um an\u00fancio querigm\u00e1tico: o chamado discurso mission\u00e1rio de S\u00e3o Pedro aos habitantes de Jerusal\u00e9m. Assim come\u00e7a a era da evangeliza\u00e7\u00e3o do mundo por parte dos disc\u00edpulos de Jesus, que antes apareciam fracos, medrosos, fechados. O Esp\u00edrito Santo fortaleceu-os, deu-lhes coragem e sabedoria para testemunhar Cristo diante de todos<\/em>\u201d.<\/p>\n<p style=\"text-align: justify;\">Nosso testemunho de Cristo nos dias de hoje \u00e9 pela f\u00e9 na sua obra e na sua Palavra testemunhada e atestada pelos ap\u00f3stolos, pelos evangelistas e pela primeira comunidade crist\u00e3. Os ap\u00f3stolos conviveram com Jesus. O que eles viram e ouviram de Jesus, e depois proclamaram, continua verdadeiro at\u00e9 hoje.<\/p>\n<p style=\"text-align: justify;\">Testemunhar Jesus hoje \u00e9 tarefa nossa, est\u00e1 em nossas m\u00e3os. Precisamos aprender com os disc\u00edpulos e ap\u00f3stolos que foram as primeiras testemunhas de Jesus. Se n\u00e3o temos conhecimento de causa, n\u00e3o podemos testemunhar. Testemunhar Jesus n\u00e3o se trata, em primeiro lugar, de anunciar e proclamar do p\u00falpito ou da tribuna o evangelho, mas, antes de tudo, fazer a experi\u00eancia da conviv\u00eancia, fazer a experi\u00eancia da escuta e do aprendizado com o mestre Jesus, e depois, anunciar, proclamar as obras de Jesus feitas quando andava no mundo e tamb\u00e9m anunciar e proclamar as obras e as maravilhas que Deus opera em nosso favor hoje. Se a nossa vida crist\u00e3 n\u00e3o est\u00e1 sendo testemunho, ela precisa ser remodelada. Falta alguma coisa, ou quem sabe, muita coisa.<\/p>\n<p style=\"text-align: justify;\">Caro irm\u00e3o e querida irm\u00e3: por meio de sua vida e de seu testemunho devemos ecoar a verdadeira for\u00e7a do Evangelho, a for\u00e7a transformadora. Em meio a in\u00fameros conflitos, crises religiosas, crises de valores, vamos investir no di\u00e1logo, na toler\u00e2ncia, na humildade, na compreens\u00e3o, e sobretudo, na ora\u00e7\u00e3o para transformar a Igreja e a espiritualidade de hoje!<\/p>\n<p style=\"text-align: justify;\">O primeiro empenho de todos n\u00f3s deve ser na ora\u00e7\u00e3o pelos mission\u00e1rios e na colabora\u00e7\u00e3o pela manuten\u00e7\u00e3o das miss\u00f5es! Isto \u00e9 o centro da perten\u00e7a crist\u00e3!<\/p>\n<p style=\"text-align: justify;\">Testemunhas do Evangelho \u00e9 o chamado de Cristo, da Igreja e do Papa Francisco. Sejamos pelo testemunho de vida e pelo an\u00fancio do Evangelho a todas as gentes testemunhas de Cristo e sinais do Reino de Deus na sociedade e no mundo.<\/p>\n","protected":false},"excerpt":{"rendered":"<p>\u00a0\u00a0\u00a0\u00a0\u00a0\u00a0\u00a0\u00a0 Celebramos no \u00faltimo domingo, dia 23 de Outubro, o Dia Mundial das Miss\u00f5es. O Papa Francisco escolheu como tema: \u201cSereis minhas testemunhas\u201d(At 1,8). S\u00e3o palavras que se encontram no \u00faltimo col\u00f3quio de Jesus ressuscitado com os seus disc\u00edpulos, antes de subir ao C\u00e9u, como se descreve nos Atos dos Ap\u00f3stolos e que, como sempre, [&hellip;]<\/p>\n","protected":false},"author":10,"featured_media":55817,"comment_status":"open","ping_status":"closed","sticky":false,"template":"","format":"standard","meta":{"footnotes":""},"categories":[9],"tags":[],"class_list":["post-76853","post","type-post","status-publish","format-standard","has-post-thumbnail","hentry","category-artigos"],"_links":{"self":[{"href":"https:\/\/catolicanet.net\/wp-cnet\/wp-json\/wp\/v2\/posts\/76853","targetHints":{"allow":["GET"]}}],"collection":[{"href":"https:\/\/catolicanet.net\/wp-cnet\/wp-json\/wp\/v2\/posts"}],"about":[{"href":"https:\/\/catolicanet.net\/wp-cnet\/wp-json\/wp\/v2\/types\/post"}],"author":[{"embeddable":true,"href":"https:\/\/catolicanet.net\/wp-cnet\/wp-json\/wp\/v2\/users\/10"}],"replies":[{"embeddable":true,"href":"https:\/\/catolicanet.net\/wp-cnet\/wp-json\/wp\/v2\/comments?post=76853"}],"version-history":[{"count":1,"href":"https:\/\/catolicanet.net\/wp-cnet\/wp-json\/wp\/v2\/posts\/76853\/revisions"}],"predecessor-version":[{"id":76854,"href":"https:\/\/catolicanet.net\/wp-cnet\/wp-json\/wp\/v2\/posts\/76853\/revisions\/76854"}],"wp:featuredmedia":[{"embeddable":true,"href":"https:\/\/catolicanet.net\/wp-cnet\/wp-json\/wp\/v2\/media\/55817"}],"wp:attachment":[{"href":"https:\/\/catolicanet.net\/wp-cnet\/wp-json\/wp\/v2\/media?parent=76853"}],"wp:term":[{"taxonomy":"category","embeddable":true,"href":"https:\/\/catolicanet.net\/wp-cnet\/wp-json\/wp\/v2\/categories?post=76853"},{"taxonomy":"post_tag","embeddable":true,"href":"https:\/\/catolicanet.net\/wp-cnet\/wp-json\/wp\/v2\/tags?post=76853"}],"curies":[{"name":"wp","href":"https:\/\/api.w.org\/{rel}","templated":true}]}}