{"id":76845,"date":"2022-10-26T10:14:23","date_gmt":"2022-10-26T13:14:23","guid":{"rendered":"https:\/\/catolicanet.net\/wp-cnet\/?p=76845"},"modified":"2022-10-26T18:15:27","modified_gmt":"2022-10-26T21:15:27","slug":"dez-salmos-que-podem-animar-em-tempos-dificeis","status":"publish","type":"post","link":"https:\/\/catolicanet.net\/wp-cnet\/dez-salmos-que-podem-animar-em-tempos-dificeis\/","title":{"rendered":"Dez salmos que podem animar em tempos dif\u00edceis"},"content":{"rendered":"<p style=\"text-align: justify;\">Na sociedade de hoje, \u00e9 cada vez mais comum sentir-se sobrecarregado pelos problemas e, por isso, temeroso e desanimado. Permanecer com esse sentimento de ang\u00fastia por muito tempo pode fazer com que a preocupa\u00e7\u00e3o tome conta de n\u00f3s e nos deixe adormecidos e impotentes, a ponto de fazer com que nossa\u00a0vida\u00a0de ora\u00e7\u00e3o decline. Embora possa ser dif\u00edcil, \u00e9 nestes momentos que devemos rezar mais e os salmos podem nos ajudar nesta tarefa, diz Marge Fenelon, jornalista cat\u00f3lica e autora de v\u00e1rios livros sobre a devo\u00e7\u00e3o mariana e a vida familiar.<\/p>\n<p style=\"text-align: justify;\">Em artigo publicado no jornal\u00a0<em>National Catholic Register<\/em>, Fenelon lembrou que s\u00e3o Francisco de Sales encorajou os cat\u00f3licos a confiar em Deus, como resposta ao medo e \u00e0 preocupa\u00e7\u00e3o humanos.<\/p>\n<p style=\"text-align: justify;\">\u201cN\u00e3o se preocupe com o que pode acontecer amanh\u00e3; o mesmo Pai eterno que cuida de voc\u00ea hoje, se encarrega de voc\u00ea amanh\u00e3 e todos os dias. Ou Ele proteger\u00e1 voc\u00ea do sofrimento, ou lhe dar\u00e1 a for\u00e7a infal\u00edvel para suport\u00e1-lo. Esteja em paz, pois, e afaste todos os pensamentos de ang\u00fastia\u201d, disse o santo.<\/p>\n<p style=\"text-align: justify;\">Como as palavras dos santos, que geralmente se baseiam em mensagens b\u00edblicas, &#8220;os salmos s\u00e3o um tesouro espiritual e liter\u00e1rio de poesia, louvor a Deus, conselho, conforto e, \u00e0s vezes, arrependimento&#8221;, disse Fenelon. Hoje, continuam sendo proclamados na\u00a0missa\u00a0e tamb\u00e9m s\u00e3o \u00fateis para os fi\u00e9is que recorrem a eles em sua ora\u00e7\u00e3o.<\/p>\n<p style=\"text-align: justify;\">&#8220;O salmista clama a Deus com sinceridade, e podemos nos ver refletidos em suas express\u00f5es muito humanas de peti\u00e7\u00e3o e amor&#8221;, disse. Quando a preocupa\u00e7\u00e3o torna nossa ora\u00e7\u00e3o dif\u00edcil, &#8220;rezar por meio dos salmos pode nos ajudar a sair de n\u00f3s mesmos e alcan\u00e7ar Deus&#8221;. Sempre que lutamos para encontrar nossas pr\u00f3prias palavras, os salmos &#8220;t\u00eam as palavras certas&#8221;, disse Fenelon.<\/p>\n<p style=\"text-align: justify;\">A escritora recomendou que, embora se possa rezar atrav\u00e9s da leitura de todos os salmos em um \u00fanico momento de ora\u00e7\u00e3o, voc\u00ea tamb\u00e9m pode rezar apenas um ou dois salmos por dia.<\/p>\n<p style=\"text-align: justify;\">\u201cVoc\u00ea os achar\u00e1 especialmente \u00fateis quando se sentir angustiado. Rezo para que sejam uma fonte de \u00e2nimo para voc\u00eas, enquanto meditam no Pai amoroso que os proteger\u00e1 do sofrimento ou dar\u00e1 a for\u00e7a inesgot\u00e1vel para suport\u00e1-lo\u201d, concluiu.<\/p>\n<p style=\"text-align: justify;\">A seguir, compartilhamos 10 salmos que podem ajudar a aliviar as preocupa\u00e7\u00f5es destes tempos:<\/p>\n<p style=\"text-align: justify;\">1. N\u00e3o temer\u00e1 not\u00edcias funestas, porque seu cora\u00e7\u00e3o est\u00e1 firme e confiante no Senhor (Salmo 111, 7).<\/p>\n<p style=\"text-align: justify;\">2. Confia ao Senhor a tua sorte, espera nele, e ele agir\u00e1 (Salmo 36, 5).<\/p>\n<p style=\"text-align: justify;\">3. Fazei-me sentir, logo, vossa bondade, porque ponho em v\u00f3s a minha confian\u00e7a. Mostrai-me o caminho que devo seguir, porque \u00e9 para v\u00f3s que se eleva a minha alma (Salmo 142, 8).<\/p>\n<p style=\"text-align: justify;\">4. Meus inimigos continuamente me espezinham, s\u00e3o numerosos os que me fazem guerra. \u00d3 Alt\u00edssimo, quando o terror me assalta, \u00e9 em v\u00f3s que eu ponho a minha confian\u00e7a (Salmo 55, 3-4).<\/p>\n<p style=\"text-align: justify;\">5. Ele n\u00e3o permitir\u00e1 que teus p\u00e9s resvalem; n\u00e3o dormir\u00e1 aquele que te guarda (Salmo 120, 3).<\/p>\n<p style=\"text-align: justify;\">6. Os que confiam no Senhor s\u00e3o como o monte Si\u00e3o, eternamente firme (Salmo 124, 1).<\/p>\n<p style=\"text-align: justify;\">7. O Senhor se aproxima dos que o invocam, daqueles que o invocam com sinceridade (Salmo 144, 18).<\/p>\n<p style=\"text-align: justify;\">8. S\u00e3o muitos os sofrimentos do \u00edmpio. Mas quem espera no Senhor, sua miseric\u00f3rdia o envolve (Salmo 31, 10).<\/p>\n<p style=\"text-align: justify;\">9. S\u00f3 em Deus repousa a minha alma, \u00e9 dele que me vem o que eu espero. S\u00f3 ele \u00e9 meu rochedo e minha salva\u00e7\u00e3o; minha fortaleza: jamais vacilarei (Salmo 61, 6-7).<\/p>\n<p style=\"text-align: justify;\">10. O Senhor torna-se ref\u00fagio para o oprimido, uma defesa oportuna para os tempos de perigo (Salmo 9, 10).<\/p>\n","protected":false},"excerpt":{"rendered":"<p>Na sociedade de hoje, \u00e9 cada vez mais comum sentir-se sobrecarregado pelos problemas e, por isso, temeroso e desanimado. Permanecer com esse sentimento de ang\u00fastia por muito tempo pode fazer com que a preocupa\u00e7\u00e3o tome conta de n\u00f3s e nos deixe adormecidos e impotentes, a ponto de fazer com que nossa\u00a0vida\u00a0de ora\u00e7\u00e3o decline. Embora possa [&hellip;]<\/p>\n","protected":false},"author":1,"featured_media":76846,"comment_status":"open","ping_status":"closed","sticky":false,"template":"","format":"standard","meta":{"footnotes":""},"categories":[4],"tags":[],"class_list":["post-76845","post","type-post","status-publish","format-standard","has-post-thumbnail","hentry","category-cotidiano"],"_links":{"self":[{"href":"https:\/\/catolicanet.net\/wp-cnet\/wp-json\/wp\/v2\/posts\/76845","targetHints":{"allow":["GET"]}}],"collection":[{"href":"https:\/\/catolicanet.net\/wp-cnet\/wp-json\/wp\/v2\/posts"}],"about":[{"href":"https:\/\/catolicanet.net\/wp-cnet\/wp-json\/wp\/v2\/types\/post"}],"author":[{"embeddable":true,"href":"https:\/\/catolicanet.net\/wp-cnet\/wp-json\/wp\/v2\/users\/1"}],"replies":[{"embeddable":true,"href":"https:\/\/catolicanet.net\/wp-cnet\/wp-json\/wp\/v2\/comments?post=76845"}],"version-history":[{"count":1,"href":"https:\/\/catolicanet.net\/wp-cnet\/wp-json\/wp\/v2\/posts\/76845\/revisions"}],"predecessor-version":[{"id":76847,"href":"https:\/\/catolicanet.net\/wp-cnet\/wp-json\/wp\/v2\/posts\/76845\/revisions\/76847"}],"wp:featuredmedia":[{"embeddable":true,"href":"https:\/\/catolicanet.net\/wp-cnet\/wp-json\/wp\/v2\/media\/76846"}],"wp:attachment":[{"href":"https:\/\/catolicanet.net\/wp-cnet\/wp-json\/wp\/v2\/media?parent=76845"}],"wp:term":[{"taxonomy":"category","embeddable":true,"href":"https:\/\/catolicanet.net\/wp-cnet\/wp-json\/wp\/v2\/categories?post=76845"},{"taxonomy":"post_tag","embeddable":true,"href":"https:\/\/catolicanet.net\/wp-cnet\/wp-json\/wp\/v2\/tags?post=76845"}],"curies":[{"name":"wp","href":"https:\/\/api.w.org\/{rel}","templated":true}]}}