{"id":76841,"date":"2022-10-26T10:11:40","date_gmt":"2022-10-26T13:11:40","guid":{"rendered":"https:\/\/catolicanet.net\/wp-cnet\/?p=76841"},"modified":"2022-10-26T18:13:13","modified_gmt":"2022-10-26T21:13:13","slug":"cuidar-dos-pobres-nao-e-comunismo-diz-dom-odilo-na-festa-de-200-anos-de-sao-frei-galvao","status":"publish","type":"post","link":"https:\/\/catolicanet.net\/wp-cnet\/cuidar-dos-pobres-nao-e-comunismo-diz-dom-odilo-na-festa-de-200-anos-de-sao-frei-galvao\/","title":{"rendered":"Cuidar dos pobres n\u00e3o \u00e9 comunismo, diz dom Odilo na festa de 200 anos de s\u00e3o frei Galv\u00e3o"},"content":{"rendered":"<p style=\"text-align: justify;\">\u00a0\u201c<em>Hoje, o pessoal diz que quem cuida dos pobres \u00e9 comunista. Voc\u00eas j\u00e1 ouviram falar isso? N\u00e3o, n\u00e3o, isso n\u00e3o \u00e9 ser comunista. Isto \u00e9 cuidar dos pobres, dos doentes, como Jesus mandou, faz parte do Evangelho\u201d,<\/em>\u00a0disse o arcebispo de S\u00e3o Paulo, dom Odilo cardeal Scherer, na segunda-feira (24), na\u00a0missa\u00a0de encerramento da novena de prepara\u00e7\u00e3o \u00e0 festa de s\u00e3o Frei Galv\u00e3o em Guaratinguet\u00e1 (SP).<\/p>\n<p style=\"text-align: justify;\"><em>\u201cN\u00e3o nos deixemos enganar. Faz parte do Evangelho! Todos os santos fizeram isso, nos deram o exemplo. E Frei Galv\u00e3o, que n\u00f3s recordamos, deu o exemplo de grande dedica\u00e7\u00e3o aos doentes. Dizem at\u00e9 que ele tinha aqueles momentos de ser chamado por um doente l\u00e1 longe e teve o dom da biloca\u00e7\u00e3<\/em>o\u201d, disse o cardeal.<\/p>\n<p style=\"text-align: justify;\">A celebra\u00e7\u00e3o deste ano marcou os 200 anos da morte de santo Ant\u00f4nio de Sant\u2019anna Galv\u00e3o, ocorrida em S\u00e3o Paulo no dia 23 de dezembro de 1822.<\/p>\n<p style=\"text-align: justify;\">Durante sua homilia, o arcebispo de S\u00e3o Paulo disse que Frei Galv\u00e3o, assim como todos os santos da\u00a0Igreja, n\u00e3o \u00e9 um \u201cmito ou uma ideia, mas gente de carne e osso\u201d.<\/p>\n<p style=\"text-align: justify;\"><em>\u201cOs santos s\u00e3o a parte bonita da Igreja, s\u00e3o membros da Igreja, s\u00e3o os grandes cat\u00f3licos, os grandes crist\u00e3os, os grandes disc\u00edpulos de Jesus, aqueles que fizeram coisas boas\u201d, disse o cardeal. \u201cN\u00f3s tentamos. Todos somos chamados a sermos santos, mas vamos tentando. Os santos fizeram grandes coisas. N\u00e3o s\u00f3 Frei Galv\u00e3o, mas tantos outros, os grandes santos da Igreja fizeram grandes coisas como disc\u00edpulos de Jesus. N\u00e3o s\u00e3o ideias, n\u00e3o s\u00e3o mitos, s\u00e3o gente de carne e osso\u201d.<\/em><\/p>\n<p style=\"text-align: justify;\">Nascido em 10 de maio de 1739 na Vila de Santo Ant\u00f4nio de Guaratinguet\u00e1, atual Guaratinguet\u00e1, no Vale do Para\u00edba, Ant\u00f4nio de Sant\u2019Anna Galv\u00e3o era o quarto de dez filhos.<\/p>\n<p style=\"text-align: justify;\">Em 1755, ap\u00f3s a morte prematura de sua m\u00e3e, s\u00e3o frei Galv\u00e3o assumiu santa Ana, a m\u00e3e de Nossa Senhora, como sua m\u00e3e espiritual.<\/p>\n<p style=\"text-align: justify;\">Tornou-se franciscano no antigo Convento de S\u00e3o Boaventura de Macacu, na atual Itabora\u00ed (RJ).<\/p>\n<p style=\"text-align: justify;\">Em 11 de julho de 1762, o frade foi ordenado sacerdote e transferido para o convento de S\u00e3o Francisco, em S\u00e3o Paulo.<\/p>\n<p style=\"text-align: justify;\">Em 1778, frei Galv\u00e3o foi nomeado confessor, pregador e porteiro do convento.<\/p>\n<p style=\"text-align: justify;\">Frei Galv\u00e3o foi beatificado em 25 de outubro de 1998 pelo papa s\u00e3o Jo\u00e3o Paulo II, que deu a ele os t\u00edtulos de Homem da Paz e da Caridade e de Patrono da Constru\u00e7\u00e3o Civil, porque ele pessoalmente projetou e conduziu a constru\u00e7\u00e3o do mosteiro da Luz, em S\u00e3o Paulo.<\/p>\n<p style=\"text-align: justify;\">Fundado por s\u00e3o frei Galv\u00e3o em 2 de fevereiro de 1774, o mosteiro da Luz \u00e9 mantido e administrado pelas monjas concepcionistas franciscanas da Ordem da Imaculada Concei\u00e7\u00e3o. Uma de suas principais tarefas \u00e9 a confec\u00e7\u00e3o e distribui\u00e7\u00e3o das p\u00edlulas milagrosas de s\u00e3o frei Galv\u00e3o, de responsabilidade exclusiva das Irm\u00e3s Concepcionistas.<\/p>\n<p style=\"text-align: justify;\">O complexo abriga, al\u00e9m do convento, o Museu de Arte Sacra de S\u00e3o Paulo, inaugurado em 1970.<\/p>\n<p style=\"text-align: justify;\">Santo Ant\u00f4nio de Sant\u2019Anna Galv\u00e3o foi canonizado pelo\u00a0papa Bento XVI\u00a0em 11 de maio de 2007, numa cerim\u00f4nia no Campo de Marte, tornando-se o primeiro santo nascido em territ\u00f3rio brasileiro.<\/p>\n<p style=\"text-align: justify;\">Na cidade de S\u00e3o Paulo, a solenidade do primeiro santo brasileiro foi marcada por uma celebra\u00e7\u00e3o de encerramento no mosteiro da Luz, situado na regi\u00e3o central da capital paulista, na \u00faltima ter\u00e7a (25).<\/p>\n<p style=\"text-align: justify;\">A missa das 18h, a \u00faltima de oito missas, encerrou as celebra\u00e7\u00f5es com uma prociss\u00e3o nos arredores do mosteiro.<\/p>\n<p style=\"text-align: justify;\">Capel\u00e3o do Mosteiro da Luz h\u00e1 quase 9 anos, o Padre Jos\u00e9 Arnaldo Juliano dos Santos \u00e9 devoto de Frei Galv\u00e3o desde a inf\u00e2ncia por influ\u00eancia de suas av\u00f3s.<\/p>\n<p style=\"text-align: justify;\">O padre diz que Frei Galv\u00e3o o anima a prosseguir em sua\u00a0vida\u00a0sacerdotal. \u201cNem sempre \u00e9 uma caminhada f\u00e1cil, mas sem d\u00favida gratificante,\u201d disse a\u00a0ACI\u00a0Digital. \u201cHoje, o santo nos ajuda a evangelizar essa cidade que \u00e9 imensa, mas tamb\u00e9m maravilhosa, que acolhe a Palavra de Deus e acolhe a Cristo Jesus\u201d.<\/p>\n","protected":false},"excerpt":{"rendered":"<p>\u00a0\u201cHoje, o pessoal diz que quem cuida dos pobres \u00e9 comunista. Voc\u00eas j\u00e1 ouviram falar isso? N\u00e3o, n\u00e3o, isso n\u00e3o \u00e9 ser comunista. Isto \u00e9 cuidar dos pobres, dos doentes, como Jesus mandou, faz parte do Evangelho\u201d,\u00a0disse o arcebispo de S\u00e3o Paulo, dom Odilo cardeal Scherer, na segunda-feira (24), na\u00a0missa\u00a0de encerramento da novena de prepara\u00e7\u00e3o [&hellip;]<\/p>\n","protected":false},"author":1,"featured_media":76842,"comment_status":"open","ping_status":"closed","sticky":false,"template":"","format":"standard","meta":{"footnotes":""},"categories":[4,13],"tags":[],"class_list":["post-76841","post","type-post","status-publish","format-standard","has-post-thumbnail","hentry","category-cotidiano","category-featured"],"_links":{"self":[{"href":"https:\/\/catolicanet.net\/wp-cnet\/wp-json\/wp\/v2\/posts\/76841","targetHints":{"allow":["GET"]}}],"collection":[{"href":"https:\/\/catolicanet.net\/wp-cnet\/wp-json\/wp\/v2\/posts"}],"about":[{"href":"https:\/\/catolicanet.net\/wp-cnet\/wp-json\/wp\/v2\/types\/post"}],"author":[{"embeddable":true,"href":"https:\/\/catolicanet.net\/wp-cnet\/wp-json\/wp\/v2\/users\/1"}],"replies":[{"embeddable":true,"href":"https:\/\/catolicanet.net\/wp-cnet\/wp-json\/wp\/v2\/comments?post=76841"}],"version-history":[{"count":1,"href":"https:\/\/catolicanet.net\/wp-cnet\/wp-json\/wp\/v2\/posts\/76841\/revisions"}],"predecessor-version":[{"id":76843,"href":"https:\/\/catolicanet.net\/wp-cnet\/wp-json\/wp\/v2\/posts\/76841\/revisions\/76843"}],"wp:featuredmedia":[{"embeddable":true,"href":"https:\/\/catolicanet.net\/wp-cnet\/wp-json\/wp\/v2\/media\/76842"}],"wp:attachment":[{"href":"https:\/\/catolicanet.net\/wp-cnet\/wp-json\/wp\/v2\/media?parent=76841"}],"wp:term":[{"taxonomy":"category","embeddable":true,"href":"https:\/\/catolicanet.net\/wp-cnet\/wp-json\/wp\/v2\/categories?post=76841"},{"taxonomy":"post_tag","embeddable":true,"href":"https:\/\/catolicanet.net\/wp-cnet\/wp-json\/wp\/v2\/tags?post=76841"}],"curies":[{"name":"wp","href":"https:\/\/api.w.org\/{rel}","templated":true}]}}