{"id":76795,"date":"2022-10-25T10:16:37","date_gmt":"2022-10-25T13:16:37","guid":{"rendered":"https:\/\/catolicanet.net\/wp-cnet\/?p=76795"},"modified":"2022-10-25T13:17:15","modified_gmt":"2022-10-25T16:17:15","slug":"comissao-dara-continuidade-na-quinta-feira-27-de-outubro-as-19h30-na-formacao-sobre-a-quarta-parte-do-catecismo-da-igreja-catolica","status":"publish","type":"post","link":"https:\/\/catolicanet.net\/wp-cnet\/comissao-dara-continuidade-na-quinta-feira-27-de-outubro-as-19h30-na-formacao-sobre-a-quarta-parte-do-catecismo-da-igreja-catolica\/","title":{"rendered":"COMISS\u00c3O DAR\u00c1 CONTINUIDADE NA QUINTA-FEIRA, 27 DE OUTUBRO, \u00c0S 19H30, NA FORMA\u00c7\u00c3O SOBRE A QUARTA PARTE DO CATECISMO DA IGREJA CAT\u00d3LICA"},"content":{"rendered":"<div class=\"elementor-element elementor-element-3a087bd2 elementor-widget elementor-widget-theme-post-content\" data-id=\"3a087bd2\" data-element_type=\"widget\" data-widget_type=\"theme-post-content.default\">\n<div class=\"elementor-widget-container\">\n<p style=\"text-align: justify;\">A Comiss\u00e3o para a Anima\u00e7\u00e3o B\u00edblico-Catequ\u00e9tica da Confer\u00eancia Nacional dos Bispos do Brasil (CNBB) dar\u00e1 continuidade na quinta-feira, 27 de outubro, \u00e0s 19h30, na transmiss\u00e3o da primeira se\u00e7\u00e3o da live sobre a quarta parte do Catecismo da Igreja Cat\u00f3lica.<\/p>\n<p style=\"text-align: justify;\">A tem\u00e1tica a ser abordada \u00e9\u00a0<strong>\u201cA Ora\u00e7\u00e3o Crist\u00e3\u201d<\/strong>. A forma\u00e7\u00e3o \u00e9 assessorada pela irm\u00e3 Ivete Holtmann, mestre em Teologia pelo Instituto Pontif\u00edcio de Roma. A live est\u00e1 dentro do contexto das celebra\u00e7\u00f5es dos 30 anos do Catecismo da Igreja Cat\u00f3lica e tem o objetivo de \u201ccelebrar a publica\u00e7\u00e3o deste texto, que se tornou uma grande refer\u00eancia para o caminho da Igreja, especialmente da Catequese, nos \u00faltimos anos\u201d.<\/p>\n<p style=\"text-align: justify;\">O Catecismo \u00e9 formado por quatro partes distintas, montadas sobre quatro textos basilares. O primeiro \u00e9 sobre a profiss\u00e3o de f\u00e9, ou seja, o que \u00e9 necess\u00e1rio crer para ser cat\u00f3lico. A segunda parte versa sobre os sacramentos de f\u00e9. Na terceira parte, aprende-se como viver a f\u00e9, como amar a Deus de forma concreta, amando tamb\u00e9m os irm\u00e3os e cumprindo os mandamentos. E, por fim, a ora\u00e7\u00e3o na vida da f\u00e9, representada pela explica\u00e7\u00e3o do Pai-Nosso.<\/p>\n<p style=\"text-align: justify;\">A live poder\u00e1 ser acompanhada, no link abaixo, a partir das 19h30:<\/p>\n<div class=\"ast-oembed-container\"><iframe loading=\"lazy\" title=\"Live 15 - 30 anos do Catecismo da Igreja Cat\u00f3lica\" src=\"https:\/\/www.youtube.com\/embed\/6aGn6sZtUk0?feature=oembed\" width=\"1200\" height=\"675\" frameborder=\"0\" allowfullscreen=\"allowfullscreen\" data-mce-fragment=\"1\"><\/iframe><\/div>\n<\/div>\n<\/div>\n","protected":false},"excerpt":{"rendered":"<p>A Comiss\u00e3o para a Anima\u00e7\u00e3o B\u00edblico-Catequ\u00e9tica da Confer\u00eancia Nacional dos Bispos do Brasil (CNBB) dar\u00e1 continuidade na quinta-feira, 27 de outubro, \u00e0s 19h30, na transmiss\u00e3o da primeira se\u00e7\u00e3o da live sobre a quarta parte do Catecismo da Igreja Cat\u00f3lica. A tem\u00e1tica a ser abordada \u00e9\u00a0\u201cA Ora\u00e7\u00e3o Crist\u00e3\u201d. A forma\u00e7\u00e3o \u00e9 assessorada pela irm\u00e3 Ivete Holtmann, [&hellip;]<\/p>\n","protected":false},"author":1,"featured_media":76796,"comment_status":"open","ping_status":"closed","sticky":false,"template":"","format":"standard","meta":{"footnotes":""},"categories":[7],"tags":[],"class_list":["post-76795","post","type-post","status-publish","format-standard","has-post-thumbnail","hentry","category-cnbb"],"_links":{"self":[{"href":"https:\/\/catolicanet.net\/wp-cnet\/wp-json\/wp\/v2\/posts\/76795","targetHints":{"allow":["GET"]}}],"collection":[{"href":"https:\/\/catolicanet.net\/wp-cnet\/wp-json\/wp\/v2\/posts"}],"about":[{"href":"https:\/\/catolicanet.net\/wp-cnet\/wp-json\/wp\/v2\/types\/post"}],"author":[{"embeddable":true,"href":"https:\/\/catolicanet.net\/wp-cnet\/wp-json\/wp\/v2\/users\/1"}],"replies":[{"embeddable":true,"href":"https:\/\/catolicanet.net\/wp-cnet\/wp-json\/wp\/v2\/comments?post=76795"}],"version-history":[{"count":1,"href":"https:\/\/catolicanet.net\/wp-cnet\/wp-json\/wp\/v2\/posts\/76795\/revisions"}],"predecessor-version":[{"id":76797,"href":"https:\/\/catolicanet.net\/wp-cnet\/wp-json\/wp\/v2\/posts\/76795\/revisions\/76797"}],"wp:featuredmedia":[{"embeddable":true,"href":"https:\/\/catolicanet.net\/wp-cnet\/wp-json\/wp\/v2\/media\/76796"}],"wp:attachment":[{"href":"https:\/\/catolicanet.net\/wp-cnet\/wp-json\/wp\/v2\/media?parent=76795"}],"wp:term":[{"taxonomy":"category","embeddable":true,"href":"https:\/\/catolicanet.net\/wp-cnet\/wp-json\/wp\/v2\/categories?post=76795"},{"taxonomy":"post_tag","embeddable":true,"href":"https:\/\/catolicanet.net\/wp-cnet\/wp-json\/wp\/v2\/tags?post=76795"}],"curies":[{"name":"wp","href":"https:\/\/api.w.org\/{rel}","templated":true}]}}