{"id":76782,"date":"2022-10-25T09:58:10","date_gmt":"2022-10-25T12:58:10","guid":{"rendered":"https:\/\/catolicanet.net\/wp-cnet\/?p=76782"},"modified":"2022-10-25T13:00:12","modified_gmt":"2022-10-25T16:00:12","slug":"uma-nova-tecnologia-para-recuperar-metais-preciosos-dos-lixos-eletronicos","status":"publish","type":"post","link":"https:\/\/catolicanet.net\/wp-cnet\/uma-nova-tecnologia-para-recuperar-metais-preciosos-dos-lixos-eletronicos\/","title":{"rendered":"Uma nova tecnologia para recuperar metais preciosos dos lixos eletr\u00f4nicos"},"content":{"rendered":"<div class=\"article__subTitle\" style=\"text-align: justify;\">O que acontece com celulares antigos que n\u00e3o usamos mais ou computadores, tablets, m\u00e1quinas usadas em hospitais? Eles acabam principalmente em aterros ao ar livre com um impacto desastroso no meio ambiente. Uma empresa na prov\u00edncia de Cremona desenvolveu um sistema inteligente para a recupera\u00e7\u00e3o e refina\u00e7\u00e3o de ouro, prata, platina, pal\u00e1dio e outros conte\u00fados preciosos desses dispositivos. Um acordo com o Vaticano tamb\u00e9m foi assinado recentemente.<\/div>\n<div class=\"title__separator\" style=\"text-align: justify;\"><\/div>\n<div class=\"article__text \">\n<p style=\"text-align: justify;\"><b>Cecilia Seppia \u2013 Vatican News<\/b><\/p>\n<p style=\"text-align: justify;\">Alberto Tosoni, nascido em 1983, sangue su\u00ed\u00e7o-lombardo, \u00e9 o engenheiro &#8220;pai&#8221; deste ambicioso projeto de recupera\u00e7\u00e3o e refina\u00e7\u00e3o de metais preciosos que se realiza na empresa de Spino d&#8217;Adda, na prov\u00edncia de Cremona. &#8220;Quando tive essa ideia, em 2012, me disseram que estava louco, que eu era um vision\u00e1rio, mas eu segui em frente no meu caminho porque sabia que havia muito mais do que eu tinha em mente&#8221;, conta ele. Na \u00e9poca, eu estava estudando engenharia no Polit\u00e9cnico de Mil\u00e3o. O meu av\u00f4 tinha um laborat\u00f3rio de refinamento de res\u00edduos de ourives e eu olhava curioso para cada etapa de processamento. Depois, eu aprendi sobre os novos res\u00edduos, muitas minas de ouro e outros metais nobres que talvez o mundo ainda ignorasse. Estou falando dos montes de lixo eletr\u00f4nico que a humanidade vem produzindo h\u00e1 d\u00e9cadas num um ritmo assustador: celulares, computadores, baterias, res\u00edduos industriais, m\u00e1quinas usadas em laborat\u00f3rios, hospitais e qualquer outro instrumento que contenha um cart\u00e3o eletr\u00f4nico. Ent\u00e3o, pensei num sistema de recupera\u00e7\u00e3o que n\u00e3o devastasse o meio ambiente, n\u00e3o polu\u00edsse, n\u00e3o explorasse os trabalhadores, como ainda acontece hoje em muitas partes do planeta e me lancei nesse processo de constru\u00e7\u00e3o de um spin-off industrial que, em seguida, deu vida \u00e0 Ecomet Refining&#8221;.<\/p>\n<div style=\"text-align: justify;\">\n<div class=\"article__embed article__embed--unwrap article__embed--photo\">\n<figure><picture><img decoding=\"async\" class=\"loaded\" src=\"https:\/\/www.vaticannews.va\/content\/dam\/vaticannews\/multimedia\/2022\/10\/24\/Metalli-preziosi-2aem.jpg\/_jcr_content\/renditions\/cq5dam.thumbnail.cropped.750.422.jpeg\" alt=\"Todos os materiais que chegam \u00e0 Ecomet s\u00e3o pesados e selecionados por trabalhadores experientes\" data-original=\"\/content\/dam\/vaticannews\/multimedia\/2022\/10\/24\/Metalli-preziosi-2aem.jpg\/_jcr_content\/renditions\/cq5dam.thumbnail.cropped.750.422.jpeg\" data-was-processed=\"true\" \/><\/picture><\/figure>\n<div class=\"photo_embed--Title\">Todos os materiais que chegam \u00e0 Ecomet s\u00e3o pesados e selecionados por trabalhadores experientes<\/div>\n<\/div>\n<\/div>\n<h2 style=\"text-align: justify;\">A empresas e as fases de processamento<\/h2>\n<p style=\"text-align: justify;\">Estamos falando da maior empresa da It\u00e1lia, a \u00fanica existente na Europa e a \u00fanica que atualmente trata duas mil toneladas de res\u00edduos por ano de forma totalmente sustent\u00e1vel, com muito pouco consumo de energia, sem dispers\u00e3o de subst\u00e2ncias perigosas ou poluentes na atmosfera. Numa tonelada desses materiais est\u00e3o contidos cerca de 300 kg de metais que s\u00e3o recuperados e outros 700 kg usados como material de fus\u00e3o para fundi\u00e7\u00f5es de cobre ou em empresas de betume para fazer asfalto: nada se perde!\u00a0 &#8220;Agora, recebemos material de todo o mundo&#8221;, explica Mattia Gottardi, s\u00f3cio da iniciativa e respons\u00e1vel de rela\u00e7\u00f5es institucionais da Ecomet. Justamente por isso, uma nova f\u00e1brica est\u00e1 sendo constru\u00edda em Treviglio dez vezes maior para processar 20 mil toneladas por ano. Uma das coisas mais estranhas que foi trabalhada \u00e9 a bateria de um submarino, mas aqui chega de tudo e uma das fases mais delicadas \u00e9 justamente a classifica\u00e7\u00e3o, a diferencia\u00e7\u00e3o de materiais que \u00e9 feita \u00e0 m\u00e3o. No in\u00edcio, h\u00e1 sempre um levantamento radiom\u00e9trico, detec\u00e7\u00e3o de peso, verifica\u00e7\u00e3o visual do estado f\u00edsico. O segundo passo \u00e9 a tritura\u00e7\u00e3o e prepara\u00e7\u00e3o para a fus\u00e3o em que a composi\u00e7\u00e3o qu\u00edmica tamb\u00e9m ocorre. Por tr\u00e1s deste projeto, por\u00e9m, h\u00e1 uma tecnologia \u00fanica na It\u00e1lia sobre a fus\u00e3o que permite derreter diretamente materiais de todos os tipos respeitando os limites ambientais da lei e evitando outras etapas que poderiam gerar dispers\u00e3o dos materiais a serem recuperados: o forno funciona a uma temperatura de 1500 graus e, portanto, n\u00e3o libera as dioxinas que geralmente se desenvolvem nos incineradores. Outra fase \u00e9 a an\u00e1lise dos metais preciosos. Em seguida, h\u00e1 a refina\u00e7\u00e3o e, por fim, a fus\u00e3o real que permite obter ouro, prata, platina, pal\u00e1dio de forma pura e diretamente comercializ\u00e1vel no mercado. 99,9% desses materiais s\u00e3o recuperados. Pense que a partir de uma tonelada de celulares antigos, cerca de 5000, mais ou menos 250 &#8211; 300 gramas de ouro s\u00e3o obtidos. Ent\u00e3o, um bom ganho se pensarmos na valoriza\u00e7\u00e3o no mercado! Tamb\u00e9m lembro que de 6 a 8% das reservas mundiais de ouro est\u00e3o contidas neste lixo eletr\u00f4nico.&#8221;<\/p>\n<div style=\"text-align: justify;\">\n<div class=\"article__embed article__embed--unwrap article__embed--photo\">\n<figure><picture><img decoding=\"async\" class=\"loaded\" src=\"https:\/\/www.vaticannews.va\/content\/dam\/vaticannews\/multimedia\/2022\/10\/24\/Metalli-preziosi-3aem.jpg\/_jcr_content\/renditions\/cq5dam.thumbnail.cropped.750.422.jpeg\" alt=\"Toneladas inteiras de lixo eletr\u00f4nico chegam de todo o mundo todos os dias\" data-original=\"\/content\/dam\/vaticannews\/multimedia\/2022\/10\/24\/Metalli-preziosi-3aem.jpg\/_jcr_content\/renditions\/cq5dam.thumbnail.cropped.750.422.jpeg\" data-was-processed=\"true\" \/><\/picture><\/figure>\n<div class=\"photo_embed--Title\">Toneladas inteiras de lixo eletr\u00f4nico chegam de todo o mundo todos os dias<\/div>\n<\/div>\n<\/div>\n<h2 style=\"text-align: justify;\">Contra a l\u00f3gica do descarte<\/h2>\n<p style=\"text-align: justify;\">&#8220;Podemos dizer que a empresa de Spino d&#8217;Adda funciona quase numa l\u00f3gica antecipat\u00f3ria das palavras do Papa na Laudato si&#8217; e da grande mensagem que ele queria transmitir ao mundo chamando as consci\u00eancias&#8221;, argumenta Gottardi, &#8220;mas este documento nos deu ainda mais impulso para continuar nessa dire\u00e7\u00e3o&#8221;. &#8220;O pr\u00f3prio conceito de recupera\u00e7\u00e3o que aplicamos fisicamente vem deter essa cultura do descarte desenfreada denunciada por Francisco que diz respeito \u00e0s coisas e \u00e0s pessoas, como se fossem assimil\u00e1veis entre si. N\u00e3o \u00e9 verdade que tudo o que n\u00e3o \u00e9 mais necess\u00e1rio ou \u00fatil deve ser jogado fora. Outro ponto crucial \u00e9 a polui\u00e7\u00e3o. Existem metais que podem liberar poluentes no solo por anos, pense no l\u00edtio do qual as baterias de smartphones s\u00e3o compostas. Depois, h\u00e1 a quest\u00e3o da explora\u00e7\u00e3o dos mineiros, em \u00e1reas pobres do mundo, mas ricas em dep\u00f3sitos de ouro, por exemplo: essas pessoas trabalham em condi\u00e7\u00f5es dram\u00e1ticas, sem sal\u00e1rios justos, sem nenhuma seguran\u00e7a, em contato pr\u00f3ximo com agentes qu\u00edmicos prejudiciais \u00e0 sa\u00fade, cavando no ventre da terra para trazer \u00e0 luz o que talvez ser\u00e1 transformado num brinco ou numa pulseira vendida em uma boutique no Ocidente por centenas ou milhares de euros. Isso n\u00e3o \u00e9 mais aceit\u00e1vel. Devemos aprender a consumir de forma respons\u00e1vel e consciente o que j\u00e1 emergiu da terra, porque cedo ou tarde mesmo esses recursos acabar\u00e3o e n\u00f3s estaremos ou melhor j\u00e1 estamos em plena d\u00edvida ecol\u00f3gica. Os recursos existem, a tecnologia tamb\u00e9m, mas n\u00e3o podemos mais virar o rosto e fingir que nada acontece. H\u00e1 lugares que s\u00e3o \u00e1reas de despejo ao ar livre de lixos tecnol\u00f3gicos: 85% desse lixo est\u00e1 localizado na \u00c1frica, atormentada por in\u00fameras chagas. Na Nig\u00e9ria, h\u00e1 aterros t\u00e3o grandes quanto cidades onde os lixos tecnol\u00f3gicos s\u00e3o incendiados para talvez recuperar cabos de cobre e vend\u00ea-los, com nuvens t\u00f3xicas que persistem por semanas, liberando subst\u00e2ncias que destroem o ecossistema dessas \u00e1reas por centenas ou milhares de anos. Nos \u00faltimos tempos tem havido um caminho de aproxima\u00e7\u00e3o com grandes empresas que est\u00e3o fazendo da sustentabilidade uma bandeira, e o nosso objetivo \u00e9 poder levar a tecnologia Ecomet para todos os lugares. Muitas empresas tamb\u00e9m entenderam a import\u00e2ncia de mostrar aos seus clientes que est\u00e3o totalmente comprometidas com a recupera\u00e7\u00e3o de lixos desse tipo. \u00c9 a chamada virada verde, que obviamente faz bem ao meio ambiente, mas tamb\u00e9m atrai lucros&#8221;.<\/p>\n<div style=\"text-align: justify;\">\n<div class=\"article__embed article__embed--unwrap article__embed--photo\">\n<figure><picture><img decoding=\"async\" class=\"loaded\" src=\"https:\/\/www.vaticannews.va\/content\/dam\/vaticannews\/multimedia\/2022\/10\/24\/metalli-preziosi-4aem.jpg\/_jcr_content\/renditions\/cq5dam.thumbnail.cropped.750.422.jpeg\" alt=\"Dentro da empresa de Spino d'Adda\" data-original=\"\/content\/dam\/vaticannews\/multimedia\/2022\/10\/24\/metalli-preziosi-4aem.jpg\/_jcr_content\/renditions\/cq5dam.thumbnail.cropped.750.422.jpeg\" data-was-processed=\"true\" \/><\/picture><\/figure>\n<div class=\"photo_embed--Title\">Dentro da empresa de Spino d&#8217;Adda<\/div>\n<\/div>\n<\/div>\n<h2 style=\"text-align: justify;\">O acordo com o Governatorato<\/h2>\n<p style=\"text-align: justify;\">O eco das palavras de Francisco, os 7 objetivos da Laudato si&#8217;, a l\u00f3gica do bem comum e n\u00e3o a do dinheiro, pressionou os l\u00edderes da Ecomet a fazer acordos tamb\u00e9m com o Governatorato do Estado da Cidade do Vaticano. &#8220;Recentemente&#8221;, acrescenta Gottardi, &#8220;tamb\u00e9m nos dirigimos \u00e0 Santa S\u00e9 para apresentar nossa ideia de sustentabilidade ambiental e o acolhimento foi muito bom. Juntos, decidimos estender esse projeto para as escolas, institui\u00e7\u00f5es eclesiais, hospitais, centros mission\u00e1rios, dioceses, congrega\u00e7\u00f5es e ordens religiosas, onde quer que a Igreja esteja presente para ter uma cadeia consciente de coleta desses recursos que de outra forma seria desperdi\u00e7ada e, em seguida, proceder na recupera\u00e7\u00e3o, ativando um c\u00edrculo econ\u00f4mico virtuoso. Tamb\u00e9m pensamos em criar pontos de coleta dedicados ao material tecnol\u00f3gico, que hoje n\u00e3o se sabe onde jogar com a coleta diferenciada, tanto dentro das Muralhas Leoninas quanto fora, nas \u00e1reas lim\u00edtrofes. O ponto de encontro foi imediatamente claro: trabalhar esses materiais e devolver recursos para fazer o bem, difundindo tamb\u00e9m uma cultura e consci\u00eancia diferentes sobre as quest\u00f5es ambientais que nos jovens est\u00e3o mais presentes e vivas do que nos adultos, e o Papa sabe disso, porque as gera\u00e7\u00f5es mais jovens est\u00e3o mais inclinadas a mudar. Ap\u00f3s uma conversa com o cardeal Leonardo Sandri, prefeito do Dicast\u00e9rio para as Igrejas Orientais e com o dr. Torrini, chegamos a um acordo e j\u00e1 recebemos um lote de v\u00e1rias toneladas da Cidade do Vaticano: computadores em desuso principalmente, mas n\u00e3o s\u00f3, material eletr\u00f4nico que a Ecomet selecionar\u00e1 e recuperar\u00e1. Este \u00e9 um projeto piloto que esperamos que em breve seja estendido a outras realidades. A capilaridade da rede eclesial tamb\u00e9m \u00e9 uma vantagem do ponto de vista da educa\u00e7\u00e3o ambiental e da informa\u00e7\u00e3o sobre pr\u00e1ticas ainda desconhecidas&#8221;.<\/p>\n<div style=\"text-align: justify;\">\n<div class=\"article__embed article__embed--unwrap article__embed--photo\">\n<figure><picture><img decoding=\"async\" class=\"loaded\" src=\"https:\/\/www.vaticannews.va\/content\/dam\/vaticannews\/images-multimedia\/vaticano\/vaticano_giardini_Governatorato_4.jpg\/_jcr_content\/renditions\/cq5dam.thumbnail.cropped.750.422.jpeg\" alt=\"Uma vista a\u00e9rea do Governatorato do Estado da Cidade do Vaticano\" data-original=\"\/content\/dam\/vaticannews\/images-multimedia\/vaticano\/vaticano_giardini_Governatorato_4.jpg\/_jcr_content\/renditions\/cq5dam.thumbnail.cropped.750.422.jpeg\" data-was-processed=\"true\" \/><\/picture><\/figure>\n<div class=\"photo_embed--Title\">Uma vista a\u00e9rea do Governatorato do Estado da Cidade do Vaticano<\/div>\n<\/div>\n<\/div>\n<p style=\"text-align: justify;\">Economia positiva e economia circular, pontos de coleta dedicados e devolu\u00e7\u00e3o de recursos a serem destinados aos pobres \u00e9 o cerne do acordo que a Ecomet assinou com o Vaticano, j\u00e1 na vanguarda da cadeia de res\u00edduos, ap\u00f3s a cria\u00e7\u00e3o da ilha ecol\u00f3gica e na recupera\u00e7\u00e3o da biomassa, um exemplo virtuoso a ser exportado para outros Estados. &#8220;A Pra\u00e7a S\u00e3o Pedro, os Jardins, os Museus s\u00e3o alcan\u00e7ados e visitados todos os dias por milhares de peregrinos que v\u00eam de todo o mundo e que, al\u00e9m da arte, hist\u00f3ria, valor religioso, apreciam o cuidado, o decoro dos espa\u00e7os, a limpeza e tamb\u00e9m a inova\u00e7\u00e3o do ponto de vista do descarte de lixos. Nas ruas de Roma ou de outras cidades italianas n\u00e3o h\u00e1 cont\u00eaineres para o descarte de materiais tecnol\u00f3gicos que regularmente acabam na parte do alum\u00ednio ou pl\u00e1stico sem pensar nos recursos que escondem. Desta forma, o Estado Pontif\u00edcio daria o exemplo, transmitindo tamb\u00e9m informa\u00e7\u00f5es que n\u00e3o s\u00e3o conhecidas e que s\u00e3o preciosas para o ambiente.&#8221; &#8220;Toda vez que falamos sobre essa tecnologia com sabor \u00e9tico para outras empresas ou multinacionais l\u00edderes do setor, com faturamento estelar&#8221;, conclui o s\u00f3cio da Ecomet, &#8220;vemos no rosto dos empres\u00e1rios uma certa surpresa e um grande interesse e percebemos que fizemos algo importante e justo. No in\u00edcio, nem todos entendiam o objetivo desse projeto e muitas vezes Tosoni ouviu dizer que estava louco, como se estivesse procurando a pedra filosofal. Na realidade, ele conseguiu dar vida a uma intui\u00e7\u00e3o que pode mudar o mundo e que \u00e9 mais urgente do que nunca para proteger nossa Casa comum&#8221;.<\/p>\n<div>\n<div class=\"article__embed article__embed--unwrap article__embed--photo\">\n<figure style=\"text-align: justify;\"><picture><img decoding=\"async\" class=\"loaded\" src=\"https:\/\/www.vaticannews.va\/content\/dam\/vaticannews\/multimedia\/2022\/10\/24\/metalli-preziosi-5aem.jpg\/_jcr_content\/renditions\/cq5dam.thumbnail.cropped.750.422.jpeg\" alt=\"Tecnologia e trabalho especializado para salvar o planeta\" data-original=\"\/content\/dam\/vaticannews\/multimedia\/2022\/10\/24\/metalli-preziosi-5aem.jpg\/_jcr_content\/renditions\/cq5dam.thumbnail.cropped.750.422.jpeg\" data-was-processed=\"true\" \/><\/picture><\/figure>\n<div class=\"photo_embed--Title\" style=\"text-align: justify;\">Tecnologia e trabalho especializado para salvar o planeta<\/div>\n<\/div>\n<\/div>\n<\/div>\n","protected":false},"excerpt":{"rendered":"<p>O que acontece com celulares antigos que n\u00e3o usamos mais ou computadores, tablets, m\u00e1quinas usadas em hospitais? Eles acabam principalmente em aterros ao ar livre com um impacto desastroso no meio ambiente. Uma empresa na prov\u00edncia de Cremona desenvolveu um sistema inteligente para a recupera\u00e7\u00e3o e refina\u00e7\u00e3o de ouro, prata, platina, pal\u00e1dio e outros conte\u00fados [&hellip;]<\/p>\n","protected":false},"author":1,"featured_media":76783,"comment_status":"open","ping_status":"closed","sticky":false,"template":"","format":"standard","meta":{"footnotes":""},"categories":[13],"tags":[],"class_list":["post-76782","post","type-post","status-publish","format-standard","has-post-thumbnail","hentry","category-featured"],"_links":{"self":[{"href":"https:\/\/catolicanet.net\/wp-cnet\/wp-json\/wp\/v2\/posts\/76782","targetHints":{"allow":["GET"]}}],"collection":[{"href":"https:\/\/catolicanet.net\/wp-cnet\/wp-json\/wp\/v2\/posts"}],"about":[{"href":"https:\/\/catolicanet.net\/wp-cnet\/wp-json\/wp\/v2\/types\/post"}],"author":[{"embeddable":true,"href":"https:\/\/catolicanet.net\/wp-cnet\/wp-json\/wp\/v2\/users\/1"}],"replies":[{"embeddable":true,"href":"https:\/\/catolicanet.net\/wp-cnet\/wp-json\/wp\/v2\/comments?post=76782"}],"version-history":[{"count":1,"href":"https:\/\/catolicanet.net\/wp-cnet\/wp-json\/wp\/v2\/posts\/76782\/revisions"}],"predecessor-version":[{"id":76784,"href":"https:\/\/catolicanet.net\/wp-cnet\/wp-json\/wp\/v2\/posts\/76782\/revisions\/76784"}],"wp:featuredmedia":[{"embeddable":true,"href":"https:\/\/catolicanet.net\/wp-cnet\/wp-json\/wp\/v2\/media\/76783"}],"wp:attachment":[{"href":"https:\/\/catolicanet.net\/wp-cnet\/wp-json\/wp\/v2\/media?parent=76782"}],"wp:term":[{"taxonomy":"category","embeddable":true,"href":"https:\/\/catolicanet.net\/wp-cnet\/wp-json\/wp\/v2\/categories?post=76782"},{"taxonomy":"post_tag","embeddable":true,"href":"https:\/\/catolicanet.net\/wp-cnet\/wp-json\/wp\/v2\/tags?post=76782"}],"curies":[{"name":"wp","href":"https:\/\/api.w.org\/{rel}","templated":true}]}}