{"id":76778,"date":"2022-10-25T09:54:57","date_gmt":"2022-10-25T12:54:57","guid":{"rendered":"https:\/\/catolicanet.net\/wp-cnet\/?p=76778"},"modified":"2022-10-25T12:57:26","modified_gmt":"2022-10-25T15:57:26","slug":"santa-se-a-osce-e-urgente-construir-a-seguranca-energetica","status":"publish","type":"post","link":"https:\/\/catolicanet.net\/wp-cnet\/santa-se-a-osce-e-urgente-construir-a-seguranca-energetica\/","title":{"rendered":"Santa S\u00e9 \u00e0 OSCE: \u00e9 urgente construir a seguran\u00e7a energ\u00e9tica"},"content":{"rendered":"<p>Armas nucleares<\/p>\n<div class=\"article__subTitle\" style=\"text-align: justify;\">Discurso de monsenhor Mauro Lalli na Confer\u00eancia Mediterr\u00e2nea da OSCE de 2022 sobre o tema &#8220;Promover a Seguran\u00e7a e a Coopera\u00e7\u00e3o no Mediterr\u00e2neo&#8221;, dias 24 e 25 de outubro, na Jord\u00e2nia: &#8220;A amea\u00e7a nuclear aumenta a preocupa\u00e7\u00e3o com a instabilidade da atual situa\u00e7\u00e3o da seguran\u00e7a e da energia. A falta de fornecimentos ir\u00e1 sobrecarregar ainda mais muitas fam\u00edlias e ind\u00fastrias j\u00e1 afetadas pela crise econ\u00f4mica&#8221;<\/div>\n<div class=\"title__separator\" style=\"text-align: justify;\"><\/div>\n<div class=\"article__text \">\n<p style=\"text-align: justify;\"><b>Vatican News<\/b><\/p>\n<div style=\"text-align: justify;\">\n<div class=\"article__embed article__embed--unwrap article__embed--dark\">\n<div class=\"article__innerTitle\">Ou\u00e7a a reportagem e compartilhe!<\/div>\n<div>\n<!--[if lt IE 9]><script>document.createElement('audio');<\/script><![endif]-->\n<audio class=\"wp-audio-shortcode\" id=\"audio-76778-1\" preload=\"none\" style=\"width: 100%;\" controls=\"controls\"><source type=\"audio\/mpeg\" src=\"https:\/\/media.vaticannews.va\/media\/audio\/s1\/2022\/10\/25\/12\/136762917_F136762917.mp3?_=1\" \/><a href=\"https:\/\/media.vaticannews.va\/media\/audio\/s1\/2022\/10\/25\/12\/136762917_F136762917.mp3\">https:\/\/media.vaticannews.va\/media\/audio\/s1\/2022\/10\/25\/12\/136762917_F136762917.mp3<\/a><\/audio>\n<\/div>\n<\/div>\n<\/div>\n<p style=\"text-align: justify;\">Os pa\u00edses devem cooperar &#8220;n\u00e3o somente em n\u00edvel pol\u00edtico, mas tamb\u00e9m em n\u00edvel cient\u00edfico e tecnol\u00f3gico para promover a estabilidade econ\u00f4mica, sa\u00fade p\u00fablica, prote\u00e7\u00e3o ambiental e desenvolvimento humano integral&#8221;. Este foi o apelo lan\u00e7ado, em nome da Santa S\u00e9, por monsenhor Mauro Lalli na Confer\u00eancia Mediterr\u00e2nea da OSCE (Organiza\u00e7\u00e3o para a Coopera\u00e7\u00e3o e a Seguran\u00e7a na Europa) de 2022, sobre o tema &#8220;Promover a Seguran\u00e7a e a Coopera\u00e7\u00e3o no Mediterr\u00e2neo: promover o di\u00e1logo com os parceiros mediterr\u00e2neos da OSCE para a coopera\u00e7\u00e3o&#8221;. O encontro se realiza na Jord\u00e2nia nos dias 24 e 25 de outubro.<\/p>\n<h2 style=\"text-align: justify;\">Desafios crescentes<\/h2>\n<p style=\"text-align: justify;\">Falando na primeira sess\u00e3o, intitulada &#8220;Fortalecer a coopera\u00e7\u00e3o no campo da mudan\u00e7a clim\u00e1tica para avan\u00e7ar na seguran\u00e7a comum&#8221;, monsenhor Lalli expressou primeiramente o apre\u00e7o da Santa S\u00e9 pela OSCE &#8220;como uma plataforma de di\u00e1logo que facilita o interc\u00e2mbio de informa\u00e7\u00f5es e melhores pr\u00e1ticas e a forma\u00e7\u00e3o de parcerias em toda a regi\u00e3o do Mediterr\u00e2neo para fortalecer a resili\u00eancia \u00e0 mudan\u00e7a clim\u00e1tica, que \u00e9 uma amea\u00e7a comum para a seguran\u00e7a e estabilidade de toda a regi\u00e3o&#8221;.<\/p>\n<p style=\"text-align: justify;\">&#8220;O panorama da seguran\u00e7a global, incluindo a seguran\u00e7a energ\u00e9tica e clim\u00e1tica, mudou radicalmente desde que a R\u00fassia lan\u00e7ou sua guerra de agress\u00e3o em fevereiro deste ano&#8221;, disse o prelado. &#8220;De fato, toda a regi\u00e3o da OSCE enfrenta desafios crescentes e sem precedentes, devido \u00e0 grave escassez de fornecimento de energia, o que provavelmente ir\u00e1 sobrecarregar ainda mais muitas fam\u00edlias e ind\u00fastrias j\u00e1 afetadas pela crise econ\u00f4mica&#8221;.<\/p>\n<h2 style=\"text-align: justify;\">Instabilidade<\/h2>\n<p style=\"text-align: justify;\">O delegado vaticano aponta &#8220;a amea\u00e7a de uma guerra nuclear e de atividades militares nas proximidades de instala\u00e7\u00f5es nucleares, com o risco de graves consequ\u00eancias para o homem e o meio ambiente, que s\u00f3 vem somar-se \u00e0s preocupa\u00e7\u00f5es com a atual situa\u00e7\u00e3o de instabilidade da seguran\u00e7a e da energia&#8221;.<\/p>\n<p style=\"text-align: justify;\">Al\u00e9m desta amea\u00e7a concreta colocada pelo conflito na Ucr\u00e2nia, \u00e9 necess\u00e1rio reiterar, na esteira dos apelos do Papa Francisco, &#8220;a necessidade urgente de fortalecer os esfor\u00e7os conjuntos para construir a seguran\u00e7a energ\u00e9tica e a transi\u00e7\u00e3o dos combust\u00edveis f\u00f3sseis&#8221;, observou monsenhor Lalli.<\/p>\n<h2 style=\"text-align: justify;\">Convers\u00e3o ecol\u00f3gica<\/h2>\n<p style=\"text-align: justify;\">Este \u00e9 um desafio que exige uma &#8220;convers\u00e3o ecol\u00f3gica&#8221;, que significa &#8220;converter padr\u00f5es de consumo e estilos de vida de uma forma mais respeitosa da cria\u00e7\u00e3o e do desenvolvimento humano integral de todos os povos, presentes e futuros, um desenvolvimento baseado na responsabilidade, prud\u00eancia, solidariedade, preocupa\u00e7\u00e3o com os pobres e com as gera\u00e7\u00f5es futuras&#8221;.<\/p>\n<p style=\"text-align: justify;\">&#8220;Cuidar do meio ambiente e aliviar a pobreza n\u00e3o s\u00e3o desafios separados, mas parte do maior desafio universal de garantir um desenvolvimento humano pleno e aut\u00eantico&#8221;, concluiu monsenhor Lalli. Assim, o apelo do Papa pela &#8220;ecologia integral&#8221; retorna, na consci\u00eancia de que &#8220;n\u00e3o estamos diante de duas crises distintas, uma ambiental e outra social, mas sim com uma \u00fanica crise complexa que \u00e9 ao mesmo tempo social e ambiental&#8221;.<\/p>\n<h2 style=\"text-align: justify;\">Apoio \u00e0 Osce<\/h2>\n<p style=\"text-align: justify;\">&#8220;Os acordos multilaterais como o Acordo de Paris n\u00e3o produzir\u00e3o a transforma\u00e7\u00e3o necess\u00e1ria sem uma transforma\u00e7\u00e3o pr\u00e9via e significativa da pol\u00edtica, das pol\u00edticas e da coopera\u00e7\u00e3o internacional. Este tipo de transforma\u00e7\u00e3o come\u00e7a, em primeiro lugar, com a convers\u00e3o de nossos cora\u00e7\u00f5es, nossas mentes, nossos estilos de vida e a maneira como nos encontramos como membros da fam\u00edlia humana&#8221;, disse o representante da Santa S\u00e9. Em nome de quem, ele reiterou o &#8220;apoio ao valioso trabalho da OSCE na regi\u00e3o do Mediterr\u00e2neo, particularmente na intensifica\u00e7\u00e3o da coopera\u00e7\u00e3o para enfrentar os efeitos da mudan\u00e7a clim\u00e1tica e assim avan\u00e7ar na seguran\u00e7a comum&#8221;.<\/p>\n<\/div>\n","protected":false},"excerpt":{"rendered":"<p>Armas nucleares Discurso de monsenhor Mauro Lalli na Confer\u00eancia Mediterr\u00e2nea da OSCE de 2022 sobre o tema &#8220;Promover a Seguran\u00e7a e a Coopera\u00e7\u00e3o no Mediterr\u00e2neo&#8221;, dias 24 e 25 de outubro, na Jord\u00e2nia: &#8220;A amea\u00e7a nuclear aumenta a preocupa\u00e7\u00e3o com a instabilidade da atual situa\u00e7\u00e3o da seguran\u00e7a e da energia. A falta de fornecimentos ir\u00e1 [&hellip;]<\/p>\n","protected":false},"author":1,"featured_media":76779,"comment_status":"open","ping_status":"closed","sticky":false,"template":"","format":"standard","meta":{"footnotes":""},"categories":[3],"tags":[],"class_list":["post-76778","post","type-post","status-publish","format-standard","has-post-thumbnail","hentry","category-vaticano"],"_links":{"self":[{"href":"https:\/\/catolicanet.net\/wp-cnet\/wp-json\/wp\/v2\/posts\/76778","targetHints":{"allow":["GET"]}}],"collection":[{"href":"https:\/\/catolicanet.net\/wp-cnet\/wp-json\/wp\/v2\/posts"}],"about":[{"href":"https:\/\/catolicanet.net\/wp-cnet\/wp-json\/wp\/v2\/types\/post"}],"author":[{"embeddable":true,"href":"https:\/\/catolicanet.net\/wp-cnet\/wp-json\/wp\/v2\/users\/1"}],"replies":[{"embeddable":true,"href":"https:\/\/catolicanet.net\/wp-cnet\/wp-json\/wp\/v2\/comments?post=76778"}],"version-history":[{"count":1,"href":"https:\/\/catolicanet.net\/wp-cnet\/wp-json\/wp\/v2\/posts\/76778\/revisions"}],"predecessor-version":[{"id":76780,"href":"https:\/\/catolicanet.net\/wp-cnet\/wp-json\/wp\/v2\/posts\/76778\/revisions\/76780"}],"wp:featuredmedia":[{"embeddable":true,"href":"https:\/\/catolicanet.net\/wp-cnet\/wp-json\/wp\/v2\/media\/76779"}],"wp:attachment":[{"href":"https:\/\/catolicanet.net\/wp-cnet\/wp-json\/wp\/v2\/media?parent=76778"}],"wp:term":[{"taxonomy":"category","embeddable":true,"href":"https:\/\/catolicanet.net\/wp-cnet\/wp-json\/wp\/v2\/categories?post=76778"},{"taxonomy":"post_tag","embeddable":true,"href":"https:\/\/catolicanet.net\/wp-cnet\/wp-json\/wp\/v2\/tags?post=76778"}],"curies":[{"name":"wp","href":"https:\/\/api.w.org\/{rel}","templated":true}]}}