{"id":76764,"date":"2022-10-22T09:45:42","date_gmt":"2022-10-22T12:45:42","guid":{"rendered":"https:\/\/catolicanet.net\/wp-cnet\/?p=76764"},"modified":"2022-10-24T12:46:40","modified_gmt":"2022-10-24T15:46:40","slug":"abri-as-portas-ao-redentor","status":"publish","type":"post","link":"https:\/\/catolicanet.net\/wp-cnet\/abri-as-portas-ao-redentor\/","title":{"rendered":"Abri as portas ao Redentor"},"content":{"rendered":"<p style=\"text-align: justify;\">\u00a0\u00a0\u00a0\u00a0\u00a0\u00a0\u00a0\u00a0 A elei\u00e7\u00e3o do sucessor de Jo\u00e3o Paulo I causou grande surpresa. Em 16 de outubro de 1978, pela primeira vez depois de 456 anos, era eleito papa um n\u00e3o italiano, o arcebispo de Crac\u00f3via, o cardeal Karol Woityla. Nascido Wadowice, em 18 de maio de 1920, somente com enormes dificuldades p\u00f4de concluir os estudos de grau m\u00e9dio e de teologia, por causa da ocupa\u00e7\u00e3o da Pol\u00f4nia pelos alem\u00e3es, em consequ\u00eancia da Segunda Guerra Mundial. Ordenado presb\u00edtero em 1946, trabalhou a princ\u00edpio na cura de almas, realizou estudos na Universidade de Crac\u00f3via, na qual use formou em 1953, tornou-se bispo em 1958 e, em 1964, arcebispo de Crac\u00f3via. Em 1967, o Papa Paulo VI nomeou-o cardeal. Tendo sido eleito sumo pont\u00edfice, adotou como lema \u201cTotus tuus\u201d, com um grande \u201cM\u201d em seu escudo, afirmando sua devo\u00e7\u00e3o mariana.<\/p>\n<p style=\"text-align: justify;\">\u00a0\u00a0\u00a0\u00a0\u00a0\u00a0\u00a0\u00a0 Em seu pontificado, foi muito ativo tanto no campo interno da Igreja Cat\u00f3lica quanto no di\u00e1logo com outras igrejas e religi\u00f5es, no di\u00e1logo com as na\u00e7\u00f5es, no di\u00e1logo pol\u00edtico e internacional. No dia 13 de maio de 1981 sofreu atentado na Pra\u00e7a de S\u00e3o Pedro, na qual ficou gravemente ferido. Tendo restabelecido, retomou sua agenda intensa de viagens e contatos. Seguindo uma pr\u00e1tica iniciada por Paulo VI, Jo\u00e3o Paulo II intensificou a pr\u00e1tica de contatos do Papa atrav\u00e9s de viagens para fora da It\u00e1lia e 146 dentro da It\u00e1lia. Al\u00e9m disso, como bispo de Roma, teve a oportunidade de visitar 317 par\u00f3quias das 333 que comp\u00f5em a diocese. No \u00e2mbito da diplomacia, foi muito ativo, tendo se encontrado ou concedido audi\u00eancia a 738 chefes de Estado e 246 primeiros-ministros.<\/p>\n<p style=\"text-align: justify;\">\u00a0\u00a0\u00a0\u00a0\u00a0\u00a0\u00a0\u00a0 A retomada do esp\u00edrito mission\u00e1rio foi um car\u00e1ter muito forte das viagens apost\u00f3licas realizadas por Jo\u00e3o Paulo II. Assim, em celebra\u00e7\u00f5es ou encontros pelo mundo Jo\u00e3o Paulo II falou a multid\u00f5es como certamente nenhum outro Papa ou nem mesmo outro chefe de Estado at\u00e9 ent\u00e3o. Com o intuito de impulsionar o car\u00e1ter mission\u00e1rio da Igreja, teve a iniciativa de criar no ano de 1985 as Jornadas Mundiais da Juventude. Ao longo do seu pontificado foram realizadas 19 jornadas, reunindo milhares de jovens cat\u00f3licos. Iniciativa semelhante, mas agora voltada para as fam\u00edlias, inaugurou o Encontro do Papa com as fam\u00edlias, iniciado por Jo\u00e3o Paulo II em 1994. Coube tamb\u00e9m a este Papa conduzir a Igreja Cat\u00f3lica na entrada para o terceiro mil\u00eanio. Para marcar a data, proclamou o Grande Jubileu do ano 2000. Como prepara\u00e7\u00e3o para este acontecimento, escreveu a Carta Apost\u00f3lica <strong><em>Tertio millennio adveniente<\/em><\/strong>, instruindo toda a Igreja Cat\u00f3lica para a celebra\u00e7\u00e3o do jubileu. Tendo sido celebrado o jubileu, escreveu outra Carta Apost\u00f3lica <strong><em>Novo millenio ineunte<\/em><\/strong> introduzindo a Igreja Cat\u00f3lica no novo mil\u00eanio. Promoveu por tr\u00eas vezes durante seu pontificado anos santos especiais: Ano da Reden\u00e7\u00e3o (1983), Ano Mariano (1987\/1988) e Ano da Eucaristia (2004\/2005), al\u00e9m dos anos santos ordin\u00e1rios.<\/p>\n<p style=\"text-align: justify;\">\u00a0\u00a0\u00a0\u00a0\u00a0\u00a0\u00a0\u00a0 Tomou muitas iniciativas de promo\u00e7\u00e3o do di\u00e1logo ecum\u00eanico e inter-religioso, tendo recebido em audi\u00eancia ou visitado quando de suas viagens muitos l\u00edderes religiosos. Sua mais conhecida iniciativa no campo do di\u00e1logo foram os encontros de Assis, onde \u2013 a convite de Jo\u00e3o Paulo II \u2013 \u00a0l\u00edderes de diversas religi\u00f5es se reuniram nos encontros de ora\u00e7\u00e3o pela paz.<\/p>\n<p style=\"text-align: justify;\">\u00a0\u00a0\u00a0\u00a0\u00a0\u00a0\u00a0\u00a0 Emanou durante seu pontificado um n\u00famero bastante grande de escritos: 14 Enc\u00edclicas, 15 Exorta\u00e7\u00f5es Apost\u00f3licas, 11 Constitui\u00e7\u00f5es Apost\u00f3licas e 45 Cartas Apost\u00f3licas, al\u00e9m das mensagens e outros textos. Promulgou igualmente o Catecismo da Igreja Cat\u00f3lica, a reformula\u00e7\u00e3o do C\u00f3digo de Direito Can\u00f4nico e do C\u00f3digo de C\u00e2nones das Igrejas Orientais. Ademais, publicou como doutor privado 5 livros. Em seu pontificado realizou numerosas beatifica\u00e7\u00f5es e canoniza\u00e7\u00f5es: ao todo, Jo\u00e3o Paulo II proclamou 1338 beatos e 482 santos.<\/p>\n<p style=\"text-align: justify;\">\u00a0\u00a0\u00a0\u00a0\u00a0\u00a0\u00a0\u00a0 Reformou a C\u00faria Romana, ampliou o col\u00e9gio cardinal\u00edcio, criando 231 cardeais em 9 consist\u00f3rios (e mais um cardeal \u201cin pectore\u201d, cujo nome n\u00e3o chegou a revelar antes de sua morte). Convocou nove reuni\u00f5es plen\u00e1rias do Col\u00e9gio Cardinal\u00edcio e presidiu 15 Assembleias do S\u00ednodo dos Bispos.<\/p>\n<p style=\"text-align: justify;\">\u00a0\u00a0\u00a0\u00a0\u00a0\u00a0\u00a0\u00a0 Jo\u00e3o Paulo II faleceu no dia 02 de abril de 2005, v\u00e9spera do domingo da miseric\u00f3rdia (criado por ele) encerrando um dos pontificados mais longos da hist\u00f3ria da Igreja: 26 anos e cinco meses. Suas ex\u00e9quias foram celebradas no dia 8 de abril. Entre a data de seu falecimento e as ex\u00e9quias, cerca de tr\u00eas milh\u00f5es de pessoas visitaram a bas\u00edlica de S\u00e3o Pedro para render-lhe homenagem. O Papa Jo\u00e3o Paulo II foi canonizado no dia 27 de abril de 2014, tornando assim chamado de S\u00e3o Jo\u00e3o Paulo II. Sua festa lit\u00fargica \u00e9 celebrada no dia 22 de outubro. Queremos pedir a S\u00e3o Jo\u00e3o Paulo II que interceda por n\u00f3s e nos aben\u00e7oe da \u201cjanela do c\u00e9u\u201d dando-nos for\u00e7as para a cada dia fazermos vontade de Deus. A b\u00ean\u00e7\u00e3o Jo\u00e3o de Deus, o povo te abra\u00e7a!<\/p>\n","protected":false},"excerpt":{"rendered":"<p>\u00a0\u00a0\u00a0\u00a0\u00a0\u00a0\u00a0\u00a0 A elei\u00e7\u00e3o do sucessor de Jo\u00e3o Paulo I causou grande surpresa. Em 16 de outubro de 1978, pela primeira vez depois de 456 anos, era eleito papa um n\u00e3o italiano, o arcebispo de Crac\u00f3via, o cardeal Karol Woityla. Nascido Wadowice, em 18 de maio de 1920, somente com enormes dificuldades p\u00f4de concluir os estudos [&hellip;]<\/p>\n","protected":false},"author":5,"featured_media":55819,"comment_status":"open","ping_status":"closed","sticky":false,"template":"","format":"standard","meta":{"footnotes":""},"categories":[9],"tags":[],"class_list":["post-76764","post","type-post","status-publish","format-standard","has-post-thumbnail","hentry","category-artigos"],"_links":{"self":[{"href":"https:\/\/catolicanet.net\/wp-cnet\/wp-json\/wp\/v2\/posts\/76764","targetHints":{"allow":["GET"]}}],"collection":[{"href":"https:\/\/catolicanet.net\/wp-cnet\/wp-json\/wp\/v2\/posts"}],"about":[{"href":"https:\/\/catolicanet.net\/wp-cnet\/wp-json\/wp\/v2\/types\/post"}],"author":[{"embeddable":true,"href":"https:\/\/catolicanet.net\/wp-cnet\/wp-json\/wp\/v2\/users\/5"}],"replies":[{"embeddable":true,"href":"https:\/\/catolicanet.net\/wp-cnet\/wp-json\/wp\/v2\/comments?post=76764"}],"version-history":[{"count":1,"href":"https:\/\/catolicanet.net\/wp-cnet\/wp-json\/wp\/v2\/posts\/76764\/revisions"}],"predecessor-version":[{"id":76765,"href":"https:\/\/catolicanet.net\/wp-cnet\/wp-json\/wp\/v2\/posts\/76764\/revisions\/76765"}],"wp:featuredmedia":[{"embeddable":true,"href":"https:\/\/catolicanet.net\/wp-cnet\/wp-json\/wp\/v2\/media\/55819"}],"wp:attachment":[{"href":"https:\/\/catolicanet.net\/wp-cnet\/wp-json\/wp\/v2\/media?parent=76764"}],"wp:term":[{"taxonomy":"category","embeddable":true,"href":"https:\/\/catolicanet.net\/wp-cnet\/wp-json\/wp\/v2\/categories?post=76764"},{"taxonomy":"post_tag","embeddable":true,"href":"https:\/\/catolicanet.net\/wp-cnet\/wp-json\/wp\/v2\/tags?post=76764"}],"curies":[{"name":"wp","href":"https:\/\/api.w.org\/{rel}","templated":true}]}}