{"id":76738,"date":"2022-10-24T10:20:17","date_gmt":"2022-10-24T13:20:17","guid":{"rendered":"https:\/\/catolicanet.net\/wp-cnet\/?p=76738"},"modified":"2022-10-24T12:21:19","modified_gmt":"2022-10-24T15:21:19","slug":"dom-mario-antonio-da-silva-recebe-o-palio-arquiepiscopal-e-dom-mauricio-toma-posse-em-rondonopolis-guiratinga","status":"publish","type":"post","link":"https:\/\/catolicanet.net\/wp-cnet\/dom-mario-antonio-da-silva-recebe-o-palio-arquiepiscopal-e-dom-mauricio-toma-posse-em-rondonopolis-guiratinga\/","title":{"rendered":"DOM M\u00c1RIO ANT\u00d4NIO DA SILVA RECEBE O PALIO ARQUIEPISCOPAL E DOM MAUR\u00cdCIO TOMA POSSE EM RONDON\u00d3POLIS-GUIRATINGA"},"content":{"rendered":"<p style=\"text-align: justify;\">O n\u00fancio apost\u00f3lico no Brasil, dom Giambattista Diquattro, esteve no Mato Grosso, no \u00faltimo final de semana. A agenda contou com a celebra\u00e7\u00e3o de imposi\u00e7\u00e3o do Palio arquiepiscopal ao arcebispo metropolitano de Cuiab\u00e1, dom M\u00e1rio Ant\u00f4nio da Silva, reuni\u00e3o com os bispos do Regional e a missa de posse do novo bispo de Rondon\u00f3polis-Guiratinga, dom Maur\u00edcio da Silva Jardim.<\/p>\n<p style=\"text-align: justify;\">A imposi\u00e7\u00e3o do Palio, uma pe\u00e7a de l\u00e3 usada pelos arcebispos sobre os ombros e que simboliza a comunh\u00e3o com o Papa, foi realizada na sexta-feira, dia 21, na catedral bas\u00edlica\u00a0Bom Jesus com a presen\u00e7a dos bispos das dioceses do Mato Grosso que fazem parte da Prov\u00edncia, padres, di\u00e1conos, consagrados e consagradas e fi\u00e9is leigos e leigas.<\/p>\n<p style=\"text-align: justify;\"><img decoding=\"async\" class=\"aligncenter\" src=\"http:\/\/www.arquidiocesecuiaba.org.br\/wp-content\/uploads\/2022\/10\/00000-1-400x300.jpg\" \/><\/p>\n<p style=\"text-align: justify;\"><img decoding=\"async\" class=\"aligncenter\" src=\"http:\/\/www.arquidiocesecuiaba.org.br\/wp-content\/uploads\/2022\/10\/000000000000000-400x300.jpg\" \/><\/p>\n<p style=\"text-align: justify;\"><img loading=\"lazy\" decoding=\"async\" class=\"alignleft size-full wp-image-932447\" src=\"https:\/\/eadn-wc02-718006.nxedge.io\/cdn\/wp-content\/uploads\/2022\/10\/Imposicao-palio-dom-Mario-2.jpg\" sizes=\"auto, (max-width: 848px) 100vw, 848px\" srcset=\"https:\/\/eadn-wc02-718006.nxedge.io\/cdn\/wp-content\/uploads\/2022\/10\/Imposicao-palio-dom-Mario-2.jpg 848w, https:\/\/eadn-wc02-718006.nxedge.io\/cdn\/wp-content\/uploads\/2022\/10\/Imposicao-palio-dom-Mario-2-300x168.jpg 300w, https:\/\/eadn-wc02-718006.nxedge.io\/cdn\/wp-content\/uploads\/2022\/10\/Imposicao-palio-dom-Mario-2-768x429.jpg 768w, https:\/\/eadn-wc02-718006.nxedge.io\/cdn\/wp-content\/uploads\/2022\/10\/Imposicao-palio-dom-Mario-2-500x279.jpg 500w, https:\/\/eadn-wc02-718006.nxedge.io\/cdn\/wp-content\/uploads\/2022\/10\/Imposicao-palio-dom-Mario-2-446x248.jpg 446w\" alt=\"\" width=\"848\" height=\"474\" \/><\/p>\n<p style=\"text-align: justify;\">Na manh\u00e3 do s\u00e1bado, 22, Dom Giambattista esteve reunido reservadamente com os bispos do Regional, na sede do secretariado, em Cuiab\u00e1.<\/p>\n<p style=\"text-align: justify;\"><img decoding=\"async\" class=\"aligncenter\" src=\"https:\/\/www.cnbbo2.org.br\/wp-content\/uploads\/2022\/10\/03-scaled.jpg\" \/><\/p>\n<p style=\"text-align: justify;\">J\u00e1 em Rondon\u00f3polis, o n\u00fancio apost\u00f3lico e os bispos do Mato Grosso e de outros estados participaram da posse de dom Maur\u00edcio Jardim como bispo diocesano da diocese de Rondon\u00f3polis-Guiratinga. A celebra\u00e7\u00e3o foi na catedral Santa Cruz, na manh\u00e3 de domingo, 23.<\/p>\n<div id=\"gallery-1\" class=\"gallery galleryid-932432 gallery-columns-3 gallery-size-medium\" style=\"text-align: justify;\">\n<figure class=\"gallery-item\">\n<div class=\"gallery-icon landscape\"><a class=\"rl-gallery-link\" title=\"\" href=\"https:\/\/eadn-wc02-718006.nxedge.io\/cdn\/wp-content\/uploads\/2022\/10\/Posse-dom-Mauricio-homilia-2.jpg\" data-rl_title=\"\" data-rl_caption=\"\" data-rel=\"lightbox-gallery-1\" data-rl_=\"\"><img loading=\"lazy\" decoding=\"async\" class=\"attachment-medium size-medium\" src=\"https:\/\/eadn-wc02-718006.nxedge.io\/cdn\/wp-content\/uploads\/2022\/10\/Posse-dom-Mauricio-homilia-2-300x166.jpg\" sizes=\"auto, (max-width: 300px) 100vw, 300px\" srcset=\"https:\/\/eadn-wc02-718006.nxedge.io\/cdn\/wp-content\/uploads\/2022\/10\/Posse-dom-Mauricio-homilia-2-300x166.jpg 300w, https:\/\/eadn-wc02-718006.nxedge.io\/cdn\/wp-content\/uploads\/2022\/10\/Posse-dom-Mauricio-homilia-2-768x425.jpg 768w, https:\/\/eadn-wc02-718006.nxedge.io\/cdn\/wp-content\/uploads\/2022\/10\/Posse-dom-Mauricio-homilia-2-500x277.jpg 500w, https:\/\/eadn-wc02-718006.nxedge.io\/cdn\/wp-content\/uploads\/2022\/10\/Posse-dom-Mauricio-homilia-2-446x248.jpg 446w, https:\/\/eadn-wc02-718006.nxedge.io\/cdn\/wp-content\/uploads\/2022\/10\/Posse-dom-Mauricio-homilia-2.jpg 998w\" alt=\"\" width=\"300\" height=\"166\" \/><\/a><\/div>\n<\/figure>\n<figure class=\"gallery-item\">\n<div class=\"gallery-icon landscape\"><a class=\"rl-gallery-link\" title=\"\" href=\"https:\/\/eadn-wc02-718006.nxedge.io\/cdn\/wp-content\/uploads\/2022\/10\/Posse-dom-Mauricio-homilia-3.jpg\" data-rl_title=\"\" data-rl_caption=\"\" data-rel=\"lightbox-gallery-1\" data-rl_=\"\"><img loading=\"lazy\" decoding=\"async\" class=\"attachment-medium size-medium\" src=\"https:\/\/eadn-wc02-718006.nxedge.io\/cdn\/wp-content\/uploads\/2022\/10\/Posse-dom-Mauricio-homilia-3-300x166.jpg\" sizes=\"auto, (max-width: 300px) 100vw, 300px\" srcset=\"https:\/\/eadn-wc02-718006.nxedge.io\/cdn\/wp-content\/uploads\/2022\/10\/Posse-dom-Mauricio-homilia-3-300x166.jpg 300w, https:\/\/eadn-wc02-718006.nxedge.io\/cdn\/wp-content\/uploads\/2022\/10\/Posse-dom-Mauricio-homilia-3-768x424.jpg 768w, https:\/\/eadn-wc02-718006.nxedge.io\/cdn\/wp-content\/uploads\/2022\/10\/Posse-dom-Mauricio-homilia-3-500x276.jpg 500w, https:\/\/eadn-wc02-718006.nxedge.io\/cdn\/wp-content\/uploads\/2022\/10\/Posse-dom-Mauricio-homilia-3-446x248.jpg 446w, https:\/\/eadn-wc02-718006.nxedge.io\/cdn\/wp-content\/uploads\/2022\/10\/Posse-dom-Mauricio-homilia-3.jpg 996w\" alt=\"\" width=\"300\" height=\"166\" \/><\/a><\/div>\n<\/figure>\n<figure class=\"gallery-item\">\n<div class=\"gallery-icon landscape\"><a class=\"rl-gallery-link\" title=\"\" href=\"https:\/\/eadn-wc02-718006.nxedge.io\/cdn\/wp-content\/uploads\/2022\/10\/Posse-dom-Mauricio-nuncio.jpg\" data-rl_title=\"\" data-rl_caption=\"\" data-rel=\"lightbox-gallery-1\" data-rl_=\"\"><img loading=\"lazy\" decoding=\"async\" class=\"attachment-medium size-medium\" src=\"https:\/\/eadn-wc02-718006.nxedge.io\/cdn\/wp-content\/uploads\/2022\/10\/Posse-dom-Mauricio-nuncio-300x169.jpg\" sizes=\"auto, (max-width: 300px) 100vw, 300px\" srcset=\"https:\/\/eadn-wc02-718006.nxedge.io\/cdn\/wp-content\/uploads\/2022\/10\/Posse-dom-Mauricio-nuncio-300x169.jpg 300w, https:\/\/eadn-wc02-718006.nxedge.io\/cdn\/wp-content\/uploads\/2022\/10\/Posse-dom-Mauricio-nuncio-768x432.jpg 768w, https:\/\/eadn-wc02-718006.nxedge.io\/cdn\/wp-content\/uploads\/2022\/10\/Posse-dom-Mauricio-nuncio-500x281.jpg 500w, https:\/\/eadn-wc02-718006.nxedge.io\/cdn\/wp-content\/uploads\/2022\/10\/Posse-dom-Mauricio-nuncio.jpg 988w\" alt=\"\" width=\"300\" height=\"169\" \/><\/a><\/div>\n<\/figure>\n<figure class=\"gallery-item\">\n<div class=\"gallery-icon landscape\"><a class=\"rl-gallery-link\" title=\"\" href=\"https:\/\/eadn-wc02-718006.nxedge.io\/cdn\/wp-content\/uploads\/2022\/10\/Posse-dom-Mauricio-com-dom-Mario.jpg\" data-rl_title=\"\" data-rl_caption=\"\" data-rel=\"lightbox-gallery-1\" data-rl_=\"\"><img loading=\"lazy\" decoding=\"async\" class=\"attachment-medium size-medium\" src=\"https:\/\/eadn-wc02-718006.nxedge.io\/cdn\/wp-content\/uploads\/2022\/10\/Posse-dom-Mauricio-com-dom-Mario-300x168.jpg\" sizes=\"auto, (max-width: 300px) 100vw, 300px\" srcset=\"https:\/\/eadn-wc02-718006.nxedge.io\/cdn\/wp-content\/uploads\/2022\/10\/Posse-dom-Mauricio-com-dom-Mario-300x168.jpg 300w, https:\/\/eadn-wc02-718006.nxedge.io\/cdn\/wp-content\/uploads\/2022\/10\/Posse-dom-Mauricio-com-dom-Mario-768x429.jpg 768w, https:\/\/eadn-wc02-718006.nxedge.io\/cdn\/wp-content\/uploads\/2022\/10\/Posse-dom-Mauricio-com-dom-Mario-500x280.jpg 500w, https:\/\/eadn-wc02-718006.nxedge.io\/cdn\/wp-content\/uploads\/2022\/10\/Posse-dom-Mauricio-com-dom-Mario-446x248.jpg 446w, https:\/\/eadn-wc02-718006.nxedge.io\/cdn\/wp-content\/uploads\/2022\/10\/Posse-dom-Mauricio-com-dom-Mario.jpg 998w\" alt=\"\" width=\"300\" height=\"168\" \/><\/a><\/div>\n<\/figure>\n<figure class=\"gallery-item\">\n<div class=\"gallery-icon landscape\"><a class=\"rl-gallery-link\" title=\"\" href=\"https:\/\/eadn-wc02-718006.nxedge.io\/cdn\/wp-content\/uploads\/2022\/10\/Posse-dom-Mauricio-indigenas.png\" data-rl_title=\"\" data-rl_caption=\"\" data-rel=\"lightbox-gallery-1\" data-rl_=\"\"><img loading=\"lazy\" decoding=\"async\" class=\"attachment-medium size-medium\" src=\"https:\/\/eadn-wc02-718006.nxedge.io\/cdn\/wp-content\/uploads\/2022\/10\/Posse-dom-Mauricio-indigenas-300x168.png\" sizes=\"auto, (max-width: 300px) 100vw, 300px\" srcset=\"https:\/\/eadn-wc02-718006.nxedge.io\/cdn\/wp-content\/uploads\/2022\/10\/Posse-dom-Mauricio-indigenas-300x168.png 300w, https:\/\/eadn-wc02-718006.nxedge.io\/cdn\/wp-content\/uploads\/2022\/10\/Posse-dom-Mauricio-indigenas-768x430.png 768w, https:\/\/eadn-wc02-718006.nxedge.io\/cdn\/wp-content\/uploads\/2022\/10\/Posse-dom-Mauricio-indigenas-500x280.png 500w, https:\/\/eadn-wc02-718006.nxedge.io\/cdn\/wp-content\/uploads\/2022\/10\/Posse-dom-Mauricio-indigenas-446x248.png 446w, https:\/\/eadn-wc02-718006.nxedge.io\/cdn\/wp-content\/uploads\/2022\/10\/Posse-dom-Mauricio-indigenas.png 996w\" alt=\"\" width=\"300\" height=\"168\" \/><\/a><\/div>\n<\/figure>\n<figure class=\"gallery-item\">\n<div class=\"gallery-icon landscape\"><a class=\"rl-gallery-link\" title=\"\" href=\"https:\/\/eadn-wc02-718006.nxedge.io\/cdn\/wp-content\/uploads\/2022\/10\/Posse-dom-Mauricio-Rondonopolis.png\" data-rl_title=\"\" data-rl_caption=\"\" data-rel=\"lightbox-gallery-1\" data-rl_=\"\"><img loading=\"lazy\" decoding=\"async\" class=\"attachment-medium size-medium\" src=\"https:\/\/eadn-wc02-718006.nxedge.io\/cdn\/wp-content\/uploads\/2022\/10\/Posse-dom-Mauricio-Rondonopolis-300x194.png\" sizes=\"auto, (max-width: 300px) 100vw, 300px\" srcset=\"https:\/\/eadn-wc02-718006.nxedge.io\/cdn\/wp-content\/uploads\/2022\/10\/Posse-dom-Mauricio-Rondonopolis-300x194.png 300w, https:\/\/eadn-wc02-718006.nxedge.io\/cdn\/wp-content\/uploads\/2022\/10\/Posse-dom-Mauricio-Rondonopolis-500x323.png 500w, https:\/\/eadn-wc02-718006.nxedge.io\/cdn\/wp-content\/uploads\/2022\/10\/Posse-dom-Mauricio-Rondonopolis.png 730w\" alt=\"\" width=\"300\" height=\"194\" \/><\/a><\/div>\n<\/figure>\n<\/div>\n<p style=\"text-align: justify;\">Com informa\u00e7\u00f5es e fotos da\u00a0<a href=\"http:\/\/www.arquidiocesecuiaba.org.br\/?p=29278\" target=\"_blank\" rel=\"noopener\">arquidiocese de Cuiab\u00e1<\/a>, do\u00a0<a href=\"https:\/\/www.cnbbo2.org.br\/visita-do-nuncio-apostolico-ao-mato-grosso\/#prettyPhoto\" target=\"_blank\" rel=\"noopener\">Regional Oeste 2<\/a>\u00a0e da\u00a0<a href=\"https:\/\/www.facebook.com\/diocesederondonopolisguiratinga\/videos\/877488716968810\/\" target=\"_blank\" rel=\"noopener\">diocese de Rondon\u00f3polis-Guiratinga<\/a><\/p>\n<p style=\"text-align: justify;\">\n<div class=\" col-md-12\" style=\"text-align: justify;\">\n<div class=\"row\">\n<section class=\"title-interno\">\n<div class=\"container\">\n<div class=\" col-md-12\">\n<h5><a href=\"https:\/\/www.cnbbo2.org.br\/visita-do-nuncio-apostolico-ao-mato-grosso\/\" target=\"_blank\" rel=\"noopener\"><span class=\"entry-title-primary\">Visita do N\u00fancio Apost\u00f3lico ao Mato Grosso<\/span><\/a><\/h5>\n<\/div>\n<\/div>\n<\/section>\n<\/div>\n<\/div>\n<div class=\"container\" style=\"text-align: justify;\">\n<div class=\"row\">\n<div class=\" col-md-12\"><\/div>\n<\/div>\n<\/div>\n<h5 style=\"text-align: justify;\"><a href=\"https:\/\/www.facebook.com\/diocesederondonopolisguiratinga\/videos\/877488716968810\/\" target=\"_blank\" rel=\"noopener\">Transmiss\u00e3o da Missa de Posse de dom Maur\u00edcio da Silva Jardim<\/a><\/h5>\n<p style=\"text-align: justify;\">\n","protected":false},"excerpt":{"rendered":"<p>O n\u00fancio apost\u00f3lico no Brasil, dom Giambattista Diquattro, esteve no Mato Grosso, no \u00faltimo final de semana. A agenda contou com a celebra\u00e7\u00e3o de imposi\u00e7\u00e3o do Palio arquiepiscopal ao arcebispo metropolitano de Cuiab\u00e1, dom M\u00e1rio Ant\u00f4nio da Silva, reuni\u00e3o com os bispos do Regional e a missa de posse do novo bispo de Rondon\u00f3polis-Guiratinga, dom [&hellip;]<\/p>\n","protected":false},"author":1,"featured_media":76739,"comment_status":"open","ping_status":"closed","sticky":false,"template":"","format":"standard","meta":{"footnotes":""},"categories":[7],"tags":[],"class_list":["post-76738","post","type-post","status-publish","format-standard","has-post-thumbnail","hentry","category-cnbb"],"_links":{"self":[{"href":"https:\/\/catolicanet.net\/wp-cnet\/wp-json\/wp\/v2\/posts\/76738","targetHints":{"allow":["GET"]}}],"collection":[{"href":"https:\/\/catolicanet.net\/wp-cnet\/wp-json\/wp\/v2\/posts"}],"about":[{"href":"https:\/\/catolicanet.net\/wp-cnet\/wp-json\/wp\/v2\/types\/post"}],"author":[{"embeddable":true,"href":"https:\/\/catolicanet.net\/wp-cnet\/wp-json\/wp\/v2\/users\/1"}],"replies":[{"embeddable":true,"href":"https:\/\/catolicanet.net\/wp-cnet\/wp-json\/wp\/v2\/comments?post=76738"}],"version-history":[{"count":1,"href":"https:\/\/catolicanet.net\/wp-cnet\/wp-json\/wp\/v2\/posts\/76738\/revisions"}],"predecessor-version":[{"id":76740,"href":"https:\/\/catolicanet.net\/wp-cnet\/wp-json\/wp\/v2\/posts\/76738\/revisions\/76740"}],"wp:featuredmedia":[{"embeddable":true,"href":"https:\/\/catolicanet.net\/wp-cnet\/wp-json\/wp\/v2\/media\/76739"}],"wp:attachment":[{"href":"https:\/\/catolicanet.net\/wp-cnet\/wp-json\/wp\/v2\/media?parent=76738"}],"wp:term":[{"taxonomy":"category","embeddable":true,"href":"https:\/\/catolicanet.net\/wp-cnet\/wp-json\/wp\/v2\/categories?post=76738"},{"taxonomy":"post_tag","embeddable":true,"href":"https:\/\/catolicanet.net\/wp-cnet\/wp-json\/wp\/v2\/tags?post=76738"}],"curies":[{"name":"wp","href":"https:\/\/api.w.org\/{rel}","templated":true}]}}