{"id":76653,"date":"2022-10-21T09:34:40","date_gmt":"2022-10-21T12:34:40","guid":{"rendered":"https:\/\/catolicanet.net\/wp-cnet\/?p=76653"},"modified":"2022-10-21T16:41:41","modified_gmt":"2022-10-21T19:41:41","slug":"papa-e-urgente-uma-nova-economia-mundial-que-seja-inclusiva","status":"publish","type":"post","link":"https:\/\/catolicanet.net\/wp-cnet\/papa-e-urgente-uma-nova-economia-mundial-que-seja-inclusiva\/","title":{"rendered":"Papa: \u00e9 urgente uma nova economia mundial que seja inclusiva"},"content":{"rendered":"<p>Francisco encontrou participantes do Congresso Mundial da Unipac na Sala Paulo VI<\/p>\n<div class=\"article__subTitle\" style=\"text-align: justify;\">Inclusiva, explicou Francisco em discurso aos participantes do Congresso Internacional da Uniapac, ao dar uma vida digna aos jovens, pobres, migrantes e marginalizados com a cria\u00e7\u00e3o de empregos. Na audi\u00eancia desta sexta (21) a empres\u00e1rios de 40 pa\u00edses, tamb\u00e9m provenientes do Brasil, o Papa afirmou que qualquer nova economia para o bem comum tamb\u00e9m deve cuidar da natureza, assegurando um futuro sustent\u00e1vel \u00e0s novas gera\u00e7\u00f5es.<\/div>\n<div class=\"title__separator\" style=\"text-align: justify;\"><\/div>\n<div class=\"article__text \">\n<div style=\"text-align: justify;\">\n<div class=\"article__embed article__embed--unwrap article__embed--dark\">\n<div class=\"article__innerTitle\">Ou\u00e7a a reportagem com a voz do Papa<\/div>\n<div>\n<!--[if lt IE 9]><script>document.createElement('audio');<\/script><![endif]-->\n<audio class=\"wp-audio-shortcode\" id=\"audio-76653-1\" preload=\"none\" style=\"width: 100%;\" controls=\"controls\"><source type=\"audio\/mpeg\" src=\"https:\/\/media.vaticannews.va\/media\/audio\/s1\/2022\/10\/21\/16\/136759593_F136759593.mp3?_=1\" \/><a href=\"https:\/\/media.vaticannews.va\/media\/audio\/s1\/2022\/10\/21\/16\/136759593_F136759593.mp3\">https:\/\/media.vaticannews.va\/media\/audio\/s1\/2022\/10\/21\/16\/136759593_F136759593.mp3<\/a><\/audio>\n<\/div>\n<\/div>\n<\/div>\n<p style=\"text-align: justify;\"><b>Andressa Collet &#8211; Vatican News<\/b><\/p>\n<p style=\"text-align: justify;\">A Sala Paulo VI, no Vaticano, recebeu nesta sexta-feira (21) mais de 800 gestores e empres\u00e1rios de 40 pa\u00edses, inclusive cerca de 20 deles do Brasil, que participam do\u00a0<a href=\"https:\/\/www.uniapacworldcongress2022.com\/it\/home-ita\/\" target=\"_blank\" rel=\"external nofollow noopener\">27\u00b0 Congresso Mundial da Uniapac<\/a>\u00a0&#8211; a Uni\u00e3o Crist\u00e3 Internacional de Executivos, uma organiza\u00e7\u00e3o ecum\u00eanica sem fins lucrativos com sede em Paris. O\u00a0<a href=\"https:\/\/www.uniapacworldcongress2022.com\/wp-content\/uploads\/2022\/10\/IT-Agenda-of-the-XXVII-UNIAPAC-World-Congress.pdf\" target=\"_blank\" rel=\"external nofollow noopener\">evento de tr\u00eas dias<\/a>\u00a0termina neste s\u00e1bado (22), com o ponto alto justamente no encontro com o Papa Francisco que procurou refor\u00e7ar o compromisso da nobre voca\u00e7\u00e3o da classe atrav\u00e9s do tema que orienta o evento, ou seja, &#8220;a coragem de mudar&#8221; o modo de viver dentro das empresas, as rela\u00e7\u00f5es entre dirigentes e dependentes e at\u00e9 com o meio ambiente.<\/p>\n<div style=\"text-align: justify;\">\n<div class=\"article__embed article__embed--border embed_style\">\n<blockquote><p>\u201cA mudan\u00e7a sempre requer coragem. Mas a verdadeira coragem tamb\u00e9m exige que sejamos capazes de reconhecer a gra\u00e7a divina na nossa vida.\u201d<\/p><\/blockquote>\n<\/div>\n<\/div>\n<h2 style=\"text-align: justify;\">A nova economia para o bem comum<\/h2>\n<p style=\"text-align: justify;\">A gra\u00e7a de Deus, continuou o Papa em discurso, permite guiar as rela\u00e7\u00f5es dentro do mundo dos neg\u00f3cios para se\u00a0<i>criar uma nova economia para o bem comum<\/i>, mesmo diante de tantos desafios para coloc\u00e1-la em pr\u00e1tica. &#8220;N\u00e3o h\u00e1 d\u00favida de que nosso mundo precisa urgentemente &#8216;de uma economia diferente, aquela que faz viver e n\u00e3o mata, inclui e n\u00e3o exclui, humaniza e n\u00e3o desumaniza, cuida da cria\u00e7\u00e3o e n\u00e3o a destrua&#8221;, disse Francisco ao citar mensagem do evento &#8216;Economia de Francisco&#8217; (2019).<\/p>\n<p style=\"text-align: justify;\"><i>&#8220;Portanto,\u00a0<b>qualquer &#8216;nova economia para o bem comum&#8217; deve ser inclusiva.\u00a0<\/b>Muitas vezes o slogan &#8216;n\u00e3o deixar ningu\u00e9m para tr\u00e1s&#8217; \u00e9 proferido sem qualquer inten\u00e7\u00e3o de oferecer o sacrif\u00edcio e o esfor\u00e7o para realmente transformar essas palavras em realidade. [&#8230;] No cumprimento da profiss\u00e3o, voc\u00eas, l\u00edderes de empresas e empres\u00e1rios, s\u00e3o chamados a agir como fermento para garantir que o desenvolvimento chegue a todas as pessoas, mas especialmente \u00e0s mais marginalizadas, mais necessitadas, de modo que a economia possa sempre contribuir para o crescimento humano integral.&#8221;<\/i><\/p>\n<p style=\"text-align: justify;\">Francisco, assim, elencou os trabalhadores \u00e0 margem do mercado de trabalho aos quais os empres\u00e1rios s\u00e3o chamados a priorizar com a cria\u00e7\u00e3o de emprego: os pouco qualificados; diaristas; do setor informal; trabalhadores migrantes e refugiados; aqueles que &#8220;realizam o que \u00e9 comumente chamado de &#8216;trabalho de tr\u00eas dimens\u00f5es&#8217;: perigoso, sujo e degradante; pobres e marginalizados.<\/p>\n<div style=\"text-align: justify;\">\n<div class=\"article__embed article__embed--border embed_style\">\n<blockquote><p>\u201cNa verdade, a porta de entrada para a dignidade de um homem \u00e9 o trabalho. N\u00e3o basta levar o p\u00e3o para casa, \u00e9 necess\u00e1rio ganhar o p\u00e3o que eu levo para casa.\u201d<\/p><\/blockquote>\n<\/div>\n<\/div>\n<h2 style=\"text-align: justify;\">A &#8220;economia do Evangelho&#8221;<\/h2>\n<p style=\"text-align: justify;\">A Uniapac, que representa mais de 45 mil executivos da Europa, Am\u00e9rica Latina, Am\u00e9rica do Norte, \u00c1frica e \u00c1sia, procura promover a vis\u00e3o dessa economia a servi\u00e7o da pessoa e do bem comum. Mas o Papa vai al\u00e9m e pede que tamb\u00e9m seja integrada a uma &#8220;economia de cuidado&#8221;, inclusive do meio ambiente, sem destruir a cria\u00e7\u00e3o. Esse \u00e9 um dos pontos principais do Pacto assinado no fim de setembro, em Assis, por mil jovens economistas e empreendedores para melhorar o sistema econ\u00f4mico global, que Francisco compartilhou na audi\u00eancia desta sexta (21). &#8220;Para uma nova economia do bem comum&#8221;, eles propuseram uma &#8220;economia do Evangelho&#8221;, que, entre outras coisas, inclui:<\/p>\n<p style=\"text-align: justify;\"><i>&#8211; uma economia de paz e n\u00e3o de guerra;<br \/>\n&#8211; uma economia que cuida da cria\u00e7\u00e3o e n\u00e3o a destroi;<br \/>\n&#8211; uma economia a servi\u00e7o da pessoa, da fam\u00edlia e da vida;<br \/>\n&#8211; uma economia onde o cuidado substitui o descarte e a indiferen\u00e7a;<br \/>\n&#8211; uma economia que n\u00e3o deixa ningu\u00e9m para tr\u00e1s;<br \/>\n&#8211; uma economia que reconhece e protege o trabalho decente e seguro para todos;<br \/>\n&#8211; uma economia em que as finan\u00e7as sejam amigas e aliadas da economia real e do trabalho, e n\u00e3o contra eles.<\/i><\/p>\n<div>\n<div class=\"article__embed article__embed--border embed_style\">\n<blockquote><p>\u201cGostaria de encoraj\u00e1-los, l\u00edderes de empresas e empres\u00e1rios maduros e bem-sucedidos, a considerar uma nova alian\u00e7a com os jovens que criaram e se comprometeram com esse Pacto. \u00c9 verdade que os jovens sempre trazem problemas, mas t\u00eam o talento de mostrar o verdadeiro caminho. Para caminhar com eles, ensin\u00e1-los e aprender com eles, ensin\u00e1-los tamb\u00e9m; e, juntos, dar forma a &#8216;uma nova economia para o bem comum&#8217;. Obrigado pelo que fazem, obrigado por estarem aqui.\u201d<\/p><\/blockquote>\n<\/div>\n<\/div>\n<\/div>\n","protected":false},"excerpt":{"rendered":"<p>Francisco encontrou participantes do Congresso Mundial da Unipac na Sala Paulo VI Inclusiva, explicou Francisco em discurso aos participantes do Congresso Internacional da Uniapac, ao dar uma vida digna aos jovens, pobres, migrantes e marginalizados com a cria\u00e7\u00e3o de empregos. Na audi\u00eancia desta sexta (21) a empres\u00e1rios de 40 pa\u00edses, tamb\u00e9m provenientes do Brasil, o [&hellip;]<\/p>\n","protected":false},"author":1,"featured_media":76654,"comment_status":"open","ping_status":"closed","sticky":false,"template":"","format":"standard","meta":{"footnotes":""},"categories":[13,3],"tags":[],"class_list":["post-76653","post","type-post","status-publish","format-standard","has-post-thumbnail","hentry","category-featured","category-vaticano"],"_links":{"self":[{"href":"https:\/\/catolicanet.net\/wp-cnet\/wp-json\/wp\/v2\/posts\/76653","targetHints":{"allow":["GET"]}}],"collection":[{"href":"https:\/\/catolicanet.net\/wp-cnet\/wp-json\/wp\/v2\/posts"}],"about":[{"href":"https:\/\/catolicanet.net\/wp-cnet\/wp-json\/wp\/v2\/types\/post"}],"author":[{"embeddable":true,"href":"https:\/\/catolicanet.net\/wp-cnet\/wp-json\/wp\/v2\/users\/1"}],"replies":[{"embeddable":true,"href":"https:\/\/catolicanet.net\/wp-cnet\/wp-json\/wp\/v2\/comments?post=76653"}],"version-history":[{"count":1,"href":"https:\/\/catolicanet.net\/wp-cnet\/wp-json\/wp\/v2\/posts\/76653\/revisions"}],"predecessor-version":[{"id":76655,"href":"https:\/\/catolicanet.net\/wp-cnet\/wp-json\/wp\/v2\/posts\/76653\/revisions\/76655"}],"wp:featuredmedia":[{"embeddable":true,"href":"https:\/\/catolicanet.net\/wp-cnet\/wp-json\/wp\/v2\/media\/76654"}],"wp:attachment":[{"href":"https:\/\/catolicanet.net\/wp-cnet\/wp-json\/wp\/v2\/media?parent=76653"}],"wp:term":[{"taxonomy":"category","embeddable":true,"href":"https:\/\/catolicanet.net\/wp-cnet\/wp-json\/wp\/v2\/categories?post=76653"},{"taxonomy":"post_tag","embeddable":true,"href":"https:\/\/catolicanet.net\/wp-cnet\/wp-json\/wp\/v2\/tags?post=76653"}],"curies":[{"name":"wp","href":"https:\/\/api.w.org\/{rel}","templated":true}]}}