{"id":76571,"date":"2022-10-18T09:32:10","date_gmt":"2022-10-18T12:32:10","guid":{"rendered":"https:\/\/catolicanet.net\/wp-cnet\/?p=76571"},"modified":"2022-10-18T16:45:32","modified_gmt":"2022-10-18T19:45:32","slug":"papa-a-fao-alimentos-nao-sao-mercadorias-mas-um-dom-de-deus","status":"publish","type":"post","link":"https:\/\/catolicanet.net\/wp-cnet\/papa-a-fao-alimentos-nao-sao-mercadorias-mas-um-dom-de-deus\/","title":{"rendered":"Papa \u00e0 FAO: alimentos n\u00e3o s\u00e3o mercadorias, mas um dom de Deus"},"content":{"rendered":"<div class=\"article__subTitle\" style=\"text-align: justify;\">Francisco volta a falar de pobreza e fome neste dia 17 de outubro, que tamb\u00e9m \u00e9 de abertura do F\u00f3rum Mundial da Alimenta\u00e7\u00e3o. Em mensagem dirigida \u00e0 Organiza\u00e7\u00e3o para a Alimenta\u00e7\u00e3o e a Agricultura da ONU, o Papa alertou que os alimentos n\u00e3o devem ser tratados como mercadorias, porque &#8220;s\u00e3o frutos da terra&#8221;, &#8220;dom de Deus&#8221;, e n\u00f3s, &#8220;meros administradores&#8221;.<\/div>\n<div class=\"title__separator\" style=\"text-align: justify;\"><\/div>\n<div class=\"article__text \">\n<div style=\"text-align: justify;\">\n<div class=\"article__embed article__embed--unwrap article__embed--dark\">\n<div class=\"article__innerTitle\">Ou\u00e7a a reportagem e compartilhe<\/div>\n<div>\n<!--[if lt IE 9]><script>document.createElement('audio');<\/script><![endif]-->\n<audio class=\"wp-audio-shortcode\" id=\"audio-76571-1\" preload=\"none\" style=\"width: 100%;\" controls=\"controls\"><source type=\"audio\/mpeg\" src=\"https:\/\/media.vaticannews.va\/media\/audio\/s1\/2022\/10\/17\/15\/136753440_F136753440.mp3?_=1\" \/><a href=\"https:\/\/media.vaticannews.va\/media\/audio\/s1\/2022\/10\/17\/15\/136753440_F136753440.mp3\">https:\/\/media.vaticannews.va\/media\/audio\/s1\/2022\/10\/17\/15\/136753440_F136753440.mp3<\/a><\/audio>\n<\/div>\n<\/div>\n<\/div>\n<div style=\"text-align: justify;\">\n<aside class=\"article__readmore\">\n<article>\n<h2 class=\"teaser__title\">Papa no Dia da Erradica\u00e7\u00e3o da Pobreza: dar uma m\u00e3o para ter menos exclu\u00eddos<\/h2>\n<\/article>\n<\/aside>\n<\/div>\n<p style=\"text-align: justify;\"><b>Andressa Collet &#8211; Vatican News<\/b><\/p>\n<p style=\"text-align: justify;\">Uma segunda-feira, esta do dia 17 de outubro, pra se voltar \u00e0 reflex\u00e3o de uma convers\u00e3o econ\u00f4mica t\u00e3o fortemente exortada pelo Papa Francisco quando encontra p\u00fablicos capazes de agir para tanto, pensando nos mais pobres e nas injusti\u00e7as que assolam quem vive em situa\u00e7\u00e3o de mis\u00e9ria no mundo. Como foi no encontro da manh\u00e3 com empres\u00e1rios espanh\u00f3is no Vaticano, quando o Papa disse da import\u00e2ncia de se contribuir no combate &#8220;\u00e0 doen\u00e7a da mis\u00e9ria&#8221; com amor, sendo criativo no planejamento do trabalho e dando emprego aos pobres; ou atrav\u00e9s de uma mensagem enviada durante a tarde para a abertura do\u00a0<a href=\"https:\/\/www.world-food-forum.org\/flagship-event\/2022\/en\" target=\"_blank\" rel=\"external nofollow noopener\">II F\u00f3rum Mundial da Alimenta\u00e7\u00e3o<\/a>\u00a0da FAO.<\/p>\n<h2 style=\"text-align: justify;\">A preocupa\u00e7\u00e3o com as necessidades reais das pessoas<\/h2>\n<p style=\"text-align: justify;\">O texto do Pont\u00edfice, escrito em espanhol, foi dirigido ao diretor-geral da Organiza\u00e7\u00e3o para a Alimenta\u00e7\u00e3o e a Agricultura da ONU, Qu Dongyu, mas direcionado\u00a0a todos os participantes do evento e &#8220;\u00e0queles que se comprometem e se esfor\u00e7am todos os dias para erradicar a fome e a pobreza no mundo&#8221;. Na mensagem, o Papa procurou novamente enfatizar sobre o cuidado com o pr\u00f3ximo e com a cria\u00e7\u00e3o:<\/p>\n<div style=\"text-align: justify;\">\n<div class=\"article__embed article__embed--border embed_style\">\n<blockquote><p>\u201cA alimenta\u00e7\u00e3o \u00e9 fundamental para a vida humana, de fato, participa da sua sacralidade e n\u00e3o pode ser tratada como qualquer mercadoria. Os alimentos s\u00e3o sinais concretos da bondade do Criador e frutos da terra.\u201d<\/p><\/blockquote>\n<\/div>\n<\/div>\n<p style=\"text-align: justify;\">Como disse em mensagens recentes \u00e0 FAO, lembrou Francisco, &#8220;nossa primeira preocupa\u00e7\u00e3o deve se concentrar no ser humano como tal, considerado em sua integridade e levando em conta suas necessidades reais, em particular aquelas que carecem do sustento b\u00e1sico para a sobreviv\u00eancia&#8221;. Reconhecer e garantir a centralidade da pessoa humana, acrescentou ele no texto, sobretudo neste atual per\u00edodo de crises interligadas, \u00e9 o desafio proposto pela mensagem de Cristo &#8211; inclusive para aqueles que n\u00e3o creem &#8211; de n\u00e3o apenas dar de comer a quem precisa, disse o Pont\u00edfice, mas de nos entregarmos a servi\u00e7o dos outros: precisamos &#8220;voltar a acreditar na fraternidade e na solidariedade&#8221; como inspira\u00e7\u00e3o &#8220;da rela\u00e7\u00e3o entre as pessoas e os povos&#8221;.<\/p>\n<h2 style=\"text-align: justify;\">O alimento \u00e9 dom de Deus<\/h2>\n<p style=\"text-align: justify;\">O Papa tamb\u00e9m citou o exemplo dos av\u00f3s e &#8220;do\u00a0respeito que tinham pelo p\u00e3o; eles o beijavam quando o levavam para a mesa e n\u00e3o permitiam que nada fosse desperdi\u00e7ado. O pr\u00f3prio Cristo, na Eucaristia, tornou-se p\u00e3o, p\u00e3o vivo para a vida do mundo (cf. Jo 6,51)&#8221;. Francisco, assim, demonstrou confian\u00e7a nos frutos do F\u00f3rum Mundial da Alimenta\u00e7\u00e3o &#8220;para que as iniciativas e decis\u00f5es que contribuem para o bem e o futuro de toda a humanidade possam aumentar&#8221;:<\/p>\n<div>\n<div class=\"article__embed article__embed--border embed_style\">\n<blockquote><p>\u201cRespeitar os alimentos e dar-lhes o lugar preeminente que ocupam na vida humana s\u00f3 ser\u00e1 poss\u00edvel se, al\u00e9m da preocupa\u00e7\u00e3o com sua produ\u00e7\u00e3o, disponibilidade e acesso, bem como com as medidas t\u00e9cnicas do com\u00e9rcio agr\u00edcola, tomarmos consci\u00eancia de que s\u00e3o um dom de Deus do qual somos meros administradores.\u201d<\/p><\/blockquote>\n<\/div>\n<\/div>\n<\/div>\n","protected":false},"excerpt":{"rendered":"<p>Francisco volta a falar de pobreza e fome neste dia 17 de outubro, que tamb\u00e9m \u00e9 de abertura do F\u00f3rum Mundial da Alimenta\u00e7\u00e3o. Em mensagem dirigida \u00e0 Organiza\u00e7\u00e3o para a Alimenta\u00e7\u00e3o e a Agricultura da ONU, o Papa alertou que os alimentos n\u00e3o devem ser tratados como mercadorias, porque &#8220;s\u00e3o frutos da terra&#8221;, &#8220;dom de [&hellip;]<\/p>\n","protected":false},"author":1,"featured_media":76572,"comment_status":"open","ping_status":"closed","sticky":false,"template":"","format":"standard","meta":{"footnotes":""},"categories":[3],"tags":[],"class_list":["post-76571","post","type-post","status-publish","format-standard","has-post-thumbnail","hentry","category-vaticano"],"_links":{"self":[{"href":"https:\/\/catolicanet.net\/wp-cnet\/wp-json\/wp\/v2\/posts\/76571","targetHints":{"allow":["GET"]}}],"collection":[{"href":"https:\/\/catolicanet.net\/wp-cnet\/wp-json\/wp\/v2\/posts"}],"about":[{"href":"https:\/\/catolicanet.net\/wp-cnet\/wp-json\/wp\/v2\/types\/post"}],"author":[{"embeddable":true,"href":"https:\/\/catolicanet.net\/wp-cnet\/wp-json\/wp\/v2\/users\/1"}],"replies":[{"embeddable":true,"href":"https:\/\/catolicanet.net\/wp-cnet\/wp-json\/wp\/v2\/comments?post=76571"}],"version-history":[{"count":1,"href":"https:\/\/catolicanet.net\/wp-cnet\/wp-json\/wp\/v2\/posts\/76571\/revisions"}],"predecessor-version":[{"id":76573,"href":"https:\/\/catolicanet.net\/wp-cnet\/wp-json\/wp\/v2\/posts\/76571\/revisions\/76573"}],"wp:featuredmedia":[{"embeddable":true,"href":"https:\/\/catolicanet.net\/wp-cnet\/wp-json\/wp\/v2\/media\/76572"}],"wp:attachment":[{"href":"https:\/\/catolicanet.net\/wp-cnet\/wp-json\/wp\/v2\/media?parent=76571"}],"wp:term":[{"taxonomy":"category","embeddable":true,"href":"https:\/\/catolicanet.net\/wp-cnet\/wp-json\/wp\/v2\/categories?post=76571"},{"taxonomy":"post_tag","embeddable":true,"href":"https:\/\/catolicanet.net\/wp-cnet\/wp-json\/wp\/v2\/tags?post=76571"}],"curies":[{"name":"wp","href":"https:\/\/api.w.org\/{rel}","templated":true}]}}