{"id":76560,"date":"2022-10-15T12:44:09","date_gmt":"2022-10-15T15:44:09","guid":{"rendered":"https:\/\/catolicanet.net\/wp-cnet\/?p=76560"},"modified":"2022-10-17T12:44:57","modified_gmt":"2022-10-17T15:44:57","slug":"do-senhor-e-que-me-vem-o-meu-socorro","status":"publish","type":"post","link":"https:\/\/catolicanet.net\/wp-cnet\/do-senhor-e-que-me-vem-o-meu-socorro\/","title":{"rendered":"Do Senhor \u00e9 que me vem o meu socorro"},"content":{"rendered":"<p style=\"text-align: justify;\">Celebramos neste domingo, o 29\u00ba desse Tempo Comum. Estamos chegando ao final de mais um ano lit\u00fargico e, dentro de mais alguns domingos, iniciaremos um novo ano lit\u00fargico. A esperan\u00e7a em dias melhores deve sempre permear a nossa vida e, como disc\u00edpulos de Jesus, temos que ser anunciadores da esperan\u00e7a e semeadores da paz.<\/p>\n<p style=\"text-align: justify;\">Durante todo o Tempo Comum, acompanhamos Jesus anunciando o Reino de Deus, que \u00e9 amor, justi\u00e7a, paz e perd\u00e3o. Somos convidados a viver esse Reino de Deus aqui na terra e a contempl\u00e1-lo de maneira definitiva no c\u00e9u. Temos que lan\u00e7ar a semente da Palavra de Deus na terra, para que essa semente se multiplique e d\u00ea muitos frutos.<\/p>\n<p style=\"text-align: justify;\">A liturgia deste domingo nos convida a perseverarmos na ora\u00e7\u00e3o e nunca desistir, por mais que aquilo que pedimos esteja demorando para acontecer. N\u00e3o podemos desistir na primeira dificuldade, mas devemos ter f\u00e9 em Deus que superaremos os momentos de crise. Atravessamos momentos muito dif\u00edceis, mas com a gra\u00e7a de Deus estamos conseguindo superar. Nunca viveremos o melhor dos mundos, mas a esperan\u00e7a em dias melhores e a f\u00e9 nos ajudam a acreditar que a vida vale a pena.<\/p>\n<p style=\"text-align: justify;\">Estamos vivendo um m\u00eas especial, que \u00e9 o m\u00eas do Ros\u00e1rio e das Miss\u00f5es. Todos n\u00f3s, batizados e batizadas, somos testemunhas de Jesus Cristo e anunciadores da Boa nova. Fa\u00e7amos alguma a\u00e7\u00e3o mission\u00e1ria durante esse m\u00eas, levando o conforto espiritual para aqueles que mais precisam. Pe\u00e7amos que o Esp\u00edrito Santo nos ilumine e renove sempre a Igreja e a f\u00e9 de cada crist\u00e3o.<\/p>\n<p style=\"text-align: justify;\">A primeira leitura da missa desse domingo \u00e9 do livro do \u00caxodo <em>(Ex 17, 8-13). <\/em>Naqueles dias, aconteceu que os amalecitas vieram atacar Israel em Rafidim. Mois\u00e9s diz a Josu\u00e9 que trouxesse alguns homens e fosse lutar contra os amalecitas. Mesmo com um n\u00famero menor que o ex\u00e9rcito dos amalecitas, Josu\u00e9 confiou na palavra de Mois\u00e9s e foi lutar contra os amalecitas. Podemos observar que a f\u00e9 foi um impulso para Josu\u00e9 vencer os amalecitas, pois enquanto Mois\u00e9s ficava com a m\u00e3o levantada, eles venciam e, quando abaixava, perdiam. Ao verem que Mois\u00e9s se cansava, pegaram uma pedra e colocaram embaixo de Mois\u00e9s para que n\u00e3o se cansasse. A perseveran\u00e7a e a f\u00e9 fizeram com que Josu\u00e9 vencesse o ex\u00e9rcito dos amalecitas. Por isso, temos que sempre acreditar em Deus e em n\u00f3s mesmos que venceremos as batalhas da vida.<\/p>\n<p style=\"text-align: justify;\">O salmo responsorial \u00e9 o <em>120 (121). <\/em>O refr\u00e3o desse salmo nos diz: <em>\u201cDo Senhor \u00e9 que me vem o meu socorro, do Senhor que fez o c\u00e9u, a terra\u201d. <\/em>O refr\u00e3o desse salmo nos serve de motiva\u00e7\u00e3o para vencermos as adversidades do dia a dia. \u00c9 confiando em Deus que venceremos todas as batalhas, da mesma forma que Josu\u00e9 confiou em Mois\u00e9s, que era o portador do Senhor. Confiemos no Senhor e Ele nos proteger\u00e1 de todos os perigos.<\/p>\n<p style=\"text-align: justify;\">A segunda leitura \u00e9 da segunda carta de S\u00e3o Paulo a Tim\u00f3teo (<em>2 Tm 3, 14 -4,2). <\/em>Paulo exorta a Tim\u00f3teo e a cada um de n\u00f3s hoje a permanecer firme na f\u00e9. Comunicar aquilo que est\u00e1 contido na Sagrada Escritura e, por meio dela, alimentar a nossa f\u00e9 em nosso salvador Jesus Cristo. Exortar atrav\u00e9s da Palavra de Deus as pessoas a trilharem o caminho do bem e a perseverarem naquilo que almejam. A meta do crist\u00e3o \u00e9 a vida eterna, por isso, temos que fazer todo o esfor\u00e7o para entrarmos pela porta que d\u00e1 acesso \u00e0 salva\u00e7\u00e3o eterna.<\/p>\n<p style=\"text-align: justify;\">O evangelho desse domingo \u00e9 de Lucas (<em>Lc 18,1-8). <\/em>Jesus ensina aos disc\u00edpulos a import\u00e2ncia de rezar e nunca desistir. Devemos ser persistentes na ora\u00e7\u00e3o, n\u00e3o achar que Deus se esqueceu de n\u00f3s, mas muitas vezes somos n\u00f3s que nos esquecemos d\u2019Ele. O tempo de Deus \u00e9 diferente do nosso, queremos que aquilo que pedimos aconte\u00e7a de imediato, mas s\u00f3 acontecer\u00e1 no tempo de Deus. Nem por isso Ele se esqueceu de n\u00f3s, Ele est\u00e1 usando de paci\u00eancia conosco.<\/p>\n<p style=\"text-align: justify;\">Certas coisas acontecem conosco para mostrar o quanto amamos a Deus e como lidamos em meio \u00e0s dificuldades. Temos que amar a Deus nos momentos bons e ruins e manter sempre a nossa f\u00e9 viva. N\u00e3o temos que ver Deus como um juiz que nos castigar\u00e1 se cometermos algo errado, mas que est\u00e1 sempre pronto a nos ouvir e perdoar. Por vezes, n\u00e3o temos paci\u00eancia para esperar e se Deus n\u00e3o nos atende logo, colocamos em d\u00favida a sua exist\u00eancia e em crise a nossa f\u00e9.<\/p>\n<p style=\"text-align: justify;\">Alimentemos em n\u00f3s a f\u00e9, n\u00e3o deixemos que ela esfrie. Uma das maneiras de alimentar a nossa f\u00e9 \u00e9 por meio da ora\u00e7\u00e3o di\u00e1ria, participa\u00e7\u00e3o na missa e fazendo obras de caridade. Jesus nos ensina a n\u00e3o desistir e a necessidade de rezar sempre. Somente com a ora\u00e7\u00e3o alimentaremos a nossa f\u00e9 e mudaremos a mentalidade das pessoas, fazendo com que a paz reine em nosso meio.<\/p>\n<p style=\"text-align: justify;\">Todos os batizados e batizadas s\u00e3o disc\u00edpulos mission\u00e1rios de Jesus e t\u00eam a miss\u00e3o de testemunhar a f\u00e9 para as demais pessoas. Lancemos a semente da Palavra de Deus na terra e que essa semente frutifique a f\u00e9 no cora\u00e7\u00e3o de muitas pessoas.<\/p>\n","protected":false},"excerpt":{"rendered":"<p>Celebramos neste domingo, o 29\u00ba desse Tempo Comum. Estamos chegando ao final de mais um ano lit\u00fargico e, dentro de mais alguns domingos, iniciaremos um novo ano lit\u00fargico. A esperan\u00e7a em dias melhores deve sempre permear a nossa vida e, como disc\u00edpulos de Jesus, temos que ser anunciadores da esperan\u00e7a e semeadores da paz. Durante [&hellip;]<\/p>\n","protected":false},"author":5,"featured_media":55819,"comment_status":"open","ping_status":"closed","sticky":false,"template":"","format":"standard","meta":{"footnotes":""},"categories":[9],"tags":[],"class_list":["post-76560","post","type-post","status-publish","format-standard","has-post-thumbnail","hentry","category-artigos"],"_links":{"self":[{"href":"https:\/\/catolicanet.net\/wp-cnet\/wp-json\/wp\/v2\/posts\/76560","targetHints":{"allow":["GET"]}}],"collection":[{"href":"https:\/\/catolicanet.net\/wp-cnet\/wp-json\/wp\/v2\/posts"}],"about":[{"href":"https:\/\/catolicanet.net\/wp-cnet\/wp-json\/wp\/v2\/types\/post"}],"author":[{"embeddable":true,"href":"https:\/\/catolicanet.net\/wp-cnet\/wp-json\/wp\/v2\/users\/5"}],"replies":[{"embeddable":true,"href":"https:\/\/catolicanet.net\/wp-cnet\/wp-json\/wp\/v2\/comments?post=76560"}],"version-history":[{"count":2,"href":"https:\/\/catolicanet.net\/wp-cnet\/wp-json\/wp\/v2\/posts\/76560\/revisions"}],"predecessor-version":[{"id":76563,"href":"https:\/\/catolicanet.net\/wp-cnet\/wp-json\/wp\/v2\/posts\/76560\/revisions\/76563"}],"wp:featuredmedia":[{"embeddable":true,"href":"https:\/\/catolicanet.net\/wp-cnet\/wp-json\/wp\/v2\/media\/55819"}],"wp:attachment":[{"href":"https:\/\/catolicanet.net\/wp-cnet\/wp-json\/wp\/v2\/media?parent=76560"}],"wp:term":[{"taxonomy":"category","embeddable":true,"href":"https:\/\/catolicanet.net\/wp-cnet\/wp-json\/wp\/v2\/categories?post=76560"},{"taxonomy":"post_tag","embeddable":true,"href":"https:\/\/catolicanet.net\/wp-cnet\/wp-json\/wp\/v2\/tags?post=76560"}],"curies":[{"name":"wp","href":"https:\/\/api.w.org\/{rel}","templated":true}]}}