{"id":76535,"date":"2022-10-17T09:28:08","date_gmt":"2022-10-17T12:28:08","guid":{"rendered":"https:\/\/catolicanet.net\/wp-cnet\/?p=76535"},"modified":"2022-10-17T12:35:48","modified_gmt":"2022-10-17T15:35:48","slug":"acn-convida-para-campanha-de-oracao-terco-das-criancas-que-acontece-no-mundo-todo-nesta-terca-feira-18-de-outubro","status":"publish","type":"post","link":"https:\/\/catolicanet.net\/wp-cnet\/acn-convida-para-campanha-de-oracao-terco-das-criancas-que-acontece-no-mundo-todo-nesta-terca-feira-18-de-outubro\/","title":{"rendered":"ACN CONVIDA PARA CAMPANHA DE ORA\u00c7\u00c3O \u201cTER\u00c7O DAS CRIAN\u00c7AS\u201d, QUE ACONTECE NO MUNDO TODO NESTA TER\u00c7A-FEIRA, 18 DE OUTUBRO"},"content":{"rendered":"<p style=\"text-align: justify;\">A Funda\u00e7\u00e3o Pontif\u00edcia ACN (Ajuda a Igreja que Sofre) convida par\u00f3quias, creches, escolas e fam\u00edlias a participar mais uma vez da iniciativa de ora\u00e7\u00e3o anual\u00a0<strong>\u201cTer\u00e7o das Crian\u00e7as\u201d<\/strong>, que acontece em 18 de outubro.<\/p>\n<p style=\"text-align: justify;\">O objetivo dessa campanha de ora\u00e7\u00e3o \u00e9 rezar pela paz e unidade no mundo, e ao mesmo tempo estimular crian\u00e7as e jovens a confiarem em Deus nos momentos dif\u00edceis, conforme explica o presidente internacional da ACN, Cardeal Mauro Piacenza:<em>\u00a0\u201cAo ver tantos crimes e guerras, persegui\u00e7\u00f5es, doen\u00e7as e ang\u00fastias pesando sobre o nosso mundo, os homens podem muito bem se perguntar: Deus est\u00e1 mesmo no controle? Sim, est\u00e1!\u201d, responde o Cardeal Piacenza e completa: \u201cmas cabe a n\u00f3s tomar suas m\u00e3os estendidas e nos apegarmos a Ele. Deus estende suas m\u00e3os para n\u00f3s, por meio de Maria, e por meio da ora\u00e7\u00e3o do Ter\u00e7o Nossa Senhora nos conduz, como a uma s\u00f3 grande fam\u00edlia, para os bra\u00e7os protetores e salvadores de Deus Pai.\u201d<\/em><\/p>\n<p style=\"text-align: justify;\"><img loading=\"lazy\" decoding=\"async\" class=\" wp-image-932073 alignleft\" src=\"https:\/\/eadn-wc02-718006.nxedge.io\/cdn\/wp-content\/uploads\/2022\/10\/Cartaz-terco-das-criancas-300x300.png\" sizes=\"auto, (max-width: 356px) 100vw, 356px\" srcset=\"https:\/\/eadn-wc02-718006.nxedge.io\/cdn\/wp-content\/uploads\/2022\/10\/Cartaz-terco-das-criancas-300x300.png 300w, https:\/\/eadn-wc02-718006.nxedge.io\/cdn\/wp-content\/uploads\/2022\/10\/Cartaz-terco-das-criancas-150x150.png 150w\" alt=\"\" width=\"356\" height=\"356\" \/>O p\u00f4ster da campanha deste ano mostra duas m\u00e3os abertas, envolvendo e sustentando o globo, com as crian\u00e7as de cada continente. Essas m\u00e3os simbolizam as m\u00e3os de Deus Pai, que criou o mundo por amor e que deseja salvar e conduzir todos at\u00e9 Ele.<\/p>\n<p style=\"text-align: justify;\">Preocupada com as situa\u00e7\u00f5es de guerra, viol\u00eancia e pobreza extrema que continuam a existir em pa\u00edses como a Ucr\u00e2nia, Nig\u00e9ria, Mianmar, Paquist\u00e3o, ou em algumas regi\u00f5es como o Oriente M\u00e9dio e o Sahel, na \u00c1frica, a ACN deseja especialmente confiar todos os lugares onde as popula\u00e7\u00f5es n\u00e3o podem viver em paz, \u00e0s m\u00e3os poderosas e amorosas do Pai, por meio da intercess\u00e3o da M\u00e3e de Deus.<\/p>\n<p style=\"text-align: justify;\">A ACN considera que a participa\u00e7\u00e3o dos diferentes pa\u00edses em campanhas passadas foi muito importante. Em 2020, durante a ora\u00e7\u00e3o do Angelus, o Santo Padre encorajou todas as pessoas a se juntarem \u00e0 iniciativa.<\/p>\n<p style=\"text-align: justify;\"><em>\u201cN\u00f3s vamos rezar o Ter\u00e7o com as crian\u00e7as pedindo que a paz aconte\u00e7a em seus lares e no mundo todo, sobretudo onde vemos situa\u00e7\u00f5es de guerra, sofrimento e mis\u00e9ria profunda. Vivendo tamb\u00e9m o sentido mais profundo do amor crist\u00e3o, iremos rezar pela convers\u00e3o de cora\u00e7\u00e3o daqueles que muitas vezes s\u00e3o os causadores dessas mesmas guerras, sofrimentos e mis\u00e9ria\u201d<\/em>, afirma Frei Rog\u00e9rio Lima, Assistente Eclesi\u00e1stico da ACN Brasil, que ir\u00e1 rezar o Ter\u00e7o com as crian\u00e7as em uma live transmitida no pr\u00f3prio dia 18, nos canais da ACN Brasil no Youtube e Facebook, \u00e0s 19 horas.<\/p>\n<p style=\"text-align: justify;\">A p\u00e1gina da ACN na internet oferece material gratuito para aqueles que rezam nas par\u00f3quias, escolas, com grupos de crian\u00e7as e nas fam\u00edlias. O material cont\u00e9m instru\u00e7\u00f5es sobre como rezar o Ter\u00e7o, medita\u00e7\u00f5es curtas para as crian\u00e7as sobre os Mist\u00e9rios do Ros\u00e1rio, um Ato de Consagra\u00e7\u00e3o a Nossa Senhora para as crian\u00e7as, uma hist\u00f3ria em quadrinhos da par\u00e1bola do Filho Pr\u00f3digo, desenhos para colorir e um passo-a-passo de como fazer uma dezena do Ter\u00e7o de macram\u00ea. Os arquivos podem ser baixados no seguinte endere\u00e7o:\u00a0<a href=\"https:\/\/www.acn.org.br\/terco-das-criancas\" target=\"_blank\" rel=\"noopener\">https:\/\/www.acn.org.br\/terco-das-criancas<\/a><\/p>\n<p style=\"text-align: justify;\">A campanha surgiu em 2005, \u00e0 beira do caminho para um santu\u00e1rio de Nossa Senhora em Caracas, na Venezuela. Nesse lugar, um grupo de crian\u00e7as rezava espontaneamente o Ter\u00e7o. Algumas mulheres que tamb\u00e9m estavam ali sentiram uma profunda presen\u00e7a de Nossa Senhora. Uma delas recordou que, certa vez, S\u00e3o Padre Pio havia dito:\u00a0<em>\u201cQuando um milh\u00e3o de crian\u00e7as rezarem o Ter\u00e7o, ent\u00e3o o mundo vai mudar.\u201d<\/em>\u00a0Ap\u00f3s uma iniciativa local, a ACN come\u00e7ou a apoiar a campanha em 2008 e, em 2011, assumiu a organiza\u00e7\u00e3o tornando assim a campanha global.<\/p>\n<p style=\"text-align: justify;\"><strong>V\u00eddeo da campanha:<\/strong>\u00a0<a title=\"\" href=\"https:\/\/www.youtube.com\/watch?v=hr3JkAUFJ1g\" target=\"_blank\" rel=\"noopener\" data-rel=\"lightbox-video-0\">https:\/\/youtu.be\/hr3JkAUFJ1g<\/a><\/p>\n","protected":false},"excerpt":{"rendered":"<p>A Funda\u00e7\u00e3o Pontif\u00edcia ACN (Ajuda a Igreja que Sofre) convida par\u00f3quias, creches, escolas e fam\u00edlias a participar mais uma vez da iniciativa de ora\u00e7\u00e3o anual\u00a0\u201cTer\u00e7o das Crian\u00e7as\u201d, que acontece em 18 de outubro. O objetivo dessa campanha de ora\u00e7\u00e3o \u00e9 rezar pela paz e unidade no mundo, e ao mesmo tempo estimular crian\u00e7as e jovens [&hellip;]<\/p>\n","protected":false},"author":1,"featured_media":76536,"comment_status":"open","ping_status":"closed","sticky":false,"template":"","format":"standard","meta":{"footnotes":""},"categories":[4,13],"tags":[],"class_list":["post-76535","post","type-post","status-publish","format-standard","has-post-thumbnail","hentry","category-cotidiano","category-featured"],"_links":{"self":[{"href":"https:\/\/catolicanet.net\/wp-cnet\/wp-json\/wp\/v2\/posts\/76535","targetHints":{"allow":["GET"]}}],"collection":[{"href":"https:\/\/catolicanet.net\/wp-cnet\/wp-json\/wp\/v2\/posts"}],"about":[{"href":"https:\/\/catolicanet.net\/wp-cnet\/wp-json\/wp\/v2\/types\/post"}],"author":[{"embeddable":true,"href":"https:\/\/catolicanet.net\/wp-cnet\/wp-json\/wp\/v2\/users\/1"}],"replies":[{"embeddable":true,"href":"https:\/\/catolicanet.net\/wp-cnet\/wp-json\/wp\/v2\/comments?post=76535"}],"version-history":[{"count":1,"href":"https:\/\/catolicanet.net\/wp-cnet\/wp-json\/wp\/v2\/posts\/76535\/revisions"}],"predecessor-version":[{"id":76537,"href":"https:\/\/catolicanet.net\/wp-cnet\/wp-json\/wp\/v2\/posts\/76535\/revisions\/76537"}],"wp:featuredmedia":[{"embeddable":true,"href":"https:\/\/catolicanet.net\/wp-cnet\/wp-json\/wp\/v2\/media\/76536"}],"wp:attachment":[{"href":"https:\/\/catolicanet.net\/wp-cnet\/wp-json\/wp\/v2\/media?parent=76535"}],"wp:term":[{"taxonomy":"category","embeddable":true,"href":"https:\/\/catolicanet.net\/wp-cnet\/wp-json\/wp\/v2\/categories?post=76535"},{"taxonomy":"post_tag","embeddable":true,"href":"https:\/\/catolicanet.net\/wp-cnet\/wp-json\/wp\/v2\/tags?post=76535"}],"curies":[{"name":"wp","href":"https:\/\/api.w.org\/{rel}","templated":true}]}}