{"id":76527,"date":"2022-10-17T09:20:13","date_gmt":"2022-10-17T12:20:13","guid":{"rendered":"https:\/\/catolicanet.net\/wp-cnet\/?p=76527"},"modified":"2022-10-17T12:25:44","modified_gmt":"2022-10-17T15:25:44","slug":"a-bela-historia-do-santo-que-brincava-com-os-anjos","status":"publish","type":"post","link":"https:\/\/catolicanet.net\/wp-cnet\/a-bela-historia-do-santo-que-brincava-com-os-anjos\/","title":{"rendered":"A bela hist\u00f3ria do santo que brincava com os anjos"},"content":{"rendered":"<h2 class=\"subtitle\" style=\"text-align: justify;\">A familiaridade dele com S\u00e3o Miguel era t\u00e3o grande que o Arcanjo o socorria nas horas em que ele mais precisava<\/h2>\n<p style=\"text-align: justify;\">Dois s\u00e9culos antes de Padre Pio, no sul da It\u00e1lia, outro santo, como ele, multiplicou os milagres mais improv\u00e1veis, experimentou os fen\u00f4menos mais m\u00edsticos, fez toda a Europa falar sobre ele e viveu desde a inf\u00e2ncia na familiaridade dos anjos, inclusive, brincando com eles.\u00a0O nome desse santo \u00e9 Geraldo Majella.<\/p>\n<p style=\"text-align: justify;\">Geraldo nasceu em Muro, ao sul de N\u00e1poles, em 1726. Seu pai era alfaiate e trabalhava duro para cri\u00e1-lo, mas ele, mesmo na inf\u00e2ncia, j\u00e1 pensava apenas em Deus, invencivelmente atra\u00eddo pela vida religiosa.<\/p>\n<p style=\"text-align: justify;\">Como o Padre Pio, o pequeno Geraldo nunca estava sozinho e, portanto, n\u00e3o poderia ficar entediado porque via, conversava e brincava com seu anjo da guarda.<\/p>\n<p style=\"text-align: justify;\">Inclusive, era seu anjo da guarda que fazia S\u00e3o Geraldo Majella pedir aos pais que o levassem a visitar os grandes santu\u00e1rios dedicados a Nossa Senhora nos feriados.\u00a0Por ocasi\u00e3o de uma dessas peregrina\u00e7\u00f5es, o Menino Jesus, que Nossa Senhora segura em seus bra\u00e7os, escapou dela e correu em dire\u00e7\u00e3o a Geraldo para brincar com ele por muito tempo\u2026<\/p>\n<div class=\"wp-block-aleteia-heading3\" style=\"text-align: justify;\">\n<h3>O Arcanjo e a Comunh\u00e3o<\/h3>\n<\/div>\n<p style=\"text-align: justify;\">Como nos surpreender se, muito cedo, o menino experimentasse uma sede devoradora e precoce da Eucaristia?\u00a0Aos sete anos, ele ousou confiar ao p\u00e1roco o seu desejo de comungar e foi severamente repreendido.\u00a0Na \u00e9poca, e por muito tempo, j\u00e1 que foi preciso esperar que o Papa Pio X mudasse a norma, as crian\u00e7as pequenas n\u00e3o eram admitidas \u00e0 mesa sagrada at\u00e9 atingirem pelo menos os 12 ou 13 anos.\u00a0Para Geraldo, essa rejei\u00e7\u00e3o era angustiante, mas ele obedecia ao p\u00e1roco, claro.<\/p>\n<p style=\"text-align: justify;\">Entretanto, na noite seguinte, ele foi acordado por uma luz ofuscante que banhava seu quarto.\u00a0No centro desta luz estava o Arcanjo Miguel, que oferece a S\u00e3o Geraldo a Sagrada Comunh\u00e3o.<\/p>\n<p style=\"text-align: justify;\">Esse tipo de coisa n\u00e3o era t\u00e3o excepcional, pelo menos para os santos.\u00a0<a href=\"https:\/\/pt.aleteia.org\/2020\/05\/13\/o-milagre-eucaristico-que-ocorreu-em-fatima\/\" target=\"_self\" rel=\"noopener\">Os pastorinhos de F\u00e1tima<\/a> e\u00a0Santa Faustina, para citar alguns exemplos, tiveram o mesmo privil\u00e9gio.\u00a0Assim come\u00e7a uma rela\u00e7\u00e3o muito privilegiada entre o pequeno Majella e o mundo angelical.<\/p>\n<div class=\"wp-block-aleteia-heading3\" style=\"text-align: justify;\">\n<h3>Vida dif\u00edcil<\/h3>\n<\/div>\n<p style=\"text-align: justify;\">No entanto, a vida do santo que brincava com os anjos n\u00e3o era t\u00e3o f\u00e1cil.\u00a0Ele mal estava entrando na adolesc\u00eancia quando seu pai morreu.\u00a0Teve que se virar para ganhar a vida.\u00a0Ele foi colocado para trabalhar com um alfaiate, of\u00edcio do pai, com quem aprendeu o b\u00e1sico, mas o homem era um bruto e batia em Geraldo.<\/p>\n<p style=\"text-align: justify;\">Assim que p\u00f4de, seguindo a sua voca\u00e7\u00e3o, candidatou-se, como faria mais tarde Padre Pio, aos capuchinhos, mas, como tamb\u00e9m aconteceu com o Padre Pio, os padres mandaram-no embora do convento, devido \u00e0 sua sa\u00fade debilitada.<\/p>\n<p style=\"text-align: justify;\">Geraldo n\u00e3o desanimou.\u00a0Deus o chamaria para o seu servi\u00e7o, ele sabia disso.\u00a0Se n\u00e3o fosse com os filhos de S\u00e3o Francisco, seria em outro lugar.\u00a0Aos 23 anos, ele se candidatou aos redentoristas, uma congrega\u00e7\u00e3o ainda muito recente, fundada por Santo Afonso.\u00a0Contra todas as probabilidades e apesar de sua sa\u00fade debilitada, os redentoristas o aceitaram.<\/p>\n<p style=\"text-align: justify;\">Antes de entrar no noviciado, Geraldo, no entanto, sonhava em realizar a peregrina\u00e7\u00e3o que lhe era mais \u00edntima: ir venerar S\u00e3o Miguel no santu\u00e1rio de Monte Gargano, na Puglia.<\/p>\n<div class=\"wp-block-aleteia-heading3\" style=\"text-align: justify;\">\n<h3>A esmola do estranho<\/h3>\n<\/div>\n<p style=\"text-align: justify;\">Entusiasmado, Geraldo conseguiu convencer um grupo inteiro de meninos de sua idade a acompanh\u00e1-lo na peregrina\u00e7\u00e3o.\u00a0N\u00e3o foi pouca coisa se voc\u00ea considerar que S\u00e3o Miguel de Gargano estava afundando no esquecimento.\u00a0Sem uma ideia precisa da dist\u00e2ncia que separava a cidade Muro e o Monte Gargano, os peregrinos partiram com um m\u00ednimo de comida e dinheiro.\u00a0Infelizmente, o monte do Arcanjo ficava muito mais longe do que eles pensavam e as malas se esvaziaram muito rapidamente.<\/p>\n<p style=\"text-align: justify;\">Eles ficaram sem nada para comer rapidamente e j\u00e1 estavam muito longe de casa para voltar.\u00a0Al\u00e9m disso, Geraldo dizia a eles que, quando chegassem ao Gargano, ele fazia quest\u00e3o de encontrar algo para comer para todos, al\u00e9m de quartos para dormir.\u00a0E com que dinheiro?\u00a0Sorriu sem responder, confiando obstinadamente na ajuda e prote\u00e7\u00e3o de S\u00e3o Miguel e dos santos anjos.\u00a0No entanto, seus companheiros eram menos otimistas do que ele\u2026<\/p>\n<p style=\"text-align: justify;\">A chegada ao Monte Gargano n\u00e3o os animou.\u00a0As lojas raras e as pousadas tinham pre\u00e7os proibitivos e a possibilidade de ter que refazer a estrada no sentido contr\u00e1rio com o est\u00f4mago vazio os aniquilava.\u00a0Geraldo permaneceu desconcertantemente calmo.\u00a0Enquanto seus amigos ficaram ca\u00eddos, choramingando nos degraus da bas\u00edlica, ele entrou sozinho, caminhou em dire\u00e7\u00e3o \u00e0 est\u00e1tua do Arcanjo, ajoelhou-se diante dela e, por um longo momento, permaneceu absorto em suas ora\u00e7\u00f5es.\u00a0Quando se levantou, um jovem bonito e desconhecido aproximou-se dele e, sem dizer uma palavra, colocou uma bolsa cheia de dinheiro em sua m\u00e3o. Era mais do que suficiente para pagar as despesas de viagem e estadia.<\/p>\n<p style=\"text-align: justify;\">Os anjos n\u00e3o falharam com ele.\u00a0Ali\u00e1s, experimente!\u00a0Eles n\u00e3o falham com ningu\u00e9m!<\/p>\n","protected":false},"excerpt":{"rendered":"<p>A familiaridade dele com S\u00e3o Miguel era t\u00e3o grande que o Arcanjo o socorria nas horas em que ele mais precisava Dois s\u00e9culos antes de Padre Pio, no sul da It\u00e1lia, outro santo, como ele, multiplicou os milagres mais improv\u00e1veis, experimentou os fen\u00f4menos mais m\u00edsticos, fez toda a Europa falar sobre ele e viveu desde [&hellip;]<\/p>\n","protected":false},"author":1,"featured_media":76528,"comment_status":"open","ping_status":"closed","sticky":false,"template":"","format":"standard","meta":{"footnotes":""},"categories":[4],"tags":[],"class_list":["post-76527","post","type-post","status-publish","format-standard","has-post-thumbnail","hentry","category-cotidiano"],"_links":{"self":[{"href":"https:\/\/catolicanet.net\/wp-cnet\/wp-json\/wp\/v2\/posts\/76527","targetHints":{"allow":["GET"]}}],"collection":[{"href":"https:\/\/catolicanet.net\/wp-cnet\/wp-json\/wp\/v2\/posts"}],"about":[{"href":"https:\/\/catolicanet.net\/wp-cnet\/wp-json\/wp\/v2\/types\/post"}],"author":[{"embeddable":true,"href":"https:\/\/catolicanet.net\/wp-cnet\/wp-json\/wp\/v2\/users\/1"}],"replies":[{"embeddable":true,"href":"https:\/\/catolicanet.net\/wp-cnet\/wp-json\/wp\/v2\/comments?post=76527"}],"version-history":[{"count":1,"href":"https:\/\/catolicanet.net\/wp-cnet\/wp-json\/wp\/v2\/posts\/76527\/revisions"}],"predecessor-version":[{"id":76529,"href":"https:\/\/catolicanet.net\/wp-cnet\/wp-json\/wp\/v2\/posts\/76527\/revisions\/76529"}],"wp:featuredmedia":[{"embeddable":true,"href":"https:\/\/catolicanet.net\/wp-cnet\/wp-json\/wp\/v2\/media\/76528"}],"wp:attachment":[{"href":"https:\/\/catolicanet.net\/wp-cnet\/wp-json\/wp\/v2\/media?parent=76527"}],"wp:term":[{"taxonomy":"category","embeddable":true,"href":"https:\/\/catolicanet.net\/wp-cnet\/wp-json\/wp\/v2\/categories?post=76527"},{"taxonomy":"post_tag","embeddable":true,"href":"https:\/\/catolicanet.net\/wp-cnet\/wp-json\/wp\/v2\/tags?post=76527"}],"curies":[{"name":"wp","href":"https:\/\/api.w.org\/{rel}","templated":true}]}}