{"id":76523,"date":"2022-10-17T09:14:33","date_gmt":"2022-10-17T12:14:33","guid":{"rendered":"https:\/\/catolicanet.net\/wp-cnet\/?p=76523"},"modified":"2022-10-17T12:15:47","modified_gmt":"2022-10-17T15:15:47","slug":"papa-francisco-recebe-peregrinos-das-pom-do-brasil","status":"publish","type":"post","link":"https:\/\/catolicanet.net\/wp-cnet\/papa-francisco-recebe-peregrinos-das-pom-do-brasil\/","title":{"rendered":"PAPA FRANCISCO RECEBE PEREGRINOS DAS POM DO BRASIL"},"content":{"rendered":"<div class=\"x11i5rnm xat24cr x1mh8g0r x1vvkbs xtlvy1s x126k92a\" style=\"text-align: justify;\">Durante a audi\u00eancia geral desta quarta, 12 de outubro, o Papa Francisco recebeu um grupo de brasileiros que participam de uma peregrina\u00e7\u00e3o junto \u00e0s Pontif\u00edcias Obras Mission\u00e1rias. No dia da padroeira do Brasil, o grupo entregou presentes ao Papa Francisco e cantou uma m\u00fasica em homenagem \u00e0 Nossa Senhora Aparecida.<\/div>\n<div style=\"text-align: justify;\"><\/div>\n<div class=\"x11i5rnm xat24cr x1mh8g0r x1vvkbs xtlvy1s x126k92a\" style=\"text-align: justify;\"><a title=\"\" href=\"https:\/\/i0.wp.com\/www.pom.org.br\/wp-content\/uploads\/2022\/10\/9-scaled.jpg\" target=\"_blank\" rel=\"noopener\" data-rel=\"lightbox-image-0\" data-rl_title=\"\" data-rl_caption=\"\"><img loading=\"lazy\" decoding=\"async\" class=\"alignright wp-image-24217\" src=\"https:\/\/i0.wp.com\/www.pom.org.br\/wp-content\/uploads\/2022\/10\/9-225x300.jpg\" sizes=\"auto, (max-width: 300px) 100vw, 300px\" srcset=\"\/\/i0.wp.com\/www.pom.org.br\/wp-content\/uploads\/2022\/10\/9-225x300.jpg 225w, \/\/i0.wp.com\/www.pom.org.br\/wp-content\/uploads\/2022\/10\/9-768x1024.jpg 768w, \/\/i0.wp.com\/www.pom.org.br\/wp-content\/uploads\/2022\/10\/9-1152x1536.jpg 1152w, \/\/i0.wp.com\/www.pom.org.br\/wp-content\/uploads\/2022\/10\/9-1536x2048.jpg 1536w, \/\/i0.wp.com\/www.pom.org.br\/wp-content\/uploads\/2022\/10\/9-scaled.jpg 1920w\" alt=\"\" width=\"300\" height=\"400\" \/><\/a><\/div>\n<div class=\"x11i5rnm xat24cr x1mh8g0r x1vvkbs xtlvy1s x126k92a\" style=\"text-align: justify;\">As Pontif\u00edcias Obras Mission\u00e1rias (POM) do Brasil est\u00e3o em peregrina\u00e7\u00e3o na It\u00e1lia e na Fran\u00e7a para celebrar tr\u00eas ocasi\u00f5es muito especiais: os 400 anos da Congrega\u00e7\u00e3o para a Evangeliza\u00e7\u00e3o dos Povos (hoje Dicast\u00e9rio), 200 anos da Pontif\u00edcia Obra da Propaga\u00e7\u00e3o da F\u00e9 e 100 anos do car\u00e1ter pontif\u00edcio das POM.<\/div>\n<div style=\"text-align: justify;\"><\/div>\n<div class=\"x11i5rnm xat24cr x1mh8g0r x1vvkbs xtlvy1s x126k92a\">\n<div dir=\"auto\">\n<p style=\"text-align: justify;\">A delega\u00e7\u00e3o de 31 pessoas est\u00e1 fazendo um curso sobre f\u00e9 e miss\u00e3o no Centro Internacional de Anima\u00e7\u00e3o Mission\u00e1ria. Na \u00faltima ter\u00e7a, os peregrinos visitaram a sede Internacional das Pontif\u00edcias Obras Mission\u00e1rias em Roma e puderam conversar com o presidente e os secret\u00e1rios gerais da institui\u00e7\u00e3o.<\/p>\n<p style=\"text-align: justify;\">Na programa\u00e7\u00e3o, constam ainda uma visita a Assis no pr\u00f3ximo final de semana e, a partir de segunda, o grupo parte para Lyon, na terra de Paulina Jaricot, fundadora da Sociedade da Propaga\u00e7\u00e3o da F\u00e9 e da Associa\u00e7\u00e3o do Ros\u00e1rio Vivo.<\/p>\n<p style=\"text-align: justify;\">A Ir. Ant\u00f4nia V\u00e2nia, secret\u00e1ria da Inf\u00e2ncia e Adolesc\u00eancia Mission\u00e1ria (IAM), entregou ao Papa Francisco uma bandeira da Obra e todo o grupo cantou o hino a Nossa Senhora Aparecida. \u201cFoi muito bonita a b\u00ean\u00e7\u00e3o que o Papa nos deu hoje\u201d, disse Dom Maur\u00edcio Jardim, diretor das POM e bispo de Rondon\u00f3polis-Guiratinga (MT).<\/p>\n<\/div>\n<\/div>\n","protected":false},"excerpt":{"rendered":"<p>Durante a audi\u00eancia geral desta quarta, 12 de outubro, o Papa Francisco recebeu um grupo de brasileiros que participam de uma peregrina\u00e7\u00e3o junto \u00e0s Pontif\u00edcias Obras Mission\u00e1rias. No dia da padroeira do Brasil, o grupo entregou presentes ao Papa Francisco e cantou uma m\u00fasica em homenagem \u00e0 Nossa Senhora Aparecida. As Pontif\u00edcias Obras Mission\u00e1rias (POM) [&hellip;]<\/p>\n","protected":false},"author":1,"featured_media":76524,"comment_status":"open","ping_status":"closed","sticky":false,"template":"","format":"standard","meta":{"footnotes":""},"categories":[7],"tags":[],"class_list":["post-76523","post","type-post","status-publish","format-standard","has-post-thumbnail","hentry","category-cnbb"],"_links":{"self":[{"href":"https:\/\/catolicanet.net\/wp-cnet\/wp-json\/wp\/v2\/posts\/76523","targetHints":{"allow":["GET"]}}],"collection":[{"href":"https:\/\/catolicanet.net\/wp-cnet\/wp-json\/wp\/v2\/posts"}],"about":[{"href":"https:\/\/catolicanet.net\/wp-cnet\/wp-json\/wp\/v2\/types\/post"}],"author":[{"embeddable":true,"href":"https:\/\/catolicanet.net\/wp-cnet\/wp-json\/wp\/v2\/users\/1"}],"replies":[{"embeddable":true,"href":"https:\/\/catolicanet.net\/wp-cnet\/wp-json\/wp\/v2\/comments?post=76523"}],"version-history":[{"count":1,"href":"https:\/\/catolicanet.net\/wp-cnet\/wp-json\/wp\/v2\/posts\/76523\/revisions"}],"predecessor-version":[{"id":76525,"href":"https:\/\/catolicanet.net\/wp-cnet\/wp-json\/wp\/v2\/posts\/76523\/revisions\/76525"}],"wp:featuredmedia":[{"embeddable":true,"href":"https:\/\/catolicanet.net\/wp-cnet\/wp-json\/wp\/v2\/media\/76524"}],"wp:attachment":[{"href":"https:\/\/catolicanet.net\/wp-cnet\/wp-json\/wp\/v2\/media?parent=76523"}],"wp:term":[{"taxonomy":"category","embeddable":true,"href":"https:\/\/catolicanet.net\/wp-cnet\/wp-json\/wp\/v2\/categories?post=76523"},{"taxonomy":"post_tag","embeddable":true,"href":"https:\/\/catolicanet.net\/wp-cnet\/wp-json\/wp\/v2\/tags?post=76523"}],"curies":[{"name":"wp","href":"https:\/\/api.w.org\/{rel}","templated":true}]}}