{"id":76519,"date":"2022-10-17T09:12:28","date_gmt":"2022-10-17T12:12:28","guid":{"rendered":"https:\/\/catolicanet.net\/wp-cnet\/?p=76519"},"modified":"2022-10-17T12:14:17","modified_gmt":"2022-10-17T15:14:17","slug":"10a-assembleia-nacional-dos-organismos-do-povo-de-deus-e-realizada-em-brasilia","status":"publish","type":"post","link":"https:\/\/catolicanet.net\/wp-cnet\/10a-assembleia-nacional-dos-organismos-do-povo-de-deus-e-realizada-em-brasilia\/","title":{"rendered":"10\u00aa ASSEMBLEIA NACIONAL DOS ORGANISMOS DO POVO DE DEUS \u00c9 REALIZADA EM BRAS\u00cdLIA"},"content":{"rendered":"<p style=\"text-align: justify;\">Cerca de 180 delegados e delegadas de todo o Brasil participaram da\u00a010\u00aa Assembleia Nacional dos Organismos do Povo de Deus (ANOPD), realizada entre os dias 14 e 16 de outubro, em Bras\u00edlia (DF), com o tema \u201cComunh\u00e3o e Miss\u00e3o: caminho para a Igreja no Brasil\u201d. Ao final, foi divulgada uma mensagem na qual se destacou o encontro como \u201coportunidade privilegiada de fraternidade, di\u00e1logo, ora\u00e7\u00e3o e reflex\u00e3o\u201d.<\/p>\n<blockquote><p>\u201cNestes dias, em esp\u00edrito de comunh\u00e3o, procuramos corresponder ao apelo do Papa Francisco por uma Igreja Sinodal, onde todos os batizados e batizadas, por for\u00e7a da voca\u00e7\u00e3o pr\u00f3pria, se sintam verdadeiramente pertencentes \u00e0 Igreja peregrina, presente e atuante na hist\u00f3ria e por ela correspons\u00e1veis\u201d, afirmaram os participantes.<\/p><\/blockquote>\n<p style=\"text-align: justify;\">A Assembleia contou com momentos orantes, oficinas tem\u00e1ticas,\u00a0testemunhos e celebra\u00e7\u00f5es eucar\u00edsticas. O encerramento do encontro foi durante Missa celebrada na catedral metropolitana de Bras\u00edlia, presidida pelo bispo auxiliar do Rio de Janeiro e secret\u00e1rio-geral da CNBB, dom Joel Portella Amado.<\/p>\n<p style=\"text-align: justify;\">Por ocasi\u00e3o dos\u00a070 anos da CNBB, os participantes louvaram a Deus pela \u201chist\u00f3ria de colegialidade episcopal, unidade e comunh\u00e3o com os demais Organismos, coragem e profetismo diante das necessidades do povo brasileiro, especialmente dos mais pobres!\u201d.<\/p>\n<p style=\"text-align: justify;\">A 10\u00aa Assembleia Nacional dos Organismos do Povo de Deus teve a participa\u00e7\u00e3o de membros do Conselho Nacional do Laicato do Brasil (CNLB), da Confer\u00eancia dos Religiosos do Brasil (CRB), da Confer\u00eancia dos Bispos do Brasil (CNBB), da Comiss\u00e3o Nacional de Presb\u00edteros (CNP), da Confer\u00eancia Nacional dos Institutos Seculares do Brasil (CNIS) e da Comiss\u00e3o Nacional de Di\u00e1conos (CND).<\/p>\n<div id=\"gallery-1\" class=\"gallery galleryid-932067 gallery-columns-3 gallery-size-medium\">\n<figure class=\"gallery-item\">\n<div class=\"gallery-icon landscape\"><img loading=\"lazy\" decoding=\"async\" class=\"attachment-medium size-medium\" src=\"https:\/\/eadn-wc02-718006.nxedge.io\/cdn\/wp-content\/uploads\/2022\/10\/AOPD_dia01-25-portal-300x199.jpg\" sizes=\"auto, (max-width: 300px) 100vw, 300px\" srcset=\"https:\/\/eadn-wc02-718006.nxedge.io\/cdn\/wp-content\/uploads\/2022\/10\/AOPD_dia01-25-portal-300x200.jpg 300w, https:\/\/eadn-wc02-718006.nxedge.io\/cdn\/wp-content\/uploads\/2022\/10\/AOPD_dia01-25-portal-768x509.jpg 768w, https:\/\/eadn-wc02-718006.nxedge.io\/cdn\/wp-content\/uploads\/2022\/10\/AOPD_dia01-25-portal-500x332.jpg 500w, https:\/\/eadn-wc02-718006.nxedge.io\/cdn\/wp-content\/uploads\/2022\/10\/AOPD_dia01-25-portal.jpg 944w\" alt=\"\" width=\"300\" height=\"199\" aria-describedby=\"gallery-1-932083\" \/><\/div><figcaption id=\"gallery-1-932083\" class=\"wp-caption-text gallery-caption\">Abertura da 10\u00ba Assembleia Nacional dos Organismos do Povo de Deus | Foto: Marcus Tullius\/Pascom Brasil<\/figcaption><\/figure>\n<figure class=\"gallery-item\">\n<div class=\"gallery-icon landscape\"><img loading=\"lazy\" decoding=\"async\" class=\"attachment-medium size-medium\" src=\"https:\/\/eadn-wc02-718006.nxedge.io\/cdn\/wp-content\/uploads\/2022\/10\/AOPD_dia01-8-portal-300x200.jpg\" sizes=\"auto, (max-width: 300px) 100vw, 300px\" srcset=\"https:\/\/eadn-wc02-718006.nxedge.io\/cdn\/wp-content\/uploads\/2022\/10\/AOPD_dia01-8-portal-300x200.jpg 300w, https:\/\/eadn-wc02-718006.nxedge.io\/cdn\/wp-content\/uploads\/2022\/10\/AOPD_dia01-8-portal-768x511.jpg 768w, https:\/\/eadn-wc02-718006.nxedge.io\/cdn\/wp-content\/uploads\/2022\/10\/AOPD_dia01-8-portal-500x333.jpg 500w, https:\/\/eadn-wc02-718006.nxedge.io\/cdn\/wp-content\/uploads\/2022\/10\/AOPD_dia01-8-portal.jpg 948w\" alt=\"\" width=\"300\" height=\"200\" aria-describedby=\"gallery-1-932082\" \/><\/div><figcaption id=\"gallery-1-932082\" class=\"wp-caption-text gallery-caption\">Abertura da 10\u00ba Assembleia Nacional dos Organismos do Povo de Deus | Foto: Marcus Tullius\/Pascom Brasil<\/figcaption><\/figure>\n<figure class=\"gallery-item\">\n<div class=\"gallery-icon landscape\"><img loading=\"lazy\" decoding=\"async\" class=\"attachment-medium size-medium\" src=\"https:\/\/eadn-wc02-718006.nxedge.io\/cdn\/wp-content\/uploads\/2022\/10\/Terco_1510-2-portal-300x200.jpg\" sizes=\"auto, (max-width: 300px) 100vw, 300px\" srcset=\"https:\/\/eadn-wc02-718006.nxedge.io\/cdn\/wp-content\/uploads\/2022\/10\/Terco_1510-2-portal-300x200.jpg 300w, https:\/\/eadn-wc02-718006.nxedge.io\/cdn\/wp-content\/uploads\/2022\/10\/Terco_1510-2-portal-768x511.jpg 768w, https:\/\/eadn-wc02-718006.nxedge.io\/cdn\/wp-content\/uploads\/2022\/10\/Terco_1510-2-portal-500x333.jpg 500w, https:\/\/eadn-wc02-718006.nxedge.io\/cdn\/wp-content\/uploads\/2022\/10\/Terco_1510-2-portal.jpg 948w\" alt=\"\" width=\"300\" height=\"200\" aria-describedby=\"gallery-1-932080\" \/><\/div><figcaption id=\"gallery-1-932080\" class=\"wp-caption-text gallery-caption\">Ter\u00e7o durante a 10\u00ba Assembleia Nacional dos Organismos do Povo de Deus | Foto: Marcus Tullius\/Pascom Brasil<\/figcaption><\/figure>\n<\/div>\n<blockquote>\n<h2>MENSAGEM AO POVO DE DEUS<\/h2>\n<\/blockquote>\n<p style=\"text-align: justify;\">\u201cDesde o Conc\u00edlio Vaticano II at\u00e9 a atual Assembleia, temos experimentado de forma cada vez mais intensa a necessidade e a beleza de \u2018caminhar juntos\u2019\u201d<br \/>\n(Papa Francisco, 17\/10\/2015).<\/p>\n<p style=\"text-align: justify;\">Reunidos para a 10\u00aa Assembleia Nacional dos Organismos do Povo de Deus (ANOPD), na Casa de Encontros Dom Luciano Mendes de Almeida, em Bras\u00edlia\/DF, de 14 a 16 de outubro de 2022, n\u00f3s, Organismos do Povo de Deus da Igreja Cat\u00f3lica Apost\u00f3lica Romana \u2013 Conselho Nacional do Laicato do Brasil (CNLB), Confer\u00eancia Nacional dos Institutos Seculares do Brasil (CNISB), Confer\u00eancia dos Religiosos e Religiosas do Brasil (CRB), Comiss\u00e3o Nacional dos Di\u00e1conos (CND), Comiss\u00e3o Nacional de Presb\u00edteros (CNP) e Confer\u00eancia Nacional dos Bispos do Brasil (CNBB) -, nos dirigimos a cada irm\u00e3o e irm\u00e3 do povo de Deus, com f\u00e9, esperan\u00e7a e caridade.<\/p>\n<p style=\"text-align: justify;\">Nestes dias, em esp\u00edrito de comunh\u00e3o, procuramos corresponder ao apelo do Papa Francisco por uma Igreja Sinodal, onde todos os batizados e batizadas, por for\u00e7a da voca\u00e7\u00e3o pr\u00f3pria, se sintam verdadeiramente pertencentes \u00e0 Igreja peregrina, presente e atuante na hist\u00f3ria e por ela correspons\u00e1veis.<\/p>\n<p style=\"text-align: justify;\">Em comunh\u00e3o com o atual processo sinodal, refletimos o tema \u201cComunh\u00e3o e Miss\u00e3o: caminho para a Igreja no Brasil\u201d, iluminados pelo lema: \u201cPreservar a unidade do Esp\u00edrito pelo v\u00ednculo da paz!\u201d (Ef 4,3).<\/p>\n<p style=\"text-align: justify;\">A 10\u00aa Assembleia foi uma oportunidade privilegiada de fraternidade, di\u00e1logo, ora\u00e7\u00e3o e reflex\u00e3o. Vivemos um tempo desafiador, marcado por uma crise civilizacional que repercute em todos os aspectos da vida, dentre os quais o emocional, o afetivo, a economia, a pol\u00edtica, o social, o cultural, o ecol\u00f3gico e o religioso. Tal realidade exige disposi\u00e7\u00e3o para acolher os sinais dos tempos, discernimento e ousadia na busca de respostas adequadas \u00e0s exig\u00eancias do Reino de Deus e sua justi\u00e7a.<\/p>\n<p style=\"text-align: justify;\">A complexa realidade brasileira atual impede que grande parte da popula\u00e7\u00e3o tenha condi\u00e7\u00f5es de vida digna, com paz e justi\u00e7a social. Sentimos as dores agravadas pela destrui\u00e7\u00e3o de pol\u00edticas p\u00fablicas, aumentando assim o quadro de fome, viol\u00eancias no campo e na cidade, racismo, feminic\u00eddio, degrada\u00e7\u00e3o ambiental, manipula\u00e7\u00e3o religiosa e divulga\u00e7\u00e3o de fake news, entre outros. A pandemia da covid-19 exacerbou essas situa\u00e7\u00f5es gerando mortes, viol\u00eancia, fome, perdas de direitos, desemprego. A tudo isso se acrescenta as amea\u00e7as ao Estado Democr\u00e1tico de Direito, o que nos entristece e envergonha.<\/p>\n<p style=\"text-align: justify;\">Somos chamados a construir pontes, estabelecer rela\u00e7\u00f5es, alimentar a comunh\u00e3o, trabalhar juntos no cuidado e promo\u00e7\u00e3o da vida e da Casa Comum, indo ao encontro das periferias geogr\u00e1ficas e existenciais. Para isto nos comprometemos a trabalhar por condi\u00e7\u00f5es de vida digna para todos e todas, segundo a medida do Evangelho: \u201cEu vim para que todos tenham vida, e a tenham em abund\u00e2ncia\u201d (Jo 10,10).<\/p>\n<p style=\"text-align: justify;\">Celebrando os 70 anos da CNBB, louvamos a Deus pela sua hist\u00f3ria de colegialidade episcopal, unidade e comunh\u00e3o com os demais Organismos, coragem e profetismo diante das necessidades do povo brasileiro, especialmente dos mais pobres!<\/p>\n<p style=\"text-align: justify;\">Em sintonia com a Igreja no mundo inteiro, atentos aos apelos do Papa Francisco, vivemos a feliz expectativa pelo S\u00ednodo em 2023, dispondo-nos a \u201ccaminhar juntos\u201d, na fidelidade ao Evangelho, \u201cpara a revela\u00e7\u00e3o e expans\u00e3o do Reino de Deus na hist\u00f3ria!\u201d. (CNBB, Doc. 105, n. 247).<\/p>\n<p style=\"text-align: justify;\">Que a Virgem M\u00e3e Aparecida, interceda por n\u00f3s e nos acompanhe nesta caminhada sinodal!<\/p>\n<p style=\"text-align: justify;\"><strong>Dom Walmor Oliveira de Azevedo<\/strong><br \/>\n<em>Presidente da CNBB<\/em><\/p>\n<p style=\"text-align: justify;\"><strong>Pe. Andr\u00e9 Lu\u00eds do Vale<\/strong><br \/>\n<em>Presidente do CNP<\/em><\/p>\n<p style=\"text-align: justify;\"><strong>Di\u00e1c. Francisco Salvador P. Filho<\/strong><br \/>\n<em>Presidente do CND<\/em><\/p>\n<p style=\"text-align: justify;\"><strong>Moema Rodrigues Muricy<\/strong><br \/>\n<em>Presidente da CNISB<\/em><\/p>\n<p style=\"text-align: justify;\"><strong>S\u00f4nia Gomes de Oliveira<\/strong><br \/>\n<em>Presidente do CNLB<\/em><\/p>\n<p style=\"text-align: justify;\"><strong>Ir. Eliane Cordeiro de Souza<\/strong><br \/>\n<em>Presidente da CRB<\/em><\/p>\n<p><a href=\"https:\/\/www.cnbb.org.br\/wp-content\/uploads\/2022\/10\/MENSAGEM-AO-POVO-DE-DEUS_10a-ASSEMBLEIA-NACIONAL-DOS-ORGANISMOS-DO-POVO-DE-DEUS.pdf\">Baixe a mensagem em PDF.<\/a><\/p>\n","protected":false},"excerpt":{"rendered":"<p>Cerca de 180 delegados e delegadas de todo o Brasil participaram da\u00a010\u00aa Assembleia Nacional dos Organismos do Povo de Deus (ANOPD), realizada entre os dias 14 e 16 de outubro, em Bras\u00edlia (DF), com o tema \u201cComunh\u00e3o e Miss\u00e3o: caminho para a Igreja no Brasil\u201d. Ao final, foi divulgada uma mensagem na qual se destacou [&hellip;]<\/p>\n","protected":false},"author":1,"featured_media":76520,"comment_status":"open","ping_status":"closed","sticky":false,"template":"","format":"standard","meta":{"footnotes":""},"categories":[7],"tags":[],"class_list":["post-76519","post","type-post","status-publish","format-standard","has-post-thumbnail","hentry","category-cnbb"],"_links":{"self":[{"href":"https:\/\/catolicanet.net\/wp-cnet\/wp-json\/wp\/v2\/posts\/76519","targetHints":{"allow":["GET"]}}],"collection":[{"href":"https:\/\/catolicanet.net\/wp-cnet\/wp-json\/wp\/v2\/posts"}],"about":[{"href":"https:\/\/catolicanet.net\/wp-cnet\/wp-json\/wp\/v2\/types\/post"}],"author":[{"embeddable":true,"href":"https:\/\/catolicanet.net\/wp-cnet\/wp-json\/wp\/v2\/users\/1"}],"replies":[{"embeddable":true,"href":"https:\/\/catolicanet.net\/wp-cnet\/wp-json\/wp\/v2\/comments?post=76519"}],"version-history":[{"count":1,"href":"https:\/\/catolicanet.net\/wp-cnet\/wp-json\/wp\/v2\/posts\/76519\/revisions"}],"predecessor-version":[{"id":76521,"href":"https:\/\/catolicanet.net\/wp-cnet\/wp-json\/wp\/v2\/posts\/76519\/revisions\/76521"}],"wp:featuredmedia":[{"embeddable":true,"href":"https:\/\/catolicanet.net\/wp-cnet\/wp-json\/wp\/v2\/media\/76520"}],"wp:attachment":[{"href":"https:\/\/catolicanet.net\/wp-cnet\/wp-json\/wp\/v2\/media?parent=76519"}],"wp:term":[{"taxonomy":"category","embeddable":true,"href":"https:\/\/catolicanet.net\/wp-cnet\/wp-json\/wp\/v2\/categories?post=76519"},{"taxonomy":"post_tag","embeddable":true,"href":"https:\/\/catolicanet.net\/wp-cnet\/wp-json\/wp\/v2\/tags?post=76519"}],"curies":[{"name":"wp","href":"https:\/\/api.w.org\/{rel}","templated":true}]}}