{"id":76507,"date":"2022-10-17T09:47:21","date_gmt":"2022-10-17T12:47:21","guid":{"rendered":"https:\/\/catolicanet.net\/wp-cnet\/?p=76507"},"modified":"2022-10-17T11:52:21","modified_gmt":"2022-10-17T14:52:21","slug":"papa-aos-cistercienses-o-encontro-com-a-diversidade-e-sinal-dos-tempos","status":"publish","type":"post","link":"https:\/\/catolicanet.net\/wp-cnet\/papa-aos-cistercienses-o-encontro-com-a-diversidade-e-sinal-dos-tempos\/","title":{"rendered":"Papa aos Cistercienses: o encontro com a diversidade \u00e9 sinal dos tempos"},"content":{"rendered":"<p>Papa Francisco com os participantes do Cap\u00edtulo Geral da Ordem Cisterciense da Comum Observ\u00e2ncia<\/p>\n<div class=\"article__subTitle\" style=\"text-align: justify;\">Francisco agradeceu aos membros da Ordem Cisterciense da Comum Observ\u00e2ncia o compromisso com a convers\u00e3o que \u00e9 o fruto da Cruz de Cristo e da a\u00e7\u00e3o do Esp\u00edrito, tanto individual, quanto na comunidade. Os monges foram recebidos na manh\u00e3 desta segunda-feira (17\/10) no Vaticano por ocasi\u00e3o do Cap\u00edtulo Geral<\/div>\n<div class=\"title__separator\" style=\"text-align: justify;\"><\/div>\n<div class=\"article__text \">\n<p style=\"text-align: justify;\"><b>Jane Nogara &#8211; Vatican News<\/b><\/p>\n<p style=\"text-align: justify;\">Na manh\u00e3 desta segunda-feira (17\/10) o Papa Francisco recebeu os membros da Ordem Cisterciense da Comum Observ\u00e2ncia por ocasi\u00e3o do Cap\u00edtulo Geral. Francisco iniciou seu discurso pontualizando a palavra \u201cComum\u201d da ordem.<\/p>\n<div style=\"text-align: justify;\">\n<div class=\"article__embed article__embed--unwrap article__embed--dark\">\n<div class=\"article__innerTitle\">Ou\u00e7a e compartilhe!<\/div>\n<div>\n<!--[if lt IE 9]><script>document.createElement('audio');<\/script><![endif]-->\n<audio class=\"wp-audio-shortcode\" id=\"audio-76507-1\" preload=\"none\" style=\"width: 100%;\" controls=\"controls\"><source type=\"audio\/mpeg\" src=\"https:\/\/media.vaticannews.va\/media\/audio\/s1\/2022\/10\/17\/15\/136752999_F136752999.mp3?_=1\" \/><a href=\"https:\/\/media.vaticannews.va\/media\/audio\/s1\/2022\/10\/17\/15\/136752999_F136752999.mp3\">https:\/\/media.vaticannews.va\/media\/audio\/s1\/2022\/10\/17\/15\/136752999_F136752999.mp3<\/a><\/audio>\n<\/div>\n<\/div>\n<\/div>\n<h2 style=\"text-align: justify;\"><b>Comum: sentido mais rico<\/b><\/h2>\n<p style=\"text-align: justify;\">\u201cEste adjetivo \u2018comum\u2019, &#8211; disse o Papa &#8211; nos faz pensar. Sabemos que se trata de distinguir-se de uma observ\u00e2ncia \u2018especial\u2019. Mas comum tamb\u00e9m tem sempre um sentido mais rico, indicando o todo, a comunh\u00e3o. Gostaria de come\u00e7ar por aqui, desta realidade fundamental que nos constitui como Igreja, gra\u00e7as ao dom de Deus Uno e Trino e de nosso ser em Cristo\u201d.<\/p>\n<h2 style=\"text-align: justify;\"><b>Observar Jesus em comunidade<\/b><\/h2>\n<p style=\"text-align: justify;\">O Papa continuou refletindo que a observ\u00e2ncia comum seria como \u201cum caminhar juntos atr\u00e1s do Senhor Jesus, para estar com Ele, para escut\u00e1-Lo, para &#8216;observ\u00e1-Lo&#8217;&#8230; Observar Jesus\u201d. E como observ\u00e1-Lo? Francisco continuou, observar o \u201cseu caminho, o seu rosto, cheio de amor e de paz, \u00e0s vezes desdenhoso diante da hipocrisia e do fechamento, e \u00e0s vezes perturbado e angustiado na hora da paix\u00e3o. E esta observa\u00e7\u00e3o devemos faz\u00ea-la juntos, n\u00e3o individualmente, em comunidade. Ponderando este ponto o Papa recorda que nem mesmo entre os disc\u00edpulos escolhidos n\u00e3o era f\u00e1cil de se entender: \u201celes eram diferentes, cada um com suas \u2018manias\u2019 e seu orgulho. N\u00f3s tamb\u00e9m somos assim, &#8211; continuou &#8211; e tamb\u00e9m para n\u00f3s n\u00e3o \u00e9 f\u00e1cil irmos juntos em comunh\u00e3o. No entanto, nunca deixa de nos surpreender e nos d\u00e1 alegria este dom que recebemos\u201d:<\/p>\n<div style=\"text-align: justify;\">\n<div class=\"article__embed article__embed--border embed_style\">\n<blockquote><p>\u201cSer sua comunidade, assim como somos, n\u00e3o perfeitos, n\u00e3o uniformes, n\u00e3o, mas sim convocados, chamados a ficar e caminhar juntos atr\u00e1s d\u2019Ele, nosso Mestre e Senhor\u201d<\/p><\/blockquote>\n<\/div>\n<\/div>\n<p style=\"text-align: justify;\">\u201cIsto, irm\u00e3os e irm\u00e3s, \u00e9 a base de tudo. Agrade\u00e7o-lhe por enfatizar isto e os encorajo a reacender o desejo e a disponibilidade para esta comum observ\u00e2ncia de Cristo&#8221;.<\/p>\n<h2 style=\"text-align: justify;\"><b>Convers\u00e3o<\/b><\/h2>\n<p style=\"text-align: justify;\">Por\u00e9m continuou o Papa isso implica \u201cum compromisso constante de\u00a0<i>convers\u00e3o<\/i>\u00a0de um\u00a0<i>eu<\/i>\u00a0fechado para um\u00a0<i>eu<\/i>\u00a0aberto, de um cora\u00e7\u00e3o egoc\u00eantrico para um cora\u00e7\u00e3o que sai de si mesmo e encontra o outro. E isto, por analogia, tamb\u00e9m se aplica \u00e0 comunidade: de uma comunidade autorreferencial a uma comunidade extrovertida, acolhedora e mission\u00e1ria. Este \u00e9 o movimento que o Esp\u00edrito Santo sempre procura imprimir \u00e0 Igreja, trabalhando em cada um de seus membros e em cada uma de suas comunidades e institui\u00e7\u00f5es\u201d.<\/p>\n<div style=\"text-align: justify;\">\n<div class=\"article__embed article__embed--border embed_style\">\n<blockquote><p>\u201cN\u00e3o h\u00e1 comunh\u00e3o sem convers\u00e3o e, portanto, esta \u00e9 necessariamente o fruto da Cruz de Cristo e da a\u00e7\u00e3o do Esp\u00edrito, tanto individual, quanto na comunidade\u201d<\/p><\/blockquote>\n<\/div>\n<\/div>\n<p style=\"text-align: justify;\">Por fim Francisco agradeceu-lhes pelo \u201ccompromisso com o qual cooperam no esfor\u00e7o que toda a Igreja est\u00e1 fazendo neste sentido em todas as Comunidades particulares: hoje a experi\u00eancia do encontro com a diversidade \u00e9 um sinal dos tempos&#8221;, afirmou ainda.<\/p>\n<p style=\"text-align: justify;\">Concluindo o Papa disse que gostaria de encoraj\u00e1-los em um outro aspecto que \u00e9 o prop\u00f3sito de maior pobreza, tanto de esp\u00edrito quanto de bens, a fim de estar mais dispon\u00edveis ao Senhor, com todas as suas for\u00e7as, com as fragilidades e os frutos que Ele lhes d\u00e1. Portanto, louvamos a Deus por tudo, pela velhice e pela juventude, pela enfermidade e pela boa sa\u00fade, pelas comunidades do &#8220;outono&#8221; e as da &#8220;primavera&#8221;. O principal \u00e9 n\u00e3o deixar que o maligno roube nossa esperan\u00e7a!&#8221;.<\/p>\n<\/div>\n","protected":false},"excerpt":{"rendered":"<p>Papa Francisco com os participantes do Cap\u00edtulo Geral da Ordem Cisterciense da Comum Observ\u00e2ncia Francisco agradeceu aos membros da Ordem Cisterciense da Comum Observ\u00e2ncia o compromisso com a convers\u00e3o que \u00e9 o fruto da Cruz de Cristo e da a\u00e7\u00e3o do Esp\u00edrito, tanto individual, quanto na comunidade. Os monges foram recebidos na manh\u00e3 desta segunda-feira [&hellip;]<\/p>\n","protected":false},"author":1,"featured_media":76508,"comment_status":"open","ping_status":"closed","sticky":false,"template":"","format":"standard","meta":{"footnotes":""},"categories":[3],"tags":[],"class_list":["post-76507","post","type-post","status-publish","format-standard","has-post-thumbnail","hentry","category-vaticano"],"_links":{"self":[{"href":"https:\/\/catolicanet.net\/wp-cnet\/wp-json\/wp\/v2\/posts\/76507","targetHints":{"allow":["GET"]}}],"collection":[{"href":"https:\/\/catolicanet.net\/wp-cnet\/wp-json\/wp\/v2\/posts"}],"about":[{"href":"https:\/\/catolicanet.net\/wp-cnet\/wp-json\/wp\/v2\/types\/post"}],"author":[{"embeddable":true,"href":"https:\/\/catolicanet.net\/wp-cnet\/wp-json\/wp\/v2\/users\/1"}],"replies":[{"embeddable":true,"href":"https:\/\/catolicanet.net\/wp-cnet\/wp-json\/wp\/v2\/comments?post=76507"}],"version-history":[{"count":1,"href":"https:\/\/catolicanet.net\/wp-cnet\/wp-json\/wp\/v2\/posts\/76507\/revisions"}],"predecessor-version":[{"id":76509,"href":"https:\/\/catolicanet.net\/wp-cnet\/wp-json\/wp\/v2\/posts\/76507\/revisions\/76509"}],"wp:featuredmedia":[{"embeddable":true,"href":"https:\/\/catolicanet.net\/wp-cnet\/wp-json\/wp\/v2\/media\/76508"}],"wp:attachment":[{"href":"https:\/\/catolicanet.net\/wp-cnet\/wp-json\/wp\/v2\/media?parent=76507"}],"wp:term":[{"taxonomy":"category","embeddable":true,"href":"https:\/\/catolicanet.net\/wp-cnet\/wp-json\/wp\/v2\/categories?post=76507"},{"taxonomy":"post_tag","embeddable":true,"href":"https:\/\/catolicanet.net\/wp-cnet\/wp-json\/wp\/v2\/tags?post=76507"}],"curies":[{"name":"wp","href":"https:\/\/api.w.org\/{rel}","templated":true}]}}