{"id":76484,"date":"2022-10-13T10:07:29","date_gmt":"2022-10-13T13:07:29","guid":{"rendered":"https:\/\/catolicanet.net\/wp-cnet\/?p=76484"},"modified":"2022-10-13T17:08:16","modified_gmt":"2022-10-13T20:08:16","slug":"aparicao-de-sao-padre-pio-na-irlanda-teria-ele-descido-do-altar-durante-uma-missa","status":"publish","type":"post","link":"https:\/\/catolicanet.net\/wp-cnet\/aparicao-de-sao-padre-pio-na-irlanda-teria-ele-descido-do-altar-durante-uma-missa\/","title":{"rendered":"Apari\u00e7\u00e3o de S\u00e3o Padre Pio na Irlanda: teria ele descido do altar durante uma Missa?"},"content":{"rendered":"<h2 class=\"subtitle\" style=\"text-align: justify;\">Uma devota afirma ter visto o frade capuchinho; diocese vai investigar<\/h2>\n<p style=\"text-align: justify;\">Not\u00edcias de uma suposta apari\u00e7\u00e3o do Padre Pio durante a Santa Missa em uma igreja de Limerick, na Irlanda, est\u00e3o circulando pela internet.<\/p>\n<p style=\"text-align: justify;\">Trata-se da hist\u00f3ria contada por Nelly Cosgrave, 92 anos. Ela estava com uma amiga dela e outros 500 fi\u00e9is celebrando o 54.\u00ba anivers\u00e1rio da morte do Padre Pio na igreja de S\u00e3o Salvador.\u00a0E foi justamente nesse momento que a mulher afirma ter visto o Padre Pio (<em><a href=\"https:\/\/www.irishmirror.ie\/news\/irish-news\/92-year-old-woman-who-28183194\" target=\"_blank\" rel=\"noreferrer noopener\">Irish Mirror<\/a><\/em>, 9 de outubro).<\/p>\n<figure class=\"wp-block-embed is-type-rich is-provider-twitter wp-block-embed-twitter\" data-original=\"false\">\n<div class=\"wp-block-embed__wrapper\" style=\"text-align: justify;\">\n<div class=\"twitter-tweet twitter-tweet-rendered\"><iframe id=\"twitter-widget-0\" class=\"\" title=\"Twitter Tweet\" src=\"https:\/\/platform.twitter.com\/embed\/Tweet.html?creatorScreenName=aleteiapt&amp;dnt=true&amp;embedId=twitter-widget-0&amp;features=eyJ0ZndfdGltZWxpbmVfbGlzdCI6eyJidWNrZXQiOlsibGlua3RyLmVlIiwidHIuZWUiLCJ0ZXJyYS5jb20uYnIiLCJ3d3cubGlua3RyLmVlIiwid3d3LnRyLmVlIiwid3d3LnRlcnJhLmNvbS5iciJdLCJ2ZXJzaW9uIjpudWxsfSwidGZ3X2hvcml6b25fdGltZWxpbmVfMTIwMzQiOnsiYnVja2V0IjoidHJlYXRtZW50IiwidmVyc2lvbiI6bnVsbH0sInRmd190d2VldF9lZGl0X2JhY2tlbmQiOnsiYnVja2V0Ijoib24iLCJ2ZXJzaW9uIjpudWxsfSwidGZ3X3JlZnNyY19zZXNzaW9uIjp7ImJ1Y2tldCI6Im9uIiwidmVyc2lvbiI6bnVsbH0sInRmd19jaGluX3BpbGxzXzE0NzQxIjp7ImJ1Y2tldCI6ImNvbG9yX2ljb25zIiwidmVyc2lvbiI6bnVsbH0sInRmd190d2VldF9yZXN1bHRfbWlncmF0aW9uXzEzOTc5Ijp7ImJ1Y2tldCI6InR3ZWV0X3Jlc3VsdCIsInZlcnNpb24iOm51bGx9LCJ0Zndfc2Vuc2l0aXZlX21lZGlhX2ludGVyc3RpdGlhbF8xMzk2MyI6eyJidWNrZXQiOiJpbnRlcnN0aXRpYWwiLCJ2ZXJzaW9uIjpudWxsfSwidGZ3X2V4cGVyaW1lbnRzX2Nvb2tpZV9leHBpcmF0aW9uIjp7ImJ1Y2tldCI6MTIwOTYwMCwidmVyc2lvbiI6bnVsbH0sInRmd19kdXBsaWNhdGVfc2NyaWJlc190b19zZXR0aW5ncyI6eyJidWNrZXQiOiJvbiIsInZlcnNpb24iOm51bGx9LCJ0ZndfdmlkZW9faGxzX2R5bmFtaWNfbWFuaWZlc3RzXzE1MDgyIjp7ImJ1Y2tldCI6InRydWVfYml0cmF0ZSIsInZlcnNpb24iOm51bGx9LCJ0ZndfdHdlZXRfZWRpdF9mcm9udGVuZCI6eyJidWNrZXQiOiJvbiIsInZlcnNpb24iOm51bGx9fQ%3D%3D&amp;frame=false&amp;hideCard=false&amp;hideThread=false&amp;id=1578675315592790016&amp;lang=pt&amp;origin=https%3A%2F%2Fpt.aleteia.org%2F2022%2F10%2F13%2Faparicao-de-sao-padre-pio-na-irlanda-teria-ele-descido-do-altar-durante-uma-missa%2F&amp;sessionId=874d32b9de0f6ff3c01b97168f707a474b5b1624&amp;siteScreenName=aleteiapt&amp;theme=light&amp;widgetsVersion=1c23387b1f70c%3A1664388199485&amp;width=550px\" frameborder=\"0\" scrolling=\"no\" allowfullscreen=\"allowfullscreen\" data-tweet-id=\"1578675315592790016\" data-mce-fragment=\"1\"><\/iframe><\/div>\n<p>&nbsp;<\/p>\n<\/div>\n<div class=\"wp-block-aleteia-heading3\" style=\"text-align: justify;\">\n<h3>Estou surpresa!<\/h3>\n<\/div>\n<p style=\"text-align: justify;\">\u201cNunca na minha vida pensei que pudesse acontecer isso. Estou realmente chocada.\u00a0Fico pensando, por que eu?\u201d, perguntou-se a devota.<\/p>\n<p style=\"text-align: justify;\">Os fi\u00e9is dizem que a mulher \u00e9 uma pessoa s\u00e9ria e cred\u00edvel, sobretudo muito l\u00facida e dedicada ao frade dos estigmas.<\/p>\n<div class=\"wp-block-aleteia-heading3\" style=\"text-align: justify;\">\n<h3>Foto ampliada do Padre Pio<\/h3>\n<\/div>\n<p style=\"text-align: justify;\">Uma foto ampliada do Padre Pio (tirada por Cindy Rooso, l\u00edder americana do grupo de ora\u00e7\u00e3o dedicado ao frade e do qual Nelly pertence) estava no centro do altar enquanto o padre Bernardino Maria Soukup celebrava a missa (<em><a href=\"https:\/\/www.ilmessaggero.it\/vaticano\/padre_pio_apparizione_irlanda_anziana_cosa_e_successo_ultimissime_news-6976747.html\" target=\"_blank\" rel=\"noreferrer noopener\">Il Messaggero<\/a><\/em>, 9 de outubro).<\/p>\n<div class=\"wp-block-aleteia-heading3\" style=\"text-align: justify;\">\n<h3>A imagem iluminada<\/h3>\n<\/div>\n<div id=\"aleteia-welcome\" style=\"text-align: justify;\"><\/div>\n<p style=\"text-align: justify;\">A senhora conta como teria acontecido a apari\u00e7\u00e3o do Padre Pio: \u201cOlhei para a imagem e ela estava toda iluminada, como se um interruptor tivesse sido acionado.\u00a0Era toda prateada e brilhante.\u00a0Isso continuou por um tempo.\u201d<\/p>\n<p style=\"text-align: justify;\">Nelly, ent\u00e3o, entra em detalhes, contando detalhadamente a suposta apari\u00e7\u00e3o do frade: \u201cDepois, Padre Pio apareceu todo vestido de marrom com a corda branca na cintura.\u00a0Ele estava usando luvas.\u00a0Eu o vi claramente, um homem pequeno.\u00a0Ele apareceu depois dessa luz e o ch\u00e3o ficou todo vermelho como um tapete.\u201d<\/p>\n<div class=\"wp-block-aleteia-heading3\" style=\"text-align: justify;\">\n<h3>Padre Pio desce do altar<\/h3>\n<\/div>\n<p style=\"text-align: justify;\">Quando Padre Pio apareceu na igreja em Lamerick, uma amiga estava com Nelly.\u00a0A senhora irlandesa, vendo que a amiga olhava na mesma dire\u00e7\u00e3o, deu-lhe um pux\u00e3o: \u201cEla disse que viu o Padre Pio mudar de cor e descer do altar.\u00a0Continuamos procurando por ele, mas ele desapareceu no ar e tudo voltou ao normal.\u201d<\/p>\n<p style=\"text-align: justify;\">Agora caber\u00e1 \u00e0 diocese de Limerick fazer as investiga\u00e7\u00f5es necess\u00e1rias sobre a suposta apari\u00e7\u00e3o do Padre Pio.\u00a0(<em><a href=\"https:\/\/tvzap.it\/social\/padre-pio-apparizione-irlanda-racconto\/\" target=\"_blank\" rel=\"noreferrer noopener\">Tv Zap<\/a><\/em>\u00a0, 10 de outubro).<\/p>\n<\/figure>\n","protected":false},"excerpt":{"rendered":"<p>Uma devota afirma ter visto o frade capuchinho; diocese vai investigar Not\u00edcias de uma suposta apari\u00e7\u00e3o do Padre Pio durante a Santa Missa em uma igreja de Limerick, na Irlanda, est\u00e3o circulando pela internet. Trata-se da hist\u00f3ria contada por Nelly Cosgrave, 92 anos. Ela estava com uma amiga dela e outros 500 fi\u00e9is celebrando o [&hellip;]<\/p>\n","protected":false},"author":1,"featured_media":76485,"comment_status":"open","ping_status":"closed","sticky":false,"template":"","format":"standard","meta":{"footnotes":""},"categories":[4],"tags":[],"class_list":["post-76484","post","type-post","status-publish","format-standard","has-post-thumbnail","hentry","category-cotidiano"],"_links":{"self":[{"href":"https:\/\/catolicanet.net\/wp-cnet\/wp-json\/wp\/v2\/posts\/76484","targetHints":{"allow":["GET"]}}],"collection":[{"href":"https:\/\/catolicanet.net\/wp-cnet\/wp-json\/wp\/v2\/posts"}],"about":[{"href":"https:\/\/catolicanet.net\/wp-cnet\/wp-json\/wp\/v2\/types\/post"}],"author":[{"embeddable":true,"href":"https:\/\/catolicanet.net\/wp-cnet\/wp-json\/wp\/v2\/users\/1"}],"replies":[{"embeddable":true,"href":"https:\/\/catolicanet.net\/wp-cnet\/wp-json\/wp\/v2\/comments?post=76484"}],"version-history":[{"count":1,"href":"https:\/\/catolicanet.net\/wp-cnet\/wp-json\/wp\/v2\/posts\/76484\/revisions"}],"predecessor-version":[{"id":76486,"href":"https:\/\/catolicanet.net\/wp-cnet\/wp-json\/wp\/v2\/posts\/76484\/revisions\/76486"}],"wp:featuredmedia":[{"embeddable":true,"href":"https:\/\/catolicanet.net\/wp-cnet\/wp-json\/wp\/v2\/media\/76485"}],"wp:attachment":[{"href":"https:\/\/catolicanet.net\/wp-cnet\/wp-json\/wp\/v2\/media?parent=76484"}],"wp:term":[{"taxonomy":"category","embeddable":true,"href":"https:\/\/catolicanet.net\/wp-cnet\/wp-json\/wp\/v2\/categories?post=76484"},{"taxonomy":"post_tag","embeddable":true,"href":"https:\/\/catolicanet.net\/wp-cnet\/wp-json\/wp\/v2\/tags?post=76484"}],"curies":[{"name":"wp","href":"https:\/\/api.w.org\/{rel}","templated":true}]}}