{"id":76472,"date":"2022-10-13T09:43:22","date_gmt":"2022-10-13T12:43:22","guid":{"rendered":"https:\/\/catolicanet.net\/wp-cnet\/?p=76472"},"modified":"2022-10-13T16:44:24","modified_gmt":"2022-10-13T19:44:24","slug":"comissao-lanca-caderno-de-enfrentamento-ao-trafico-de-pessoas-versao-digital-ja-esta-disponivel-para-download","status":"publish","type":"post","link":"https:\/\/catolicanet.net\/wp-cnet\/comissao-lanca-caderno-de-enfrentamento-ao-trafico-de-pessoas-versao-digital-ja-esta-disponivel-para-download\/","title":{"rendered":"COMISS\u00c3O LAN\u00c7A CADERNO DE ENFRENTAMENTO AO TR\u00c1FICO DE PESSOAS; VERS\u00c3O DIGITAL J\u00c1 EST\u00c1 DISPON\u00cdVEL PARA DOWNLOAD"},"content":{"rendered":"<blockquote><p><i>\u201cUma destas feridas abertas mais dolorosas \u00e9 o tr\u00e1fico de seres humanos, uma forma moderna de escravid\u00e3o, que viola a dignidade, dom de Deus em tantos dos nossos irm\u00e3os e irm\u00e3s\u201d\u00a0 (Papa Francisco)<\/i><\/p><\/blockquote>\n<p style=\"text-align: justify;\"><img loading=\"lazy\" decoding=\"async\" class=\"size-medium wp-image-931926 alignleft\" src=\"https:\/\/eadn-wc02-718006.nxedge.io\/cdn\/wp-content\/uploads\/2022\/10\/caderno-capa-1-300x300.jpg\" sizes=\"auto, (max-width: 300px) 100vw, 300px\" srcset=\"https:\/\/eadn-wc02-718006.nxedge.io\/cdn\/wp-content\/uploads\/2022\/10\/caderno-capa-1-300x300.jpg 300w, https:\/\/eadn-wc02-718006.nxedge.io\/cdn\/wp-content\/uploads\/2022\/10\/caderno-capa-1-1024x1022.jpg 1024w, https:\/\/eadn-wc02-718006.nxedge.io\/cdn\/wp-content\/uploads\/2022\/10\/caderno-capa-1-150x150.jpg 150w, https:\/\/eadn-wc02-718006.nxedge.io\/cdn\/wp-content\/uploads\/2022\/10\/caderno-capa-1-768x767.jpg 768w, https:\/\/eadn-wc02-718006.nxedge.io\/cdn\/wp-content\/uploads\/2022\/10\/caderno-capa-1-1536x1533.jpg 1536w, https:\/\/eadn-wc02-718006.nxedge.io\/cdn\/wp-content\/uploads\/2022\/10\/caderno-capa-1-2048x2045.jpg 2048w, https:\/\/eadn-wc02-718006.nxedge.io\/cdn\/wp-content\/uploads\/2022\/10\/caderno-capa-1-800x800.jpg 800w, https:\/\/eadn-wc02-718006.nxedge.io\/cdn\/wp-content\/uploads\/2022\/10\/caderno-capa-1-500x499.jpg 500w\" alt=\"\" width=\"300\" height=\"300\" \/>Com objetivo de refor\u00e7ar uma das ferramentas para o enfrentamento ao Tr\u00e1fico de Pessoas, a Comiss\u00e3o Episcopal Pastoral Especial para o Enfrentamento ao Tr\u00e1fico Humano (CEPEETH) da Confer\u00eancia Nacional dos Bispos do Brasil (CNBB), com o apoio da Confer\u00eancia Episcopal Italiana, lan\u00e7a o Caderno \u2013\u00a0<b><i><a href=\"https:\/\/www.cnbb.org.br\/wp-content\/uploads\/2022\/10\/caderno-Nas-trilhas-do-enfrentamento-ao-trafico-de-pessoas-v-digital-alta-qualidade.pdf\">Nas Trilhas do Enfrentamento ao Tr\u00e1fico de Pessoas<\/a>.<\/i><\/b><\/p>\n<p style=\"text-align: justify;\">O caderno \u00e9 parte das a\u00e7\u00f5es que mobilizam as pastorais, movimentos, coletivos e organiza\u00e7\u00f5es que atuam nos processos de forma\u00e7\u00e3o para enfrentar o Tr\u00e1fico de Pessoas no Brasil.\u00a0O instrumento fortalece as redes de enfrentamento, sobretudo neste cen\u00e1rio em que o pa\u00eds atravessa crises sociais, pol\u00edticas econ\u00f4micas e ainda convive com a pandemia da Covid-19.<\/p>\n<p style=\"text-align: justify;\">Para a Comiss\u00e3o de Enfrentamento da CNBB, a publica\u00e7\u00e3o tem a capacidade de sensibilizar a sociedade atrav\u00e9s da forma\u00e7\u00e3o e informa\u00e7\u00e3o:<\/p>\n<blockquote><p>\u201c\u00c9 necess\u00e1rio que a sociedade tenha conhecimento deste crime que \u00e9 considerado o terceiro maior com\u00e9rcio il\u00edcito no mundo, perdendo apenas para o tr\u00e1fico de drogas. O Tr\u00e1fico de Pessoas \u00e9 a escravid\u00e3o moderna deste s\u00e9culo. No Brasil o grito das v\u00edtimas praticamente foi silenciado pelo poder do crime organizado durante a pandemia da Covid-19, por este e outros motivos \u00e9 necess\u00e1rio formar e informar para denunciar\u201d.<\/p><\/blockquote>\n<p style=\"text-align: justify;\">O caderno segue o m\u00e9todo\u00a0<b>VER,<\/b>\u00a0<b>JULGAR<\/b>\u00a0e\u00a0<b>AGIR<\/b>\u00a0e apresenta conceitos, modalidades e indica\u00e7\u00f5es para a cultura do cuidado. Em todos os temas a publica\u00e7\u00e3o apresenta indica\u00e7\u00f5es e debates para proporcionar intera\u00e7\u00f5es nos grupos de estudos. O conte\u00fado do Caderno foi enriquecido com ilustra\u00e7\u00f5es e infogr\u00e1ficos que facilitam a compreens\u00e3o. Os recursos deixaram o tema com uma certa leveza para ser estudado, embora o tema seja \u201cpesado\u201d.<\/p>\n<p style=\"text-align: justify;\">A publica\u00e7\u00e3o do Caderno\u00a0<strong>\u201cNas Trilhas do Enfrentamento ao Tr\u00e1fico de Pessoas\u201d<\/strong>\u00a0t\u00eam contribui\u00e7\u00e3o das parcerias da Associa\u00e7\u00e3o Brasileira de Defesa da Mulher da Inf\u00e2ncia e da Juventude (ASBRAD), Comiss\u00e3o Pastoral da Terra (CPT) e Rede Um Grito pela Vida e apoio da Confer\u00eancia Episcopal Italiana.<\/p>\n<p style=\"text-align: justify;\">A publica\u00e7\u00e3o ter\u00e1 vers\u00f5es impressa e digital.\u00a0 Na vers\u00e3o impressa, que ser\u00e1 distribu\u00edda para os regionais da CNBB, os leitores poder\u00e3o acessar outros conte\u00fados indicados no caderno atrav\u00e9s de QR-codes, basta apontar a c\u00e2mera do celular e assistir document\u00e1rios ou reportagens. Na vers\u00e3o digital,\u00a0<strong><a href=\"https:\/\/www.cnbb.org.br\/wp-content\/uploads\/2022\/10\/caderno-Nas-trilhas-do-enfrentamento-ao-trafico-de-pessoas-v-digital-alta-qualidade.pdf\">dispon\u00edvel para download no site da Confer\u00eancia<\/a><\/strong>, os leitores tamb\u00e9m poder\u00e3o acessar as indica\u00e7\u00f5es com facilidade.<\/p>\n","protected":false},"excerpt":{"rendered":"<p>\u201cUma destas feridas abertas mais dolorosas \u00e9 o tr\u00e1fico de seres humanos, uma forma moderna de escravid\u00e3o, que viola a dignidade, dom de Deus em tantos dos nossos irm\u00e3os e irm\u00e3s\u201d\u00a0 (Papa Francisco) Com objetivo de refor\u00e7ar uma das ferramentas para o enfrentamento ao Tr\u00e1fico de Pessoas, a Comiss\u00e3o Episcopal Pastoral Especial para o Enfrentamento [&hellip;]<\/p>\n","protected":false},"author":1,"featured_media":76473,"comment_status":"open","ping_status":"closed","sticky":false,"template":"","format":"standard","meta":{"footnotes":""},"categories":[7],"tags":[],"class_list":["post-76472","post","type-post","status-publish","format-standard","has-post-thumbnail","hentry","category-cnbb"],"_links":{"self":[{"href":"https:\/\/catolicanet.net\/wp-cnet\/wp-json\/wp\/v2\/posts\/76472","targetHints":{"allow":["GET"]}}],"collection":[{"href":"https:\/\/catolicanet.net\/wp-cnet\/wp-json\/wp\/v2\/posts"}],"about":[{"href":"https:\/\/catolicanet.net\/wp-cnet\/wp-json\/wp\/v2\/types\/post"}],"author":[{"embeddable":true,"href":"https:\/\/catolicanet.net\/wp-cnet\/wp-json\/wp\/v2\/users\/1"}],"replies":[{"embeddable":true,"href":"https:\/\/catolicanet.net\/wp-cnet\/wp-json\/wp\/v2\/comments?post=76472"}],"version-history":[{"count":1,"href":"https:\/\/catolicanet.net\/wp-cnet\/wp-json\/wp\/v2\/posts\/76472\/revisions"}],"predecessor-version":[{"id":76474,"href":"https:\/\/catolicanet.net\/wp-cnet\/wp-json\/wp\/v2\/posts\/76472\/revisions\/76474"}],"wp:featuredmedia":[{"embeddable":true,"href":"https:\/\/catolicanet.net\/wp-cnet\/wp-json\/wp\/v2\/media\/76473"}],"wp:attachment":[{"href":"https:\/\/catolicanet.net\/wp-cnet\/wp-json\/wp\/v2\/media?parent=76472"}],"wp:term":[{"taxonomy":"category","embeddable":true,"href":"https:\/\/catolicanet.net\/wp-cnet\/wp-json\/wp\/v2\/categories?post=76472"},{"taxonomy":"post_tag","embeddable":true,"href":"https:\/\/catolicanet.net\/wp-cnet\/wp-json\/wp\/v2\/tags?post=76472"}],"curies":[{"name":"wp","href":"https:\/\/api.w.org\/{rel}","templated":true}]}}