{"id":76433,"date":"2022-10-11T14:33:06","date_gmt":"2022-10-11T17:33:06","guid":{"rendered":"https:\/\/catolicanet.net\/wp-cnet\/?p=76433"},"modified":"2022-10-11T14:33:06","modified_gmt":"2022-10-11T17:33:06","slug":"nossa-romaria-com-maria","status":"publish","type":"post","link":"https:\/\/catolicanet.net\/wp-cnet\/nossa-romaria-com-maria\/","title":{"rendered":"Nossa romaria, com Maria!"},"content":{"rendered":"<p style=\"text-align: justify;\">Em nossa romaria com Maria, na teimosia e na persist\u00eancia, nos resta a esperan\u00e7a! Tudo no compromisso resistente, no intenso vigor de jamais perecer. Eis o ensinamento vivamente presente: lutar sem nunca esmorecer!<\/p>\n<p style=\"text-align: justify;\">Nossa miss\u00e3o aqui na terra \u00e9 uma contumaz e obstinada romaria, como na can\u00e7\u00e3o: \u201cSou caipira, Pirapora \/ Nossa Senhora de Aparecida \/ Ilumina a mina escura e funda \/ O trem da minha vida\u201d, mas na esperan\u00e7a da feliz e eterna romaria. Eis o nosso maior desafio: o de viver o Evangelho de Jesus. \u00c9 mais que entend\u00edvel e indiscut\u00edvel o convite \u00e0 convers\u00e3o do nosso cora\u00e7\u00e3o, na alegria de sempre mais redescobrir o amor verdadeiro, de nos inspirarmos no gesto da M\u00e3e de Deus e de nos unirmos \u00e0 Igreja, que nos convida a caminhar juntos, pelos dons do Esp\u00edrito Santo, apropriando-nos da Solenidade de Maria, neste 12 de outubro, m\u00eas mission\u00e1rio.<\/p>\n<p style=\"text-align: justify;\">Sabemos que cada pessoa, no exemplo acima mencionado, ao mergulhar na sabedoria divina, quer mais e mais exteriorizar, difundir e disseminar a ternura compassiva de Deus, carregando consigo, neste mundo, o segredo de seu mist\u00e9rio ou a raz\u00e3o de seu encargo ou dever de edificar o mundo e sua realidade contradit\u00f3ria. Embora se saiba que s\u00e3o muitos os que se encontram na aridez do deserto, tamb\u00e9m no seu calor escaldante e exaustivo procuram um po\u00e7o de \u00e1gua, uma torrente miraculosa, no sentido de jorrar \u00e1gua redentora, a mesma de Maria no Rio Para\u00edba. \u00c9 o amor transbordante de Deus que nos faz pensar, acima de qualquer met\u00e1fora ou alegoria, no mist\u00e9rio da M\u00e3e de Deus.<\/p>\n<p style=\"text-align: justify;\">Neste m\u00eas mission\u00e1rio de 2022 somos convidados a abra\u00e7ar a proposta do Evangelho de Jesus, na compreens\u00e3o generosa de que \u201cA Igreja \u00e9 miss\u00e3o\u201d, \u201cSereis minhas testemunhas\u201d, na ordem vital e irrecus\u00e1vel de Jesus: \u201cIde pelo mundo inteiro e anunciai o Evangelho a toda criatura\u201d (Mc 16, 15). Que Deus nos conceda a gra\u00e7a da consci\u00eancia de que fomos criados para apreciar e valorizar seu Reino, em sua beleza, n\u00e3o num sentimento de tristeza, nos limites prec\u00e1rios e na transitoriedade da vida, mas longe de ilus\u00f5es e vantagens deste mundo, com um sentimento de viva esperan\u00e7a, anunciada no Magnificat: \u201cO Poderoso fez em mim grandes coisas. Seu nome \u00e9 santo e seu amor para sempre se estende sobre aqueles que o temem\u201d.<\/p>\n<p style=\"text-align: justify;\">Aventura magn\u00edfica, a partir de Michelangelo (1475-1564), pintor, escultor, poeta, arquiteto e g\u00eanio italiano, ao retratar, evidentemente atrav\u00e9s da arte, essa tese, de um modo indiz\u00edvel, mostra a Virgem Maria nas sete dores sofridas com o corpo de seu filho, Jesus, morto em seus bra\u00e7os, ap\u00f3s a crucifica\u00e7\u00e3o, com dores colossais e descomunais, que representam as dores da humanidade. Assim seja!<\/p>\n","protected":false},"excerpt":{"rendered":"<p>Em nossa romaria com Maria, na teimosia e na persist\u00eancia, nos resta a esperan\u00e7a! Tudo no compromisso resistente, no intenso vigor de jamais perecer. Eis o ensinamento vivamente presente: lutar sem nunca esmorecer! Nossa miss\u00e3o aqui na terra \u00e9 uma contumaz e obstinada romaria, como na can\u00e7\u00e3o: \u201cSou caipira, Pirapora \/ Nossa Senhora de Aparecida [&hellip;]<\/p>\n","protected":false},"author":6,"featured_media":55824,"comment_status":"open","ping_status":"closed","sticky":false,"template":"","format":"standard","meta":{"footnotes":""},"categories":[9],"tags":[],"class_list":["post-76433","post","type-post","status-publish","format-standard","has-post-thumbnail","hentry","category-artigos"],"_links":{"self":[{"href":"https:\/\/catolicanet.net\/wp-cnet\/wp-json\/wp\/v2\/posts\/76433","targetHints":{"allow":["GET"]}}],"collection":[{"href":"https:\/\/catolicanet.net\/wp-cnet\/wp-json\/wp\/v2\/posts"}],"about":[{"href":"https:\/\/catolicanet.net\/wp-cnet\/wp-json\/wp\/v2\/types\/post"}],"author":[{"embeddable":true,"href":"https:\/\/catolicanet.net\/wp-cnet\/wp-json\/wp\/v2\/users\/6"}],"replies":[{"embeddable":true,"href":"https:\/\/catolicanet.net\/wp-cnet\/wp-json\/wp\/v2\/comments?post=76433"}],"version-history":[{"count":1,"href":"https:\/\/catolicanet.net\/wp-cnet\/wp-json\/wp\/v2\/posts\/76433\/revisions"}],"predecessor-version":[{"id":76434,"href":"https:\/\/catolicanet.net\/wp-cnet\/wp-json\/wp\/v2\/posts\/76433\/revisions\/76434"}],"wp:featuredmedia":[{"embeddable":true,"href":"https:\/\/catolicanet.net\/wp-cnet\/wp-json\/wp\/v2\/media\/55824"}],"wp:attachment":[{"href":"https:\/\/catolicanet.net\/wp-cnet\/wp-json\/wp\/v2\/media?parent=76433"}],"wp:term":[{"taxonomy":"category","embeddable":true,"href":"https:\/\/catolicanet.net\/wp-cnet\/wp-json\/wp\/v2\/categories?post=76433"},{"taxonomy":"post_tag","embeddable":true,"href":"https:\/\/catolicanet.net\/wp-cnet\/wp-json\/wp\/v2\/tags?post=76433"}],"curies":[{"name":"wp","href":"https:\/\/api.w.org\/{rel}","templated":true}]}}