{"id":76426,"date":"2022-10-11T10:28:49","date_gmt":"2022-10-11T13:28:49","guid":{"rendered":"https:\/\/catolicanet.net\/wp-cnet\/?p=76426"},"modified":"2022-10-11T14:29:45","modified_gmt":"2022-10-11T17:29:45","slug":"pe-reginaldo-manzotti-sou-testemunha-viva-do-poder-de-nossa-senhora-aparecida","status":"publish","type":"post","link":"https:\/\/catolicanet.net\/wp-cnet\/pe-reginaldo-manzotti-sou-testemunha-viva-do-poder-de-nossa-senhora-aparecida\/","title":{"rendered":"Pe. Reginaldo Manzotti: \u201cSou testemunha viva do poder de Nossa Senhora Aparecida\u201d"},"content":{"rendered":"<h2 class=\"subtitle\" style=\"text-align: justify;\">O sacerdote afirma que ele s\u00f3 est\u00e1 vivo gra\u00e7as \u00e0 intercess\u00e3o de Nossa Senhora<\/h2>\n<p style=\"text-align: justify;\">No dia 12 de outubro, celebramos o dia da nossa M\u00e3e que, com todo amor, estende seu manto por todos os brasileiros e brasileiras. A imagem peregrina de Nossa Senhora Aparecida percorre o nosso imenso solo brasileiro, levando a todos o amor e a miseric\u00f3rdia de Deus.<\/p>\n<p style=\"text-align: justify;\">Em outubro de 1717, a Imagem foi encontrada por Jo\u00e3o Alves, Domingos Garcia e Felipe Pedroso, no rio Para\u00edba do Sul. Acharam primeiro o corpo e, depois, a cabe\u00e7a da Imagem. Ap\u00f3s esse encontro, os tr\u00eas humildes e benditos pescadores foram recompensados com uma prodigiosa pescaria. Aos p\u00e9s da imagem pequena e escura de terracota, com 36 cm, uma na\u00e7\u00e3o dobra-se em venera\u00e7\u00e3o \u00e0 M\u00e3e do Brasil e em profunda adora\u00e7\u00e3o a Jesus, Nosso Salvador.<\/p>\n<div class=\"wp-block-aleteia-heading3\" style=\"text-align: justify;\">\n<h3>A intercess\u00e3o de Nossa Senhora Aparecida<\/h3>\n<\/div>\n<p style=\"text-align: justify;\">Sou fruto e testemunha viva do poder intercessor de Nossa Senhora Aparecida, sou o milagre vivo de uma ora\u00e7\u00e3o de minha m\u00e3e que, ao me ver nascer sufocado pelo cord\u00e3o umbilical, ap\u00f3s ter sido batizado \u00e0s pressas, fui consagrado a Nossa Senhora Aparecida. Em minha alma trago eterna gratid\u00e3o: nos l\u00e1bios, os louvores e no meu segundo nome, a marca daquela que intercedeu a Jesus e salvou minha vida: meu nome de batismo \u00e9 Reginaldo Aparecido Manzotti.<\/p>\n<p style=\"text-align: justify;\">N\u00e3o h\u00e1 um momento da minha vida que eu n\u00e3o consiga enxergar Nossa Senhora me protegendo e amparando. E, n\u00e3o consigo compreender como em alguns momentos algu\u00e9m pode duvidar da intercess\u00e3o de Nossa Senhora.\u00a0 N\u00f3s temos uma M\u00e3e, n\u00e3o somos \u00f3rf\u00e3os e se uma m\u00e3e aqui da terra tira da boca para dar a seus filhos, imaginem Nossa Senhora que \u00e9 toda santa, pura, imaculada e repleta de amor.<\/p>\n<div class=\"wp-block-aleteia-heading3\" style=\"text-align: justify;\">\n<h3>Composi\u00e7\u00e3o<\/h3>\n<\/div>\n<p style=\"text-align: justify;\">Diante da minha gratid\u00e3o e devo\u00e7\u00e3o por Nossa Senhora e com tantos testemunhos de f\u00e9, em 2013, Deus me deu a Gra\u00e7a de homenagear nossa M\u00e3e com uma composi\u00e7\u00e3o. A m\u00fasica \u201cPROTEJA-ME OH! M\u00c3E\u201d. \u00c9 uma ora\u00e7\u00e3o em forma de m\u00fasica, para que todos possam clamar por Nossa Senhora e ao mesmo tempo agradecer a sua prote\u00e7\u00e3o:<\/p>\n<figure class=\"wp-block-embed is-type-video is-provider-youtube wp-block-embed-youtube wp-embed-aspect-16-9 wp-has-aspect-ratio\" data-original=\"false\">\n<div class=\"wp-block-embed__wrapper\"><span class=\"embed-youtube css-1ywgfld\"><span class=\"css-ubwxwi\"><iframe loading=\"lazy\" id=\"youtube_embedded_0ZqaeEXtm94\" class=\"youtube-player css-107tt68\" title=\"Padre Reginaldo Manzotti - Proteja me Oh! M\u00e3e (DVD Alma Mission\u00e1ria) [V\u00eddeo Oficial]\" src=\"https:\/\/www.youtube.com\/embed\/0ZqaeEXtm94?enablejsapi=1&amp;origin=https%3A%2F%2Fpt.aleteia.org&amp;widgetid=1\" width=\"640\" height=\"360\" frameborder=\"0\" sandbox=\"allow-scripts allow-same-origin allow-popups allow-presentation\" allowfullscreen=\"allowfullscreen\" data-mce-fragment=\"1\"><\/iframe><\/span><\/span><\/div>\n<\/figure>\n<div class=\"wp-block-aleteia-read-also read-also\" data-category=\"Espiritualidade\" data-category-english=\"spirituality\">\n<figure><\/figure>\n<\/div>\n","protected":false},"excerpt":{"rendered":"<p>O sacerdote afirma que ele s\u00f3 est\u00e1 vivo gra\u00e7as \u00e0 intercess\u00e3o de Nossa Senhora No dia 12 de outubro, celebramos o dia da nossa M\u00e3e que, com todo amor, estende seu manto por todos os brasileiros e brasileiras. A imagem peregrina de Nossa Senhora Aparecida percorre o nosso imenso solo brasileiro, levando a todos o [&hellip;]<\/p>\n","protected":false},"author":1,"featured_media":76427,"comment_status":"open","ping_status":"closed","sticky":false,"template":"","format":"standard","meta":{"footnotes":""},"categories":[4],"tags":[],"class_list":["post-76426","post","type-post","status-publish","format-standard","has-post-thumbnail","hentry","category-cotidiano"],"_links":{"self":[{"href":"https:\/\/catolicanet.net\/wp-cnet\/wp-json\/wp\/v2\/posts\/76426","targetHints":{"allow":["GET"]}}],"collection":[{"href":"https:\/\/catolicanet.net\/wp-cnet\/wp-json\/wp\/v2\/posts"}],"about":[{"href":"https:\/\/catolicanet.net\/wp-cnet\/wp-json\/wp\/v2\/types\/post"}],"author":[{"embeddable":true,"href":"https:\/\/catolicanet.net\/wp-cnet\/wp-json\/wp\/v2\/users\/1"}],"replies":[{"embeddable":true,"href":"https:\/\/catolicanet.net\/wp-cnet\/wp-json\/wp\/v2\/comments?post=76426"}],"version-history":[{"count":1,"href":"https:\/\/catolicanet.net\/wp-cnet\/wp-json\/wp\/v2\/posts\/76426\/revisions"}],"predecessor-version":[{"id":76428,"href":"https:\/\/catolicanet.net\/wp-cnet\/wp-json\/wp\/v2\/posts\/76426\/revisions\/76428"}],"wp:featuredmedia":[{"embeddable":true,"href":"https:\/\/catolicanet.net\/wp-cnet\/wp-json\/wp\/v2\/media\/76427"}],"wp:attachment":[{"href":"https:\/\/catolicanet.net\/wp-cnet\/wp-json\/wp\/v2\/media?parent=76426"}],"wp:term":[{"taxonomy":"category","embeddable":true,"href":"https:\/\/catolicanet.net\/wp-cnet\/wp-json\/wp\/v2\/categories?post=76426"},{"taxonomy":"post_tag","embeddable":true,"href":"https:\/\/catolicanet.net\/wp-cnet\/wp-json\/wp\/v2\/tags?post=76426"}],"curies":[{"name":"wp","href":"https:\/\/api.w.org\/{rel}","templated":true}]}}