{"id":76369,"date":"2022-10-05T09:52:00","date_gmt":"2022-10-05T12:52:00","guid":{"rendered":"https:\/\/catolicanet.net\/wp-cnet\/?p=76369"},"modified":"2022-10-05T11:53:26","modified_gmt":"2022-10-05T14:53:26","slug":"15-frases-de-santos-e-beatos-que-te-farao-amar-mais-o-rosario","status":"publish","type":"post","link":"https:\/\/catolicanet.net\/wp-cnet\/15-frases-de-santos-e-beatos-que-te-farao-amar-mais-o-rosario\/","title":{"rendered":"15 frases de santos e beatos que te far\u00e3o amar mais o ros\u00e1rio"},"content":{"rendered":"<p style=\"text-align: justify;\">Desde que se come\u00e7ou a propagar a devo\u00e7\u00e3o ao Santo Ros\u00e1rio, por pedido da\u00a0Virgem Maria\u00a0no s\u00e9culo XIII, muitos santos e beatos ao longo do tempo tiveram uma profunda devo\u00e7\u00e3o a esta ora\u00e7\u00e3o mariana e ajudaram na sua difus\u00e3o. A seguir, apresentamos 15 frases de quem cresceu na santidade com o ros\u00e1rio:<\/p>\n<p style=\"text-align: justify;\"><strong>1. S\u00e3o Pio X<\/strong><\/p>\n<p style=\"text-align: justify;\">\u201cSe quiserdes que a paz reine em vossas fam\u00edlias e em vossa P\u00e1tria, rezai todos os dias, em fam\u00edlia, o Santo Ros\u00e1rio\u201d.<\/p>\n<p style=\"text-align: justify;\"><strong>\u00a02. S\u00e3o Francisco de Sales<\/strong><\/p>\n<p style=\"text-align: justify;\">\u201cO Santo Ros\u00e1rio \u00e9 a melhor devo\u00e7\u00e3o do povo crist\u00e3o\u201d.<\/p>\n<p style=\"text-align: justify;\"><strong>3. S\u00e3o Luis Maria Grignion de Montfort<\/strong><\/p>\n<p style=\"text-align: justify;\">\u201cA pr\u00e1tica do Santo Ros\u00e1rio \u00e9 verdadeiramente grande, sublime, divina. Foi o C\u00e9u que vo-la deu para converter os pecadores mais endurecidos e os hereges mais obstinados\u201d.<\/p>\n<p style=\"text-align: justify;\"><strong>4. Santo Afonso Maria de Lig\u00f3rio<\/strong><\/p>\n<p style=\"text-align: justify;\">\u201cSe quisermos, pois, ajudar as santas almas do purgat\u00f3rio, procuremos rogar por elas \u00e0 Sant\u00edssima Virgem em todas as nossas ora\u00e7\u00f5es, aplicando-lhes especialmente o Santo Ros\u00e1rio, que lhes d\u00e1 grande al\u00edvio\u201d.<\/p>\n<p style=\"text-align: justify;\"><strong>5. Santo Ant\u00f4nio Maria Claret<\/strong><\/p>\n<p style=\"text-align: justify;\">\u201cFelizes as pessoas que rezam bem o Santo Ros\u00e1rio, porque Maria Sant\u00edssima lhes obter\u00e1 gra\u00e7as na\u00a0vida, gra\u00e7as na hora da morte e gl\u00f3ria no C\u00e9u\u201d.<\/p>\n<p style=\"text-align: justify;\"><strong>6. S\u00e3o Jo\u00e3o Maria Vianney (Cura d&#8217;Ars)<\/strong><\/p>\n<p style=\"text-align: justify;\">\u201cCom esta arma, afastei muitas almas do diabo\u201d.<\/p>\n<p style=\"text-align: justify;\"><strong>7. S\u00e3o Jo\u00e3o Bosco<\/strong><\/p>\n<p style=\"text-align: justify;\">\u201cTodas as minhas obras e trabalhos t\u00eam como base duas coisas: a\u00a0Missa\u00a0e o Ros\u00e1rio\u201d.<\/p>\n<p style=\"text-align: justify;\"><strong>8. Santa Teresinha do Menino Jesus (Teresinha de Lisieux)<\/strong><\/p>\n<p style=\"text-align: justify;\">\u201cPelo Ros\u00e1rio, podemos tudo alcan\u00e7ar. Segundo uma bela compara\u00e7\u00e3o, \u00e9 uma longa cadeia que liga o c\u00e9u e a terra: uma das extremidades est\u00e1 entre as nossas m\u00e3os e a outra nas da Sant\u00edssima Virgem. Enquanto o Ros\u00e1rio for rezado, Deus n\u00e3o poder\u00e1 abandonar o mundo, pois essa ora\u00e7\u00e3o \u00e9 poderosa em seu cora\u00e7\u00e3o\u201d.<\/p>\n<p style=\"text-align: justify;\"><strong>9. S\u00e3o Paulo VI<\/strong><\/p>\n<p style=\"text-align: justify;\">\u201cA recita\u00e7\u00e3o do Ros\u00e1rio requer um ritmo tranquilo e certa demora a pensar, que favore\u00e7am, naquele que ora, a medita\u00e7\u00e3o dos mist\u00e9rios da vida do Senhor, vistos atrav\u00e9s do Cora\u00e7\u00e3o d\u2019Aquela que mais de perto esteve em contato com o mesmo Senhor\u201d.<\/p>\n<p style=\"text-align: justify;\"><strong>10. S\u00e3o Jo\u00e3o XXIII<\/strong><\/p>\n<p style=\"text-align: justify;\">\u201cO Ros\u00e1rio \u00e9 uma excelente forma de ora\u00e7\u00e3o meditada, composta como uma coroa m\u00edstica\u201d.<\/p>\n<p style=\"text-align: justify;\"><strong>11. S\u00e3o Jo\u00e3o Paulo II<\/strong><\/p>\n<p style=\"text-align: justify;\">\u201cO Ros\u00e1rio acompanhou-me nos momentos de alegria e nas prova\u00e7\u00f5es. A ele confiei tantas preocupa\u00e7\u00f5es; nele encontrei sempre conforto\u201d.<\/p>\n<p style=\"text-align: justify;\"><strong>12. Santa Teresa de Calcut\u00e1<\/strong><\/p>\n<p style=\"text-align: justify;\">\u201cApegue-se ao Ros\u00e1rio como as folhas de hera se agarram na \u00e1rvore; porque sem Nossa Senhora n\u00e3o podemos permanecer\u201d.<\/p>\n<p style=\"text-align: justify;\"><strong>13. S\u00e3o\u00a0Pio de Pietrelcina<\/strong><\/p>\n<p style=\"text-align: justify;\">\u201cAmai Nossa Senhora e tornai-A amada. Rezai sempre o seu Ros\u00e1rio e divulgai-o\u201d.<\/p>\n<p style=\"text-align: justify;\"><strong>14. S\u00e3o Jo\u00e3o Berchmans<\/strong><\/p>\n<p style=\"text-align: justify;\">\u201cDeem-me minhas armas: a cruz, a coroa do Ros\u00e1rio da Sant\u00edssima Virgem e as regras da Companhia. Estas s\u00e3o minhas tr\u00eas prendas mais amadas; com elas morrerei feliz\u201d.<\/p>\n<p style=\"text-align: justify;\"><strong>15. S\u00e3o Miguel Febres<\/strong><\/p>\n<p style=\"text-align: justify;\">\u201cUm crist\u00e3o sem Ros\u00e1rio \u00e9 um soldado sem armas\u201d.<\/p>\n","protected":false},"excerpt":{"rendered":"<p>Desde que se come\u00e7ou a propagar a devo\u00e7\u00e3o ao Santo Ros\u00e1rio, por pedido da\u00a0Virgem Maria\u00a0no s\u00e9culo XIII, muitos santos e beatos ao longo do tempo tiveram uma profunda devo\u00e7\u00e3o a esta ora\u00e7\u00e3o mariana e ajudaram na sua difus\u00e3o. A seguir, apresentamos 15 frases de quem cresceu na santidade com o ros\u00e1rio: 1. S\u00e3o Pio X [&hellip;]<\/p>\n","protected":false},"author":1,"featured_media":76370,"comment_status":"open","ping_status":"closed","sticky":false,"template":"","format":"standard","meta":{"footnotes":""},"categories":[4,13],"tags":[],"class_list":["post-76369","post","type-post","status-publish","format-standard","has-post-thumbnail","hentry","category-cotidiano","category-featured"],"_links":{"self":[{"href":"https:\/\/catolicanet.net\/wp-cnet\/wp-json\/wp\/v2\/posts\/76369","targetHints":{"allow":["GET"]}}],"collection":[{"href":"https:\/\/catolicanet.net\/wp-cnet\/wp-json\/wp\/v2\/posts"}],"about":[{"href":"https:\/\/catolicanet.net\/wp-cnet\/wp-json\/wp\/v2\/types\/post"}],"author":[{"embeddable":true,"href":"https:\/\/catolicanet.net\/wp-cnet\/wp-json\/wp\/v2\/users\/1"}],"replies":[{"embeddable":true,"href":"https:\/\/catolicanet.net\/wp-cnet\/wp-json\/wp\/v2\/comments?post=76369"}],"version-history":[{"count":1,"href":"https:\/\/catolicanet.net\/wp-cnet\/wp-json\/wp\/v2\/posts\/76369\/revisions"}],"predecessor-version":[{"id":76371,"href":"https:\/\/catolicanet.net\/wp-cnet\/wp-json\/wp\/v2\/posts\/76369\/revisions\/76371"}],"wp:featuredmedia":[{"embeddable":true,"href":"https:\/\/catolicanet.net\/wp-cnet\/wp-json\/wp\/v2\/media\/76370"}],"wp:attachment":[{"href":"https:\/\/catolicanet.net\/wp-cnet\/wp-json\/wp\/v2\/media?parent=76369"}],"wp:term":[{"taxonomy":"category","embeddable":true,"href":"https:\/\/catolicanet.net\/wp-cnet\/wp-json\/wp\/v2\/categories?post=76369"},{"taxonomy":"post_tag","embeddable":true,"href":"https:\/\/catolicanet.net\/wp-cnet\/wp-json\/wp\/v2\/tags?post=76369"}],"curies":[{"name":"wp","href":"https:\/\/api.w.org\/{rel}","templated":true}]}}