{"id":76334,"date":"2022-10-03T09:59:43","date_gmt":"2022-10-03T12:59:43","guid":{"rendered":"https:\/\/catolicanet.net\/wp-cnet\/?p=76334"},"modified":"2022-10-03T16:00:47","modified_gmt":"2022-10-03T19:00:47","slug":"santa-terezinha-do-menino-jesus","status":"publish","type":"post","link":"https:\/\/catolicanet.net\/wp-cnet\/santa-terezinha-do-menino-jesus\/","title":{"rendered":"Santa Terezinha do Menino Jesus"},"content":{"rendered":"<p style=\"text-align: justify;\">Celebramos, no dia 1\u00ba de outubro, a mem\u00f3ria lit\u00fargica de Santa Terezinha do Menino Jesus, padroeira das miss\u00f5es, a Santa das rosas e que nos ensina a enfrentar as dificuldades com amor e paci\u00eancia. Ela \u00e9 padroeira das miss\u00f5es, pois do Carmelo de Lisieux, onde residia, rezava por toda a Igreja. Ela nos deixou um grande exemplo de ora\u00e7\u00e3o e de que por meio da perseveran\u00e7a conseguiremos grandes coisas.<\/p>\n<p style=\"text-align: justify;\">Nos dias de hoje, t\u00eam os carmelos espalhados pelo Brasil e pelo mundo que vivem o mesmo carisma de Santa Terezinha. As monjas, por uma op\u00e7\u00e3o de vida, vivem enclausuradas no Carmelo, rezando e trabalhando em prol da Igreja. Pe\u00e7amos a Deus que muitas voca\u00e7\u00f5es possam surgir e jovens desejem abra\u00e7ar a vida mon\u00e1stica.<\/p>\n<p style=\"text-align: justify;\">Confiemos a Santa Terezinha a miss\u00e3o da Igreja e que nesse m\u00eas dedicado \u00e0s miss\u00f5es, muitos batizados possam retornar ao primeiro amor e novos batizados possam encontrar o primeiro e \u00fanico amor. Sejamos mission\u00e1rios e portadores da boa nova da salva\u00e7\u00e3o. Levemos a Palavra de Deus para aqueles que mais precisam. O mundo est\u00e1 sedento do an\u00fancio da Palavra, e muitas pessoas precisam se encontrar com Deus e n\u00f3s podemos ser esses portadores. Pe\u00e7amos a Santa Terezinha que interceda por n\u00f3s.<\/p>\n<p style=\"text-align: justify;\">Santa Terezinha nasceu em Alen\u00e7on, Fran\u00e7a, no dia 2 de janeiro de 1873, e morreu no dia 30 de setembro de 1897, com apenas 24 anos. Mas ela viveu t\u00e3o intensamente esses 24 anos que parece que viveu muito mais. A forma intensa que ela viveu foi uma intensa vida de ora\u00e7\u00e3o.<\/p>\n<p style=\"text-align: justify;\">Santa Teresinha nasceu em uma fam\u00edlia com \u00f3timas condi\u00e7\u00f5es financeiras e temente a Deus. Seus pais, Luis e Z\u00e9lia, que agora s\u00e3o santos, recentemente canonizados pela Igreja, tiveram oito filhos, antes da ca\u00e7ula Teresinha. Quatro de seus irm\u00e3os morreram com pouca idade, restaram quatro irm\u00e3s de Teresa que tamb\u00e9m se tornaram freiras (Maria, Paulina, Le\u00f4nia e Celina). Terezinha tamb\u00e9m sentiu um forte desejo de abra\u00e7ar a vida religiosa e com apenas 15 anos obteve a autoriza\u00e7\u00e3o do Papa Le\u00e3o XIII para entrar no mosteiro das carmelitas, em Lisieux.<\/p>\n<p style=\"text-align: justify;\">Santa Teresinha n\u00e3o nasceu santa, mas foi aos poucos trilhando um caminho de santidade. Teresinha teve uma vida dura e sofreu alguns baques. Al\u00e9m de perder os seus irm\u00e3os, como j\u00e1 relatamos, perdeu sua m\u00e3e quando tinha apenas quatros anos e oito meses de idade, v\u00edtima de c\u00e2ncer. Viu suas irm\u00e3s irem para o convento e seu pai sofrer com problemas psiqui\u00e1tricos. Por fim, a tuberculose e outros problemas de sa\u00fade que a santa foi acometida nos \u00faltimos dias de vida. Para todos esses acontecimentos, Santa Terezinha precisou de muita resili\u00eancia e de confiar na miseric\u00f3rdia divina. Com muita simplicidade, entendeu os des\u00edgnios de Deus e se entregou a ele totalmente, n\u00e3o se revoltou em nenhum momento.<\/p>\n<p style=\"text-align: justify;\">Depois da morte de sua m\u00e3e, Terezinha ficava por diversos momentos bem triste e chorava muito. Aos dez anos, ela fez uma experi\u00eancia forte com Nossa Senhora e mudou completamente a sua vida. Ela viu a imagem de Nossa Senhora como nunca havia visto antes, uma alegria tomou conta de seu ser e todas as suas penas foram entregues a M\u00e3e de Deus. Ap\u00f3s essa vis\u00e3o, Santa Terezinha diz: \u201c<em>a Sant\u00edssima Virgem sorriu para mim, foi por causa das ora\u00e7\u00f5es que eu tive a gra\u00e7a do sorriso da Rainha do C\u00e9u\u201d (Hist\u00f3ria de uma alma).<\/em><\/p>\n<p style=\"text-align: justify;\">Terezinha teve uma importante experi\u00eancia com o Menino Jesus, no Natal de 1883, quando tinha apenas 13 anos de idade. Ela viu Jesus como o doador de uma total convers\u00e3o. Depois disso, a sua vida foi transformada e ela come\u00e7ou a dar grandes passos na vida espiritual. Esse fato foi t\u00e3o importante na vida da santa, que ela adotou o nome de Terezinha do Menino Jesus.<\/p>\n<p style=\"text-align: justify;\">O seu lema de vida a partir do momento que entrou no Carmelo foi rezar pela convers\u00e3o dos pecadores e por todos os sacerdotes. Por\u00e9m, trazia em seu cora\u00e7\u00e3o o grande desejo de ser mission\u00e1ria e anunciar aos quatro cantos do mundo a boa nova do Evangelho. At\u00e9 que entendeu que deveria rezar do carmelo pela miss\u00e3o de toda a Igreja, devido \u00e0 impossibilidade de sair em miss\u00e3o. Logo ap\u00f3s a sua morte, o Papa Pio XI a declarou padroeira das miss\u00f5es.<\/p>\n<p style=\"text-align: justify;\">As carmelitas de hoje seguem o mesmo carisma de Santa Terezinha do Menino Jesus e, do Mosteiro, rezam pela convers\u00e3o dos pecadores e por toda a Igreja. Elas rezam e trabalham pela salva\u00e7\u00e3o das almas. Elas s\u00e3o madrinhas de ora\u00e7\u00e3o dos sacerdotes, religiosos e seminaristas, intercedem junto \u00e0 Deus por todas as voca\u00e7\u00f5es.<\/p>\n<p style=\"text-align: justify;\">Por meio do amor, Terezinha confiava plenamente em Deus, desenvolveu a inf\u00e2ncia espiritual ou pequena via. Ela aprendeu muito com seu pai, que dizia que Deus \u00e9 bondoso, compassivo e misericordioso. Santa Terezinha era humilde e acreditava que t\u00ednhamos que ser como crian\u00e7as diante de Deus. Do mesmo modo deveria ser a nossa conviv\u00eancia com o pr\u00f3ximo, aceit\u00e1-lo como ele \u00e9, amar sem reservas.<\/p>\n<p style=\"text-align: justify;\">Santa Terezinha falece aos 24 anos de idade e diz em suas \u00faltimas palavras: \u201c<em>Oh Amo-O. Deus meu\u2026 amo-Vos!\u201d. <\/em>Ap\u00f3s a morte de Terezinha, foram publicados os in\u00fameros escritos deixados por ela, que se tornaram conhecidos mundialmente. Dessa forma, cumpriu-se o seu desejo de que se espalhe pelo mundo chuva de rosas, de milagres e gra\u00e7as por todo o mundo. Sua beatifica\u00e7\u00e3o aconteceu em 1923, sendo canonizada pelo Papa Pio XI em 1925, que a chamava de \u201cuma palavra de Deus\u201d. O Papa Jo\u00e3o Paulo II a proclamou doutora da Igreja, no dia 19 de outubro de 1997.<\/p>\n<p style=\"text-align: justify;\">Celebremos com alegria a festa lit\u00fargica de Santa Terezinha do Menino Jesus e sigamos o seu exemplo de nos confiarmos \u00e0 miseric\u00f3rdia de Deus, rezemos pela Igreja e por sua miss\u00e3o de levar a paz e o amor ao mundo inteiro, em especial, aprofundando nossa Miss\u00e3o.<\/p>\n","protected":false},"excerpt":{"rendered":"<p>Celebramos, no dia 1\u00ba de outubro, a mem\u00f3ria lit\u00fargica de Santa Terezinha do Menino Jesus, padroeira das miss\u00f5es, a Santa das rosas e que nos ensina a enfrentar as dificuldades com amor e paci\u00eancia. Ela \u00e9 padroeira das miss\u00f5es, pois do Carmelo de Lisieux, onde residia, rezava por toda a Igreja. Ela nos deixou um [&hellip;]<\/p>\n","protected":false},"author":5,"featured_media":55819,"comment_status":"open","ping_status":"closed","sticky":false,"template":"","format":"standard","meta":{"footnotes":""},"categories":[9],"tags":[],"class_list":["post-76334","post","type-post","status-publish","format-standard","has-post-thumbnail","hentry","category-artigos"],"_links":{"self":[{"href":"https:\/\/catolicanet.net\/wp-cnet\/wp-json\/wp\/v2\/posts\/76334","targetHints":{"allow":["GET"]}}],"collection":[{"href":"https:\/\/catolicanet.net\/wp-cnet\/wp-json\/wp\/v2\/posts"}],"about":[{"href":"https:\/\/catolicanet.net\/wp-cnet\/wp-json\/wp\/v2\/types\/post"}],"author":[{"embeddable":true,"href":"https:\/\/catolicanet.net\/wp-cnet\/wp-json\/wp\/v2\/users\/5"}],"replies":[{"embeddable":true,"href":"https:\/\/catolicanet.net\/wp-cnet\/wp-json\/wp\/v2\/comments?post=76334"}],"version-history":[{"count":1,"href":"https:\/\/catolicanet.net\/wp-cnet\/wp-json\/wp\/v2\/posts\/76334\/revisions"}],"predecessor-version":[{"id":76335,"href":"https:\/\/catolicanet.net\/wp-cnet\/wp-json\/wp\/v2\/posts\/76334\/revisions\/76335"}],"wp:featuredmedia":[{"embeddable":true,"href":"https:\/\/catolicanet.net\/wp-cnet\/wp-json\/wp\/v2\/media\/55819"}],"wp:attachment":[{"href":"https:\/\/catolicanet.net\/wp-cnet\/wp-json\/wp\/v2\/media?parent=76334"}],"wp:term":[{"taxonomy":"category","embeddable":true,"href":"https:\/\/catolicanet.net\/wp-cnet\/wp-json\/wp\/v2\/categories?post=76334"},{"taxonomy":"post_tag","embeddable":true,"href":"https:\/\/catolicanet.net\/wp-cnet\/wp-json\/wp\/v2\/tags?post=76334"}],"curies":[{"name":"wp","href":"https:\/\/api.w.org\/{rel}","templated":true}]}}