{"id":76241,"date":"2022-09-29T09:59:55","date_gmt":"2022-09-29T12:59:55","guid":{"rendered":"https:\/\/catolicanet.net\/wp-cnet\/?p=76241"},"modified":"2022-09-29T14:02:31","modified_gmt":"2022-09-29T17:02:31","slug":"padre-jose-weber-celebra-90-anos-presidencia-da-cnbb-manifesta-sua-mais-profunda-gratidao","status":"publish","type":"post","link":"https:\/\/catolicanet.net\/wp-cnet\/padre-jose-weber-celebra-90-anos-presidencia-da-cnbb-manifesta-sua-mais-profunda-gratidao\/","title":{"rendered":"PADRE JOS\u00c9 WEBER CELEBRA 90 ANOS: PRESID\u00caNCIA DA CNBB MANIFESTA \u201cSUA MAIS PROFUNDA GRATID\u00c3O\u201d"},"content":{"rendered":"<div class=\"elementor-element elementor-element-3a087bd2 elementor-widget elementor-widget-theme-post-content\" data-id=\"3a087bd2\" data-element_type=\"widget\" data-widget_type=\"theme-post-content.default\">\n<div class=\"elementor-widget-container\">\n<p style=\"text-align: justify;\">A Presid\u00eancia da Confer\u00eancia Nacional dos Bispos do Brasil (CNBB) manifestou, em nome de todos os bispos, \u201csua mais profunda gratid\u00e3o pelo abnegado servi\u00e7o\u201d que padre Jos\u00e9 Weber vem prestando \u201cna m\u00fasica lit\u00fargica e em muitas da a\u00e7\u00e3o evangelizadora\u201d. Por ocasi\u00e3o dos 90 anos do mission\u00e1rio da Congrega\u00e7\u00e3o do Verbo Divino com expressiva contribui\u00e7\u00e3o na m\u00fasica e na liturgia, a CNBB recorda algumas de suas contribui\u00e7\u00f5es para a a\u00e7\u00e3o evangelizadora.<\/p>\n<p style=\"text-align: justify;\">\u201cPor meio de seu trabalho musical, o Brasil tem infinitamente proclamado a boa nova da vida, celebrado a Campanha da Fraternidade e muitos outros momentos importantes na viv\u00eancia e no an\u00fancio do Evangelho\u201d, afirmaram os membros da Presid\u00eancia da CNBB em carta enviada ao padre Jos\u00e9 Weber, que fez anivers\u00e1rio no \u00faltimo dia 23 de setembro.<\/p>\n<p style=\"text-align: justify;\">As Campanhas da Fraternidade e os hin\u00e1rios lit\u00fargicos da CNBB t\u00eam muito de suas contribui\u00e7\u00f5es, com letras e m\u00fasicas que marcam h\u00e1 mais de 50 anos a caminhada da Igreja no Brasil. \u00c9 o caso das m\u00fasicas \u201c<em>Prova de Amor<\/em>\u201c, \u201c<em>Eu vim para que todos tenham vida<\/em>\u201c, \u201cO p\u00e3o da vida, a comunh\u00e3o\u201d e \u201cEis o tempo de convers\u00e3o\u201d, que desde a d\u00e9cada de 1970 se fazem presente nas celebra\u00e7\u00f5es em todo o pa\u00eds, a partir da viv\u00eancia da Campanha da Fraternidade.<\/p>\n<p style=\"text-align: justify;\">Para marcar as nove d\u00e9cadas de padre Jos\u00e9 Henrique Weber, ser\u00e1 realizado, nesta quinta-feira, 29 de setembro, um concerto comemorativo, na Bas\u00edlica Menor de Sant\u2019Ana, em S\u00e3o Paulo (SP). O assessor de M\u00fasica Lit\u00fargica da CNBB, o irm\u00e3o jesu\u00edta Fernando Benedito Vieira, representar\u00e1 a Confer\u00eancia no evento em homenagem ao nonagen\u00e1rio, que ocupou a fun\u00e7\u00e3o entre 1967 e 1983.<\/p>\n<h3 style=\"text-align: justify;\">Hist\u00f3ria de doa\u00e7\u00e3o<\/h3>\n<p style=\"text-align: justify;\">O jornal O S\u00e3o Paulo publicou na edi\u00e7\u00e3o de ontem, 28, uma mat\u00e9ria especial de Roseane Welter sobre o padre Jos\u00e9 Weber, que atualmente mora na capital paulista, junto dos padres idosos da Congrega\u00e7\u00e3o dos Mission\u00e1rios do Verbo Divino. Alguns trechos dessa hist\u00f3ria de doa\u00e7\u00e3o \u00e0 Igreja s\u00e3o reproduzidos abaixo com adapta\u00e7\u00f5es.\u00a0<a href=\"https:\/\/osaopaulo.org.br\/destaque\/sou-um-missionario-verbita-que-canta-a-essencia-da-palavra-de-deus-unida-a-liturgia\/\" target=\"_blank\" rel=\"noopener\">Confira aqui o texto na \u00edntegra.\u00a0<\/a><\/p>\n<figure id=\"attachment_931175\" class=\"wp-caption alignright\" style=\"text-align: justify;\" aria-describedby=\"caption-attachment-931175\"><img loading=\"lazy\" decoding=\"async\" class=\" wp-image-931175\" src=\"https:\/\/eadn-wc02-718006.nxedge.io\/cdn\/wp-content\/uploads\/2022\/09\/Padre-Jose-Weber.png\" sizes=\"auto, (max-width: 313px) 100vw, 313px\" srcset=\"https:\/\/eadn-wc02-718006.nxedge.io\/cdn\/wp-content\/uploads\/2022\/09\/Padre-Jose-Weber.png 808w, https:\/\/eadn-wc02-718006.nxedge.io\/cdn\/wp-content\/uploads\/2022\/09\/Padre-Jose-Weber-300x214.png 300w, https:\/\/eadn-wc02-718006.nxedge.io\/cdn\/wp-content\/uploads\/2022\/09\/Padre-Jose-Weber-768x547.png 768w, https:\/\/eadn-wc02-718006.nxedge.io\/cdn\/wp-content\/uploads\/2022\/09\/Padre-Jose-Weber-500x356.png 500w\" alt=\"\" width=\"313\" height=\"223\" \/><figcaption id=\"caption-attachment-931175\" class=\"wp-caption-text\">Padre Jos\u00e9 Weber | Foto: Assessoria de Comunica\u00e7\u00e3o\/CNBB<\/figcaption><\/figure>\n<p style=\"text-align: justify;\">Padre Jos\u00e9 Henrique Weber completou 90 anos de idade no dia 23 de setembro. O Sacerdote da Congrega\u00e7\u00e3o dos Mission\u00e1rios do Verbo Divino, Padres Verbitas, \u00e9 formado em M\u00fasica pelo Pontif\u00edcio Instituto de M\u00fasica Sacra em Roma, com \u00eanfase em canto gregoriano e composi\u00e7\u00e3o, e especialista em M\u00fasica pelo Institut Catholique de Paris, na Fran\u00e7a. Foi ainda assessor de M\u00fasica Lit\u00fargica da CNBB.<\/p>\n<p style=\"text-align: justify;\">Nascido em Anit\u00e1polis (SC), \u00e9 filho de Samuel Henrique e Benta Matos dos Santos Weber. Na Par\u00f3quia S\u00e3o Bonif\u00e1cio, recebeu os sacramentos do Batismo, Eucaristia e Crisma. Ele recordou que, na sua inf\u00e2ncia, por causa das dist\u00e2ncias, na sua comunidade eclesial havia missa a cada dois meses, e que, aos domingos, seu pai era quem conduzia a \u201creza\u201d do Ter\u00e7o e puxava as \u201ccantorias\u201d.<\/p>\n<p style=\"text-align: justify;\">Era desejo de seu pai que um dos nove filhos seguisse a voca\u00e7\u00e3o religiosa. Aos 10 anos de idade, Jos\u00e9 Henrique ingressou no Semin\u00e1rio Menor dos Mission\u00e1rios do Verbo Divino, em Ponta Grossa (PR), onde cursou as etapas do antigo Colegial. Com 16 anos, foi para o Semin\u00e1rio no bairro de Santo Amaro, onde professou os votos religiosos tempor\u00e1rios, estudou Filosofia e Teologia e foi ordenado sacerdote em 1959.<\/p>\n<p style=\"text-align: justify;\">No semin\u00e1rio, era respons\u00e1vel por tocar os instrumentos musicais e ensinar aos demais seminaristas. Aos 16 anos, j\u00e1 tocava harm\u00f4nio e dirigia a banda do semin\u00e1rio, com 25 instrumentos.<\/p>\n<blockquote><p>\u201cA m\u00fasica \u00e9 um dom de Deus. Sinto que sou um mission\u00e1rio Verbita que canta a ess\u00eancia da Palavra de Deus unida \u00e0 Liturgia. Essa \u00e9 minha miss\u00e3o na Igreja\u201d, afirma.<\/p><\/blockquote>\n<p style=\"text-align: justify;\">Rec\u00e9m-ordenado, ele foi enviado a Roma para estudar M\u00fasica no Pontif\u00edcio Instituto de M\u00fasica Sacra, onde se dedicou por oito anos ao Canto Gregoriano e Composi\u00e7\u00e3o. No mesmo per\u00edodo, por dois anos, foi bibliotec\u00e1rio da Biblioteca de M\u00fasica do Instituto.<\/p>\n<p style=\"text-align: justify;\">Entre 1967 e 1983, foi assessor de M\u00fasica Lit\u00fargica da CNBB. Como compositor lit\u00fargico, j\u00e1 musicou todo o Novo Testamento, inclusive a literatura epistolar do Ap\u00f3stolo Paulo. S\u00e3o de sua autoria m\u00fasicas para as Campanhas da Fraternidade e do hin\u00e1rio lit\u00fargico, por exemplo.<\/p>\n<p style=\"text-align: justify;\">Padre Weber tamb\u00e9m se destacou no trabalho intenso que desenvolveu para a tradu\u00e7\u00e3o dos Salmos e sua posterior musicaliza\u00e7\u00e3o para a edi\u00e7\u00e3o brasileira da Liturgia das Horas.<\/p>\n<p style=\"text-align: justify;\">Para ele, \u201co canto lit\u00fargico tem a fun\u00e7\u00e3o de promover a comunh\u00e3o, a alegria e a esperan\u00e7a. \u00c9 uma via do encontro de Deus conosco e do encontro pessoal com Cristo\u201d. Frisou, tamb\u00e9m, que \u201ca m\u00fasica lit\u00fargica expressa a natureza da pr\u00f3pria a\u00e7\u00e3o sacramental\u201d.<\/p>\n<p><a href=\"https:\/\/flic.kr\/p\/2c8VuFw\" target=\"_blank\" rel=\"noopener\"><img loading=\"lazy\" decoding=\"async\" src=\"https:\/\/live.staticflickr.com\/4804\/45378269884_e3b5cd2d07_b.jpg\" alt=\"IMG_5495\" width=\"1024\" height=\"576\" \/><\/a><\/p>\n<p style=\"text-align: justify;\">Atualmente, padre Weber se dedica, juntamente com o maestro Delphin Rezende Porto, a convite da Escola de Cantores da Catedral da S\u00e9, em S\u00e3o Paulo, \u00e0 composi\u00e7\u00e3o de novas m\u00fasicas para as ant\u00edfonas do Missal Romano.<\/p>\n<p style=\"text-align: justify;\">\u201cEstamos procurando fazer o melhor para que a m\u00fasica lit\u00fargica seja a express\u00e3o de f\u00e9 do povo cat\u00f3lico\u201d, afirmou recordando o intenso trabalho na Catedral de S\u00e3o Paulo e, tamb\u00e9m, as grava\u00e7\u00f5es e produ\u00e7\u00f5es musicais que est\u00e3o em andamento.<\/p>\n<p style=\"text-align: justify;\">Weber ainda destacou em sua entrevista ao O S\u00e3o Paulo que \u201ca m\u00fasica \u00e9 uma arte constru\u00edda ao longo dos s\u00e9culos e que ela n\u00e3o pode ser artigo de museu preso ao passado, mas atualizada ao contexto atual sem perder a ess\u00eancia\u201d. Ele se diz feliz com todo o legado que deixa e com o lan\u00e7amento de mais um livro \u201cO canto e a m\u00fasica lit\u00fargica no p\u00f3s-Conc\u00edlio\u201d.<\/p>\n<div class=\"ast-oembed-container\"><iframe loading=\"lazy\" title=\"Mu\u0301sica e Missa\u0303o (Pe. Jos\u00e9 Weber)\" src=\"https:\/\/www.youtube.com\/embed\/iasuR1GlBT0?feature=oembed\" width=\"1200\" height=\"675\" frameborder=\"0\" allowfullscreen=\"allowfullscreen\" data-mce-fragment=\"1\"><\/iframe><\/div>\n<\/div>\n<\/div>\n","protected":false},"excerpt":{"rendered":"<p>A Presid\u00eancia da Confer\u00eancia Nacional dos Bispos do Brasil (CNBB) manifestou, em nome de todos os bispos, \u201csua mais profunda gratid\u00e3o pelo abnegado servi\u00e7o\u201d que padre Jos\u00e9 Weber vem prestando \u201cna m\u00fasica lit\u00fargica e em muitas da a\u00e7\u00e3o evangelizadora\u201d. Por ocasi\u00e3o dos 90 anos do mission\u00e1rio da Congrega\u00e7\u00e3o do Verbo Divino com expressiva contribui\u00e7\u00e3o na [&hellip;]<\/p>\n","protected":false},"author":1,"featured_media":76242,"comment_status":"open","ping_status":"closed","sticky":false,"template":"","format":"standard","meta":{"footnotes":""},"categories":[7],"tags":[],"class_list":["post-76241","post","type-post","status-publish","format-standard","has-post-thumbnail","hentry","category-cnbb"],"_links":{"self":[{"href":"https:\/\/catolicanet.net\/wp-cnet\/wp-json\/wp\/v2\/posts\/76241","targetHints":{"allow":["GET"]}}],"collection":[{"href":"https:\/\/catolicanet.net\/wp-cnet\/wp-json\/wp\/v2\/posts"}],"about":[{"href":"https:\/\/catolicanet.net\/wp-cnet\/wp-json\/wp\/v2\/types\/post"}],"author":[{"embeddable":true,"href":"https:\/\/catolicanet.net\/wp-cnet\/wp-json\/wp\/v2\/users\/1"}],"replies":[{"embeddable":true,"href":"https:\/\/catolicanet.net\/wp-cnet\/wp-json\/wp\/v2\/comments?post=76241"}],"version-history":[{"count":1,"href":"https:\/\/catolicanet.net\/wp-cnet\/wp-json\/wp\/v2\/posts\/76241\/revisions"}],"predecessor-version":[{"id":76243,"href":"https:\/\/catolicanet.net\/wp-cnet\/wp-json\/wp\/v2\/posts\/76241\/revisions\/76243"}],"wp:featuredmedia":[{"embeddable":true,"href":"https:\/\/catolicanet.net\/wp-cnet\/wp-json\/wp\/v2\/media\/76242"}],"wp:attachment":[{"href":"https:\/\/catolicanet.net\/wp-cnet\/wp-json\/wp\/v2\/media?parent=76241"}],"wp:term":[{"taxonomy":"category","embeddable":true,"href":"https:\/\/catolicanet.net\/wp-cnet\/wp-json\/wp\/v2\/categories?post=76241"},{"taxonomy":"post_tag","embeddable":true,"href":"https:\/\/catolicanet.net\/wp-cnet\/wp-json\/wp\/v2\/tags?post=76241"}],"curies":[{"name":"wp","href":"https:\/\/api.w.org\/{rel}","templated":true}]}}