{"id":76173,"date":"2022-09-26T09:38:32","date_gmt":"2022-09-26T12:38:32","guid":{"rendered":"https:\/\/catolicanet.net\/wp-cnet\/?p=76173"},"modified":"2022-09-26T13:39:39","modified_gmt":"2022-09-26T16:39:39","slug":"bebe-nasce-com-mancha-em-formato-de-cruz-na-testa","status":"publish","type":"post","link":"https:\/\/catolicanet.net\/wp-cnet\/bebe-nasce-com-mancha-em-formato-de-cruz-na-testa\/","title":{"rendered":"Beb\u00ea nasce com mancha em formato de cruz na testa"},"content":{"rendered":"<h2 class=\"subtitle\" style=\"text-align: justify;\">&#8220;Acredito muito que foi Deus, mandando ela com uma mancha bem na testa e com sinal da cruz&#8221;, afirmou a m\u00e3e<\/h2>\n<p style=\"text-align: justify;\">Um v\u00eddeo publicado no TikTok viralizou nos \u00faltimos dias. Nele, a jovem Gabriele Vilela explica que a filhinha dela, Mirela, nasceu com uma mancha em formato de cruz na testa.<\/p>\n<p style=\"text-align: justify;\">\u201cMinha av\u00f3 faleceu e pouco tempo depois eu descobri que estava gr\u00e1vida. Ela fazia o sinal da cruz na testa da gente. Pedi que ela estivesse na sala de parto comigo e ela mandou um sinal que estava l\u00e1\u201d, explicou a m\u00e3e no v\u00eddeo.<\/p>\n<p style=\"text-align: justify;\">A jovem tamb\u00e9m afirmou que s\u00f3 descobriu a mancha em formato de cruz na testa da beb\u00ea pouco depois do parto, quando tirou a touca que a rec\u00e9m-nascida usava. \u201cNa hora, comecei a tremer e fiquei muito emocionada. N\u00e3o era poss\u00edvel. Sempre que eu ia na casa da minha av\u00f3 materna, ela nos dava a b\u00ean\u00e7\u00e3o e fazia um sinal da cruz na nossa testa, bem onde apareceu a mancha\u2026 foi muito forte\u201d, contou Gabriele \u00e0 revista\u00a0<a href=\"https:\/\/revistacrescer.globo.com\/Educacao-Comportamento\/noticia\/2022\/09\/bebe-nasce-com-mancha-em-formato-de-cruz-na-testa-e-um-sinal-de-que-minha-avo-benzedeira-que-ja-faleceu-estava-comigo-no-parto-diz-mae.html\" target=\"_blank\" rel=\"noopener\">Crescer<\/a>.<\/p>\n<figure class=\"wp-block-embed is-type-video is-provider-tiktok wp-block-embed-tiktok\" data-original=\"false\">\n<div class=\"wp-block-embed__wrapper\" style=\"text-align: justify;\">\n<blockquote id=\"v34981944628165750\" class=\"tiktok-embed css-trnvlw\" cite=\"https:\/\/www.tiktok.com\/@gabivilela5\/video\/7142874772802718981\" data-video-id=\"7142874772802718981\" data-embed-from=\"oembed\"><p><iframe src=\"https:\/\/www.tiktok.com\/embed\/v2\/7142874772802718981?lang=pt-BR&amp;referrer=https%3A%2F%2Fpt.aleteia.org%2F2022%2F09%2F26%2Fbebe-nasce-com-mancha-em-formato-de-cruz-na-testa%2F&amp;embedFrom=oembed\" name=\"__tt_embed__v34981944628165750\" sandbox=\"allow-popups allow-popups-to-escape-sandbox allow-scripts allow-top-navigation allow-same-origin\" data-mce-fragment=\"1\"><\/iframe><\/p><\/blockquote>\n<p>&nbsp;<\/p>\n<\/div>\n<p style=\"text-align: justify;\">O v\u00eddeo viralizou nas redes sociais e j\u00e1 tem quase um milh\u00e3o de visualiza\u00e7\u00f5es.<\/p>\n<div class=\"wp-block-aleteia-heading3\" style=\"text-align: justify;\">\n<h3>Mancha ou sinal?<\/h3>\n<\/div>\n<div id=\"aleteia-welcome\" style=\"text-align: justify;\"><\/div>\n<p style=\"text-align: justify;\">A beb\u00ea j\u00e1 est\u00e1 com sete meses de idade e a mancha em formato de cruz desapareceu. Para os especialistas, este tipo de mancha \u00e9 comum em rec\u00e9m-nascidos. Trata-se, possivelmente, do que eles chamam de hemangioma, um conjunto de pequenos vasos sangu\u00edneos que se aglomeram em determinado ponto do corpo. A mancha pode assumir alguns formatos, aumentando ou n\u00e3o de tamanho. De acordo com os m\u00e9dicos, os hemangiomas somem ao longo da inf\u00e2ncia ou, no m\u00e1ximo, at\u00e9 o in\u00edcio da adolesc\u00eancia.<\/p>\n<p style=\"text-align: justify;\">Para a m\u00e3e Gabriele Vilela, a mancha em formato de cruz na testa da beb\u00ea Mirela n\u00e3o foi s\u00f3 uma malforma\u00e7\u00e3o vascular. \u201cAcredito muito que foi Deus, mandando ela com uma mancha bem na testa e com sinal da cruz. Para muita gente \u00e9 s\u00f3 uma mancha que sumiu, mas para mim nunca foi s\u00f3 isso\u201d, afirmou a jovem.<\/p>\n<\/figure>\n","protected":false},"excerpt":{"rendered":"<p>&#8220;Acredito muito que foi Deus, mandando ela com uma mancha bem na testa e com sinal da cruz&#8221;, afirmou a m\u00e3e Um v\u00eddeo publicado no TikTok viralizou nos \u00faltimos dias. Nele, a jovem Gabriele Vilela explica que a filhinha dela, Mirela, nasceu com uma mancha em formato de cruz na testa. \u201cMinha av\u00f3 faleceu e [&hellip;]<\/p>\n","protected":false},"author":1,"featured_media":76174,"comment_status":"open","ping_status":"closed","sticky":false,"template":"","format":"standard","meta":{"footnotes":""},"categories":[4],"tags":[],"class_list":["post-76173","post","type-post","status-publish","format-standard","has-post-thumbnail","hentry","category-cotidiano"],"_links":{"self":[{"href":"https:\/\/catolicanet.net\/wp-cnet\/wp-json\/wp\/v2\/posts\/76173","targetHints":{"allow":["GET"]}}],"collection":[{"href":"https:\/\/catolicanet.net\/wp-cnet\/wp-json\/wp\/v2\/posts"}],"about":[{"href":"https:\/\/catolicanet.net\/wp-cnet\/wp-json\/wp\/v2\/types\/post"}],"author":[{"embeddable":true,"href":"https:\/\/catolicanet.net\/wp-cnet\/wp-json\/wp\/v2\/users\/1"}],"replies":[{"embeddable":true,"href":"https:\/\/catolicanet.net\/wp-cnet\/wp-json\/wp\/v2\/comments?post=76173"}],"version-history":[{"count":1,"href":"https:\/\/catolicanet.net\/wp-cnet\/wp-json\/wp\/v2\/posts\/76173\/revisions"}],"predecessor-version":[{"id":76175,"href":"https:\/\/catolicanet.net\/wp-cnet\/wp-json\/wp\/v2\/posts\/76173\/revisions\/76175"}],"wp:featuredmedia":[{"embeddable":true,"href":"https:\/\/catolicanet.net\/wp-cnet\/wp-json\/wp\/v2\/media\/76174"}],"wp:attachment":[{"href":"https:\/\/catolicanet.net\/wp-cnet\/wp-json\/wp\/v2\/media?parent=76173"}],"wp:term":[{"taxonomy":"category","embeddable":true,"href":"https:\/\/catolicanet.net\/wp-cnet\/wp-json\/wp\/v2\/categories?post=76173"},{"taxonomy":"post_tag","embeddable":true,"href":"https:\/\/catolicanet.net\/wp-cnet\/wp-json\/wp\/v2\/tags?post=76173"}],"curies":[{"name":"wp","href":"https:\/\/api.w.org\/{rel}","templated":true}]}}