{"id":76165,"date":"2022-09-26T09:29:59","date_gmt":"2022-09-26T12:29:59","guid":{"rendered":"https:\/\/catolicanet.net\/wp-cnet\/?p=76165"},"modified":"2022-09-26T13:30:56","modified_gmt":"2022-09-26T16:30:56","slug":"faca-este-exercicio-hoje-responda-as-duas-perguntas-que-jesus-tem-para-voce","status":"publish","type":"post","link":"https:\/\/catolicanet.net\/wp-cnet\/faca-este-exercicio-hoje-responda-as-duas-perguntas-que-jesus-tem-para-voce\/","title":{"rendered":"Fa\u00e7a este exerc\u00edcio hoje: responda as duas perguntas que Jesus tem para voc\u00ea"},"content":{"rendered":"<h2 class=\"subtitle\" style=\"text-align: justify;\">Inspire-se na resposta que Pedro deu a Jesus<\/h2>\n<p style=\"text-align: justify;\">\u201cQuem dizem que eu sou?\u201d. Esta \u00e9 a pergunta que\u00a0Jesus faz no Evangelho Lucas.\u00a0Depois, ele vai mais longe: \u201cE v\u00f3s, quem dizeis que sou?\u201d (Lc 9, 18-20).<\/p>\n<p style=\"text-align: justify;\">Seria um bom exerc\u00edcio para n\u00f3s respondermos honestamente a essas duas perguntas hoje.\u00a0Acho que seria muito instrutivo fazer um balan\u00e7o do sentimento que as pessoas t\u00eam sobre Jesus, bem como a verdadeira posi\u00e7\u00e3o de cada um de n\u00f3s em rela\u00e7\u00e3o a Ele.<\/p>\n<p style=\"text-align: justify;\">Sabemos com certeza, por\u00e9m, que a resposta que Pedro d\u00e1 a Jesus \u00e9 claramente a resposta certa: \u201cPedro respondeu: \u2018O Cristo de Deus\u2019\u201d.<\/p>\n<p style=\"text-align: justify;\">Mas esta resposta permanece incompreens\u00edvel sem a luz da sabedoria da Cruz que Jesus acrescenta logo depois:<\/p>\n<blockquote class=\"wp-block-quote\"><p>\u201c\u00c9 neces\u00ads\u00e1rio que o Filho do Homem pade\u00e7a muitas coisas, seja rejeitado pelos anci\u00e3os, pelos pr\u00edncipes dos sacerdotes e pelos escribas. \u00c9 neces\u00ads\u00e1rio que seja levado \u00e0 morte e que ressuscite ao terceiro dia\u201d.<\/p>\n<p><cite>Lc 9,22<\/cite><\/p><\/blockquote>\n<div class=\"wp-block-aleteia-heading3\" style=\"text-align: justify;\">\n<h3>Sofrimento e amor<\/h3>\n<\/div>\n<p style=\"text-align: justify;\">N\u00f3s s\u00f3 sofremos quando amamos.\u00a0O amor est\u00e1 misteriosamente ligado ao sofrimento, talvez porque a contrapartida do sofrimento seja ainda maior: \u00e9 a felicidade.<\/p>\n<p style=\"text-align: justify;\">S\u00e3o Pio de Pietrelcina \u00e9, essencialmente, a imagem viva de Jesus Crucificado impressa em sua carne.\u00a0Ser\u00edamos tentados a dizer que este homem sofreu muito, mas a frase mais correta seria: \u201cEste homem amou muito\u201d.\u00a0E \u00e9 justamente esse excesso de amor que o transformou em fonte de gra\u00e7a para muitas pessoas.<\/p>\n<p style=\"text-align: justify;\">Ningu\u00e9m aceita o sofrimento, a n\u00e3o ser por amor.\u00a0E, quando amamos, podemos suportar muito.\u00a0Se amamos a Cristo, ent\u00e3o somos capazes de qualquer coisa.\u00a0Seria bom para n\u00f3s aprender esta li\u00e7\u00e3o.<\/p>\n","protected":false},"excerpt":{"rendered":"<p>Inspire-se na resposta que Pedro deu a Jesus \u201cQuem dizem que eu sou?\u201d. Esta \u00e9 a pergunta que\u00a0Jesus faz no Evangelho Lucas.\u00a0Depois, ele vai mais longe: \u201cE v\u00f3s, quem dizeis que sou?\u201d (Lc 9, 18-20). Seria um bom exerc\u00edcio para n\u00f3s respondermos honestamente a essas duas perguntas hoje.\u00a0Acho que seria muito instrutivo fazer um balan\u00e7o [&hellip;]<\/p>\n","protected":false},"author":1,"featured_media":76166,"comment_status":"open","ping_status":"closed","sticky":false,"template":"","format":"standard","meta":{"footnotes":""},"categories":[4,13],"tags":[],"class_list":["post-76165","post","type-post","status-publish","format-standard","has-post-thumbnail","hentry","category-cotidiano","category-featured"],"_links":{"self":[{"href":"https:\/\/catolicanet.net\/wp-cnet\/wp-json\/wp\/v2\/posts\/76165","targetHints":{"allow":["GET"]}}],"collection":[{"href":"https:\/\/catolicanet.net\/wp-cnet\/wp-json\/wp\/v2\/posts"}],"about":[{"href":"https:\/\/catolicanet.net\/wp-cnet\/wp-json\/wp\/v2\/types\/post"}],"author":[{"embeddable":true,"href":"https:\/\/catolicanet.net\/wp-cnet\/wp-json\/wp\/v2\/users\/1"}],"replies":[{"embeddable":true,"href":"https:\/\/catolicanet.net\/wp-cnet\/wp-json\/wp\/v2\/comments?post=76165"}],"version-history":[{"count":1,"href":"https:\/\/catolicanet.net\/wp-cnet\/wp-json\/wp\/v2\/posts\/76165\/revisions"}],"predecessor-version":[{"id":76167,"href":"https:\/\/catolicanet.net\/wp-cnet\/wp-json\/wp\/v2\/posts\/76165\/revisions\/76167"}],"wp:featuredmedia":[{"embeddable":true,"href":"https:\/\/catolicanet.net\/wp-cnet\/wp-json\/wp\/v2\/media\/76166"}],"wp:attachment":[{"href":"https:\/\/catolicanet.net\/wp-cnet\/wp-json\/wp\/v2\/media?parent=76165"}],"wp:term":[{"taxonomy":"category","embeddable":true,"href":"https:\/\/catolicanet.net\/wp-cnet\/wp-json\/wp\/v2\/categories?post=76165"},{"taxonomy":"post_tag","embeddable":true,"href":"https:\/\/catolicanet.net\/wp-cnet\/wp-json\/wp\/v2\/tags?post=76165"}],"curies":[{"name":"wp","href":"https:\/\/api.w.org\/{rel}","templated":true}]}}