{"id":76133,"date":"2022-09-26T09:04:49","date_gmt":"2022-09-26T12:04:49","guid":{"rendered":"https:\/\/catolicanet.net\/wp-cnet\/?p=76133"},"modified":"2022-09-26T13:06:31","modified_gmt":"2022-09-26T16:06:31","slug":"o-papa-as-terciarias-capuchinhas-a-escuta-requer-silencio-interior","status":"publish","type":"post","link":"https:\/\/catolicanet.net\/wp-cnet\/o-papa-as-terciarias-capuchinhas-a-escuta-requer-silencio-interior\/","title":{"rendered":"O Papa \u00e0s Terci\u00e1rias Capuchinhas: a escuta requer sil\u00eancio interior"},"content":{"rendered":"<p>Papa Francisco no encontro com as irm\u00e3s Terci\u00e1rias Capuchinhas da Sagrada Fam\u00edlia<\/p>\n<div class=\"article__subTitle\" style=\"text-align: justify;\">\u201cA tenta\u00e7\u00e3o de rejeitar ou tentar silenciar os que n\u00e3o concordam, \u00e9 julgar o outro, \u00e9 se colocar no lugar de Deus. \u00c9 uma grande soberbia, que deve ser combatida com a humildade do nosso sil\u00eancio prof\u00e9tico\u201d. Palavras do Papa Francisco durante o encontro com as Irm\u00e3s Terci\u00e1rias Capuchinhas da Sagrada Fam\u00edlia nestsa segunda-feira (26) no Vaticano<\/div>\n<div class=\"title__separator\" style=\"text-align: justify;\"><\/div>\n<div class=\"article__text \">\n<p style=\"text-align: justify;\"><b>Jane Nogara &#8211; Vatican News<\/b><\/p>\n<div style=\"text-align: justify;\">\n<div class=\"article__embed article__embed--unwrap article__embed--dark\">\n<div class=\"article__innerTitle\">Ou\u00e7a e compartilhe!<\/div>\n<\/div>\n<\/div>\n<p style=\"text-align: justify;\">Na manh\u00e3 desta segunda-feira (26) o Papa Francisco recebeu no Vaticano as Irm\u00e3s Terci\u00e1rias Capuchinhas da Sagrada Fam\u00edlia por ocasi\u00e3o do 23\u00b0 Cap\u00edtulo Geral da Congrega\u00e7\u00e3o.\u00a0Francisco iniciou demonstrando satisfa\u00e7\u00e3o por constatar que as irm\u00e3s \u201cs\u00e3o provenientes de diferentes cantos do mundo\u201d, o que indica que vivem em um esp\u00edrito de acolhida e fraternidade universal, concorde com a especial rela\u00e7\u00e3o com a &#8220;Sagrada Fam\u00edlia&#8221;. Esta atitude, continuou &#8211; \u201c\u00e9 expressa no lema do Cap\u00edtulo Geral, que gira em torno de duas ideias:\u00a0<i>escuta humilde<\/i>\u00a0e\u00a0<i>sinodalidade<\/i>. S\u00e3o palavras inspiradoras, que t\u00eam ra\u00edzes profundas na vida religiosa.<\/p>\n<div style=\"text-align: justify;\">\n<div class=\"article__embed article__embed--border embed_style\">\n<blockquote><p>\u201cA escuta requer antes de tudo sil\u00eancio, sil\u00eancio profundo, sil\u00eancio interior e isso encontramos na ora\u00e7\u00e3o\u201d<\/p><\/blockquote>\n<\/div>\n<\/div>\n<p style=\"text-align: justify;\">\u201cMuitas vezes nosso pr\u00f3prio modo de vida \u00e9 \u2018cheio de barulho\u2019\u201d, disse o Papa, continuando: \u201cPara muitos, levantar a voz, f\u00edsica ou moralmente, \u00e9 apresentado como a solu\u00e7\u00e3o para que as massas surdas optem por sua ideia ou opini\u00e3o, sempre procurando uma maneira de tornar seu sinal mais aud\u00edvel, mais atraente ou mais surpreendente\u201d. Por\u00e9m adverte Francisco, com consterna\u00e7\u00e3o, muitas vezes se descobre que &#8220;aqueles que foram assim convocados quase imediatamente se afastam para responder ao chamado de um grito ainda mais alto&#8221;.<\/p>\n<h2 style=\"text-align: justify;\"><b>A busca do sil\u00eancio<\/b><\/h2>\n<p style=\"text-align: justify;\">\u201cA profecia que Jesus nos pede \u00e9 precisamente ir contra esta corrente, buscar o sil\u00eancio, separar-nos do mundo, do barulho. Isto nos permite prestar aten\u00e7\u00e3o e com paci\u00eancia artesanal identificar os diferentes sons, pes\u00e1-los e distingui-los\u201d. E explicou que \u201cdesta forma, aquele barulho inicial come\u00e7ar\u00e1 a tomar forma, o que parecia discordante pode ser compreendido e localizado, ter\u00e1 um nome, um rosto\u201d.<\/p>\n<div style=\"text-align: justify;\">\n<div class=\"article__embed article__embed--border embed_style\">\n<blockquote><p>\u201cNenhuma nota ser\u00e1 muito alta ou muito baixa, e nenhum som ser\u00e1 estridente para nossos ouvidos se encontrar a harmonia que s\u00f3 nosso sil\u00eancio pode dar. E digo que somente nosso sil\u00eancio pode dar, porque a harmonia se encontra, n\u00e3o \u00e9 imposta\u201d<\/p><\/blockquote>\n<\/div>\n<\/div>\n<h2 style=\"text-align: justify;\"><b>Evitar de julgar o outro<\/b><\/h2>\n<p style=\"text-align: justify;\">O Papa recorda que \u201ca tenta\u00e7\u00e3o \u00e9 ter uma bela melodia na cabe\u00e7a e rejeitar ou tentar silenciar quem n\u00e3o estiver de acordo. Mas isso \u00e9\u00a0<i>julgar o outro, colocar-se no lugar de Deus<\/i>, decidir quem merece estar l\u00e1 e quem n\u00e3o merece. \u00c9 uma grande soberbia, que deve ser combatida com a humildade do nosso sil\u00eancio prof\u00e9tico\u201d. Ponderando ainda que quem for capaz de ouvir desta maneira, ser\u00e1 capaz de ouvir todas as vozes claramente, compreender a sua ordem, o que respondem, o que querem dizer, e porque o dizem desta maneira, \u00e0s vezes de modo t\u00e3o desolador.<\/p>\n<h2 style=\"text-align: justify;\"><b>Sejam profetas da escuta<\/b><\/h2>\n<p style=\"text-align: justify;\">\u201cQueridas irm\u00e3s, sejam profetas desta escuta, antes de mais nada, ouvindo a voz de Deus, que as chama a amar a todos sem distin\u00e7\u00e3o, a amar a cria\u00e7\u00e3o como seu dom, a ver em toda sua grandeza, como nos ensina S\u00e3o Francisco em seu C\u00e2ntico das Criaturas\u201d.<\/p>\n<h2 style=\"text-align: justify;\"><b>Sinodalidade<\/b><\/h2>\n<p style=\"text-align: justify;\">\u201cE \u00e9 a partir desta escuta silenciosa de Deus e do homem \u2013 explicou o Pont\u00edfice &#8211; que podemos passar do cacof\u00f4nico ao sinf\u00f4nico. Ao &#8220;sem&#8221; (\u03c3\u03c5\u03bd-) da sinodalidade, ou o que \u00e9 o mesmo, de caminhar juntos (\u03c3\u03c5\u03bd -\u1f41\u03b4\u03bf\u03c2), de sermos um coro com um s\u00f3 cora\u00e7\u00e3o e uma s\u00f3 alma, mesmo que estejamos em tempos e contextos diferentes\u201d. E disse ainda:<\/p>\n<div style=\"text-align: justify;\">\n<div class=\"article__embed article__embed--border embed_style\">\n<blockquote><p>\u201cN\u00e3o \u00e9 uma utopia, se estamos realmente convencidos de que levantar a voz n\u00e3o \u00e9 o caminho, e que o \u00fanico caminho \u00e9 Jesus. N\u00e3o escondo de voc\u00eas que \u00e9 o caminho da cruz, da humildade, da pobreza, do servi\u00e7o\u201d<\/p><\/blockquote>\n<\/div>\n<\/div>\n<p style=\"text-align: justify;\">Recordando por fim que este \u201c\u00e9 o caminho escolhido por S\u00e3o Francisco e por seu vener\u00e1vel fundador, Luis Amig\u00f3, que todos os dias meditava na Paix\u00e3o, convidando-as a abra\u00e7ar o estilo da pequenez e da mortifica\u00e7\u00e3o como caminho para o c\u00e9u\u201d.<\/p>\n<h2 style=\"text-align: justify;\"><b>Estrondoso sil\u00eancio da Paix\u00e3o<\/b><\/h2>\n<p style=\"text-align: justify;\">Por fim o Papa concluiu afirmando: \u201cSe diante deste estrondoso sil\u00eancio da Paix\u00e3o, o mundo \u00e9 desafiado como Pilatos, e colocado diante da Verdade nua, pe\u00e7amos, com as palavras de S\u00e3o Paulo VI, que o sil\u00eancio de Nazar\u00e9, cultivado pela Sagrada Fam\u00edlia, possa ensinar-lhes, na sua voca\u00e7\u00e3o espec\u00edfica como religiosas, \u2018o recolhimento e a interioridade, a estar sempre prontas para escutar as boas inspira\u00e7\u00f5es e a doutrina dos verdadeiros mestres, a necessidade e o valor de uma forma\u00e7\u00e3o adequada, do estudo, da medita\u00e7\u00e3o, de uma vida interior intensa, de uma ora\u00e7\u00e3o pessoal que s\u00f3 Deus v\u00ea&#8221; (cf. S\u00e3o Paulo VI, Alocu\u00e7\u00e3o em Nazar\u00e9, 5.1.1964).<\/p>\n<\/div>\n","protected":false},"excerpt":{"rendered":"<p>Papa Francisco no encontro com as irm\u00e3s Terci\u00e1rias Capuchinhas da Sagrada Fam\u00edlia \u201cA tenta\u00e7\u00e3o de rejeitar ou tentar silenciar os que n\u00e3o concordam, \u00e9 julgar o outro, \u00e9 se colocar no lugar de Deus. \u00c9 uma grande soberbia, que deve ser combatida com a humildade do nosso sil\u00eancio prof\u00e9tico\u201d. Palavras do Papa Francisco durante o [&hellip;]<\/p>\n","protected":false},"author":1,"featured_media":76134,"comment_status":"open","ping_status":"closed","sticky":false,"template":"","format":"standard","meta":{"footnotes":""},"categories":[3],"tags":[],"class_list":["post-76133","post","type-post","status-publish","format-standard","has-post-thumbnail","hentry","category-vaticano"],"_links":{"self":[{"href":"https:\/\/catolicanet.net\/wp-cnet\/wp-json\/wp\/v2\/posts\/76133","targetHints":{"allow":["GET"]}}],"collection":[{"href":"https:\/\/catolicanet.net\/wp-cnet\/wp-json\/wp\/v2\/posts"}],"about":[{"href":"https:\/\/catolicanet.net\/wp-cnet\/wp-json\/wp\/v2\/types\/post"}],"author":[{"embeddable":true,"href":"https:\/\/catolicanet.net\/wp-cnet\/wp-json\/wp\/v2\/users\/1"}],"replies":[{"embeddable":true,"href":"https:\/\/catolicanet.net\/wp-cnet\/wp-json\/wp\/v2\/comments?post=76133"}],"version-history":[{"count":1,"href":"https:\/\/catolicanet.net\/wp-cnet\/wp-json\/wp\/v2\/posts\/76133\/revisions"}],"predecessor-version":[{"id":76135,"href":"https:\/\/catolicanet.net\/wp-cnet\/wp-json\/wp\/v2\/posts\/76133\/revisions\/76135"}],"wp:featuredmedia":[{"embeddable":true,"href":"https:\/\/catolicanet.net\/wp-cnet\/wp-json\/wp\/v2\/media\/76134"}],"wp:attachment":[{"href":"https:\/\/catolicanet.net\/wp-cnet\/wp-json\/wp\/v2\/media?parent=76133"}],"wp:term":[{"taxonomy":"category","embeddable":true,"href":"https:\/\/catolicanet.net\/wp-cnet\/wp-json\/wp\/v2\/categories?post=76133"},{"taxonomy":"post_tag","embeddable":true,"href":"https:\/\/catolicanet.net\/wp-cnet\/wp-json\/wp\/v2\/tags?post=76133"}],"curies":[{"name":"wp","href":"https:\/\/api.w.org\/{rel}","templated":true}]}}