{"id":76075,"date":"2022-09-23T09:23:01","date_gmt":"2022-09-23T12:23:01","guid":{"rendered":"https:\/\/catolicanet.net\/wp-cnet\/?p=76075"},"modified":"2022-09-23T13:39:29","modified_gmt":"2022-09-23T16:39:29","slug":"jovens-africanos-somos-apaixonados-pelos-ideais-de-francisco","status":"publish","type":"post","link":"https:\/\/catolicanet.net\/wp-cnet\/jovens-africanos-somos-apaixonados-pelos-ideais-de-francisco\/","title":{"rendered":"Jovens africanos: somos apaixonados pelos ideais de Francisco"},"content":{"rendered":"<p style=\"text-align: justify;\">A mo\u00e7ambicana Sadia Mariano<\/p>\n<div class=\"article__subTitle\" style=\"text-align: justify;\">Presente em Assis a jovem mo\u00e7ambicana Sadia Mariano, \u00fanica representante dos jovens desse pa\u00eds africano que, conversou com a R\u00e1dio Vaticano \u2013 Vatican News: falou de esperan\u00e7a.<\/div>\n<div class=\"title__separator\" style=\"text-align: justify;\"><\/div>\n<div class=\"article__text \">\n<p style=\"text-align: justify;\"><b>Silvonei Jos\u00e9 \u2013 Assis \u2013 Vatican News<\/b><\/p>\n<p style=\"text-align: justify;\">Uma oportunidade para repensar a economia. A &#8220;Economia de Francisco&#8221;, um movimento internacional de jovens economistas, empreendedores e transformadores comprometidos com um processo de di\u00e1logo inclusivo e mudan\u00e7a global, \u00e9 uma onda de entusiasmo que abra\u00e7ou Assis. Ap\u00f3s a abertura do evento na quinta-feira, 22 de setembro, os jovens se encontraram na cidade de S\u00e3o Francisco para oficinas e mesas redondas. As quest\u00f5es econ\u00f4micas foram abordadas e os desafios contempor\u00e2neos indicados. O dia de abertura foi tamb\u00e9m um &#8220;dia de colheita&#8221;: foram apresentados projetos j\u00e1 implementados em v\u00e1rias regi\u00f5es do mundo. Sementes e frutos que alimentam uma nova economia, a desejada pelo Papa. Nesta sexta-feira, 23 de setembro, as visitas aos lugares de S\u00e3o Francisco para momentos de reflex\u00e3o e ora\u00e7\u00e3o pessoal precederam outra etapa crucial deste encontro internacional: o trabalho tem\u00e1tico em profundidade nas diversas aldeias, 12 no total.<\/p>\n<div style=\"text-align: justify;\">\n<div class=\"article__embed article__embed--unwrap article__embed--photo\">\n<figure><picture><img decoding=\"async\" class=\"loaded\" src=\"https:\/\/www.vaticannews.va\/content\/dam\/vaticannews\/multimedia\/2022\/09\/22\/WhatsApp-Image-2022-09-22-at-18.48.04-1--rsz.jpeg\/_jcr_content\/renditions\/cq5dam.thumbnail.cropped.750.422.jpeg\" alt=\"Encontro Economia de Francisco\" data-original=\"\/content\/dam\/vaticannews\/multimedia\/2022\/09\/22\/WhatsApp-Image-2022-09-22-at-18.48.04-1--rsz.jpeg\/_jcr_content\/renditions\/cq5dam.thumbnail.cropped.750.422.jpeg\" data-was-processed=\"true\" \/><\/picture><\/figure>\n<div class=\"photo_embed--Title\">Encontro Economia de Francisco<\/div>\n<\/div>\n<\/div>\n<p style=\"text-align: justify;\">Os temas, inspirados nas enc\u00edclicas do Papa Francisco Laudato si&#8217; e Fratelli tutti, percorrem v\u00e1rias quest\u00f5es incluindo agricultura e justi\u00e7a, energia e pobreza. O segundo dia de trabalho se conclui \u00e0 noite com visitas guiadas \u00e0 Bas\u00edlica de S\u00e3o Francisco e \u00e0 Bas\u00edlica de Santa Maria dos egli Angeli.<\/p>\n<p style=\"text-align: justify;\">O ponto alto deste terceiro evento global, o primeiro presencial, \u00e9 o encontro com o Papa Francisco para a assinatura do Pacto com os jovens. Cerca de mil deles, economistas e empres\u00e1rios, chegaram \u00e0 cidade de S\u00e3o Francisco vindos de 120 pa\u00edses. Um povo, cheio de entusiasmo e talento, que trouxe \u00e0 Assis as esperan\u00e7as do mundo.<\/p>\n<div style=\"text-align: justify;\">\n<div class=\"article__embed article__embed--unwrap article__embed--photo\">\n<figure><picture><img decoding=\"async\" class=\"loaded\" src=\"https:\/\/www.vaticannews.va\/content\/dam\/vaticannews\/multimedia\/2022\/09\/22\/Clip0034.MXF.14_50_52_12.Immagine0011.jpg\/_jcr_content\/renditions\/cq5dam.thumbnail.cropped.750.422.jpeg\" alt=\"Jovem do Qu\u00eania - Wendy Omanga\" data-original=\"\/content\/dam\/vaticannews\/multimedia\/2022\/09\/22\/Clip0034.MXF.14_50_52_12.Immagine0011.jpg\/_jcr_content\/renditions\/cq5dam.thumbnail.cropped.750.422.jpeg\" data-was-processed=\"true\" \/><\/picture><\/figure>\n<div class=\"photo_embed--Title\">Jovem do Qu\u00eania &#8211; Wendy Omanga<\/div>\n<\/div>\n<\/div>\n<h2 style=\"text-align: justify;\">Al\u00e9m de Assis<\/h2>\n<p style=\"text-align: justify;\">A economia de Francesco n\u00e3o para em Assis. O objetivo \u00e9 conscientizar a partir de baixo a necessidade de uma economia cada vez mais orientada para o desenvolvimento e cada vez menos para a especula\u00e7\u00e3o financeira. Os coordenadores regionais s\u00e3o cerca de 50 jovens empenhados em divulgar o movimento e estimular projetos.<\/p>\n<div style=\"text-align: justify;\">\n<div class=\"article__embed article__embed--unwrap article__embed--dark\">\n<div class=\"embed-container\"><iframe id=\"901354318\" title=\"Sadia Mariano Mendes Economy of Francesco 22 September 2022\" src=\"https:\/\/www.youtube.com\/embed\/x-1JCr2LSx0?wmode=opaque&amp;rel=0&amp;autohide=1&amp;showinfo=0&amp;wmode=transparent&amp;modestbranding=1&amp;enablejsapi=1&amp;origin=https:\/\/www.vaticannews.va&amp;start=&amp;end=\" allowfullscreen=\"allowfullscreen\" data-gtm-yt-inspected-7=\"true\" data-gtm-yt-inspected-7781034_9=\"true\" data-mce-fragment=\"1\"><\/iframe><\/div>\n<div class=\"article__innerTitle\">Sadia<\/div>\n<\/div>\n<\/div>\n<p style=\"text-align: justify;\">Um desses jovens presentes em Assis \u00e9 a mo\u00e7ambicana Sadia Mariano, \u00fanica representante dos jovens desse pa\u00eds africano que, conversando com a R\u00e1dio Vaticano \u2013 Vatican News falou de esperan\u00e7a: \u201cn\u00f3s somos apaixonados pelos ideais de Francisco e queremos que exista muita esperan\u00e7a para a economia de Mo\u00e7ambique, para os jovens mo\u00e7ambicanos. Esperan\u00e7a \u00e9 a palavra que enche o meu cora\u00e7\u00e3o por estar aqui\u201d. \u201cEu creio que n\u00f3s podemos aprender muito, que ainda n\u00f3s temos uma chance para melhor o nosso sistema de vida, o nosso ser como mo\u00e7ambicanos\u201d.<\/p>\n<p style=\"text-align: justify;\">Sadia disse ainda que espera muito do Encontro com Francisco, e que levar\u00e1 muitos desafios na sua bagagem.<\/p>\n<p style=\"text-align: justify;\">Eis a \u00edntegra das palavras de Saida:<\/p>\n<div>\n<div class=\"article__embed article__embed--unwrap article__embed--dark\">\n<div class=\"article__innerTitle\" style=\"text-align: justify;\">Ou\u00e7a e compartilhe<\/div>\n<div>\n<!--[if lt IE 9]><script>document.createElement('audio');<\/script><![endif]-->\n<audio class=\"wp-audio-shortcode\" id=\"audio-76075-1\" preload=\"none\" style=\"width: 100%;\" controls=\"controls\"><source type=\"audio\/mpeg\" src=\"https:\/\/media.vaticannews.va\/media\/audio\/s1\/2022\/09\/23\/18\/136723241_F136723241.mp3?_=1\" \/><a href=\"https:\/\/media.vaticannews.va\/media\/audio\/s1\/2022\/09\/23\/18\/136723241_F136723241.mp3\">https:\/\/media.vaticannews.va\/media\/audio\/s1\/2022\/09\/23\/18\/136723241_F136723241.mp3<\/a><\/audio>\n<\/div>\n<\/div>\n<\/div>\n<\/div>\n","protected":false},"excerpt":{"rendered":"<p>A mo\u00e7ambicana Sadia Mariano Presente em Assis a jovem mo\u00e7ambicana Sadia Mariano, \u00fanica representante dos jovens desse pa\u00eds africano que, conversou com a R\u00e1dio Vaticano \u2013 Vatican News: falou de esperan\u00e7a. Silvonei Jos\u00e9 \u2013 Assis \u2013 Vatican News Uma oportunidade para repensar a economia. A &#8220;Economia de Francisco&#8221;, um movimento internacional de jovens economistas, empreendedores [&hellip;]<\/p>\n","protected":false},"author":1,"featured_media":76076,"comment_status":"open","ping_status":"closed","sticky":false,"template":"","format":"standard","meta":{"footnotes":""},"categories":[3],"tags":[],"class_list":["post-76075","post","type-post","status-publish","format-standard","has-post-thumbnail","hentry","category-vaticano"],"_links":{"self":[{"href":"https:\/\/catolicanet.net\/wp-cnet\/wp-json\/wp\/v2\/posts\/76075","targetHints":{"allow":["GET"]}}],"collection":[{"href":"https:\/\/catolicanet.net\/wp-cnet\/wp-json\/wp\/v2\/posts"}],"about":[{"href":"https:\/\/catolicanet.net\/wp-cnet\/wp-json\/wp\/v2\/types\/post"}],"author":[{"embeddable":true,"href":"https:\/\/catolicanet.net\/wp-cnet\/wp-json\/wp\/v2\/users\/1"}],"replies":[{"embeddable":true,"href":"https:\/\/catolicanet.net\/wp-cnet\/wp-json\/wp\/v2\/comments?post=76075"}],"version-history":[{"count":1,"href":"https:\/\/catolicanet.net\/wp-cnet\/wp-json\/wp\/v2\/posts\/76075\/revisions"}],"predecessor-version":[{"id":76077,"href":"https:\/\/catolicanet.net\/wp-cnet\/wp-json\/wp\/v2\/posts\/76075\/revisions\/76077"}],"wp:featuredmedia":[{"embeddable":true,"href":"https:\/\/catolicanet.net\/wp-cnet\/wp-json\/wp\/v2\/media\/76076"}],"wp:attachment":[{"href":"https:\/\/catolicanet.net\/wp-cnet\/wp-json\/wp\/v2\/media?parent=76075"}],"wp:term":[{"taxonomy":"category","embeddable":true,"href":"https:\/\/catolicanet.net\/wp-cnet\/wp-json\/wp\/v2\/categories?post=76075"},{"taxonomy":"post_tag","embeddable":true,"href":"https:\/\/catolicanet.net\/wp-cnet\/wp-json\/wp\/v2\/tags?post=76075"}],"curies":[{"name":"wp","href":"https:\/\/api.w.org\/{rel}","templated":true}]}}