{"id":76044,"date":"2022-09-20T10:13:48","date_gmt":"2022-09-20T13:13:48","guid":{"rendered":"https:\/\/catolicanet.net\/wp-cnet\/?p=76044"},"modified":"2022-09-20T13:15:09","modified_gmt":"2022-09-20T16:15:09","slug":"encontrar-a-vocacao-nao-significa-trilhar-apenas-o-caminho-da-alegria","status":"publish","type":"post","link":"https:\/\/catolicanet.net\/wp-cnet\/encontrar-a-vocacao-nao-significa-trilhar-apenas-o-caminho-da-alegria\/","title":{"rendered":"Encontrar a voca\u00e7\u00e3o n\u00e3o significa trilhar apenas o caminho da alegria"},"content":{"rendered":"<h2 class=\"subtitle\" style=\"text-align: justify;\">Apesar de todas as dificuldades, quando encontramos a nossa voca\u00e7\u00e3o tamb\u00e9m encontramos muita satisfa\u00e7\u00e3o na jornada. E o que te impede de buscar este caminho hoje?<\/h2>\n<p style=\"text-align: justify;\">Engana-se quem pensa que encontrar a pr\u00f3pria voca\u00e7\u00e3o \u00e9 o mesmo que trilhar o caminho da satisfa\u00e7\u00e3o, aquela que encontramos quando fazemos o que queremos ou o que nos traz alegria imediata.<\/p>\n<p style=\"text-align: justify;\">Encontrar a pr\u00f3pria voca\u00e7\u00e3o \u00e9 apresentar-se para o dever, deixando de lado a parte de n\u00f3s que for necess\u00e1ria pelo caminho, pois passa a ser quase imposs\u00edvel ignorar o seu chamado di\u00e1rio.<\/p>\n<div class=\"wp-block-aleteia-read-also read-also\" style=\"text-align: justify;\" data-category=\"Espiritualidade\" data-category-english=\"spirituality\">\n<figure><img decoding=\"async\" src=\"https:\/\/wp.pt.aleteia.org\/wp-content\/uploads\/sites\/5\/2022\/03\/shutterstock_2129427914.jpg?w=300&amp;h=169&amp;crop=1\" alt=\"PRAY\" \/><\/figure>\n<div class=\"read-also-inner\"><em>Leia tamb\u00e9m:<\/em><a href=\"https:\/\/pt.aleteia.org\/2022\/07\/29\/como-a-vocacao-me-proporcionou-estabilidade-emocional-e-profissional\/\" target=\"_self\" rel=\"noopener\">Como a voca\u00e7\u00e3o me proporcionou estabilidade emocional e profissional<\/a><\/div>\n<\/div>\n<p style=\"text-align: justify;\">Mas tamb\u00e9m h\u00e1 satisfa\u00e7\u00e3o neste caminho, sob uma forma diferente, claro. H\u00e1 a satisfa\u00e7\u00e3o e a alegria do dever cumprido.<\/p>\n<p style=\"text-align: justify;\">Hoje, sei que estou onde devo estar e que, se o caminho mudar, eu o perseguirei. O meu desejo \u00e9 que outras pessoas encontrem esta mesma satisfa\u00e7\u00e3o, que faz com que abandonemos parte de n\u00f3s, mas com que sintamos que fizemos aquilo que dever\u00edamos.<\/p>\n<p style=\"text-align: justify;\">Quais s\u00e3o as dificuldades te impedem de buscar este caminho hoje? O que voc\u00ea sente que precisa deixar para tr\u00e1s?\u00a0Qual \u00e9 o pre\u00e7o, a ser pago pela liberdade de ser quem voc\u00ea quer ser?<\/p>\n<p style=\"text-align: justify;\">Encontrar as respostas a estas perguntas vai te ajudar a encontrar a sua voca\u00e7\u00e3o e o seu lugar neste mundo.<\/p>\n<p style=\"text-align: justify;\"><em>Quer ter acesso a mais conte\u00fados como esse? Ent\u00e3o\u00a0<a href=\"https:\/\/www.instagram.com\/psico.talitarodrigues\/\" target=\"_blank\" rel=\"noopener\">clique aqui<\/a>\u00a0e siga a psic\u00f3loga Talita Rodrigues no Instagram.<\/em><\/p>\n","protected":false},"excerpt":{"rendered":"<p>Apesar de todas as dificuldades, quando encontramos a nossa voca\u00e7\u00e3o tamb\u00e9m encontramos muita satisfa\u00e7\u00e3o na jornada. E o que te impede de buscar este caminho hoje? Engana-se quem pensa que encontrar a pr\u00f3pria voca\u00e7\u00e3o \u00e9 o mesmo que trilhar o caminho da satisfa\u00e7\u00e3o, aquela que encontramos quando fazemos o que queremos ou o que nos [&hellip;]<\/p>\n","protected":false},"author":1,"featured_media":76045,"comment_status":"open","ping_status":"closed","sticky":false,"template":"","format":"standard","meta":{"footnotes":""},"categories":[4],"tags":[],"class_list":["post-76044","post","type-post","status-publish","format-standard","has-post-thumbnail","hentry","category-cotidiano"],"_links":{"self":[{"href":"https:\/\/catolicanet.net\/wp-cnet\/wp-json\/wp\/v2\/posts\/76044","targetHints":{"allow":["GET"]}}],"collection":[{"href":"https:\/\/catolicanet.net\/wp-cnet\/wp-json\/wp\/v2\/posts"}],"about":[{"href":"https:\/\/catolicanet.net\/wp-cnet\/wp-json\/wp\/v2\/types\/post"}],"author":[{"embeddable":true,"href":"https:\/\/catolicanet.net\/wp-cnet\/wp-json\/wp\/v2\/users\/1"}],"replies":[{"embeddable":true,"href":"https:\/\/catolicanet.net\/wp-cnet\/wp-json\/wp\/v2\/comments?post=76044"}],"version-history":[{"count":1,"href":"https:\/\/catolicanet.net\/wp-cnet\/wp-json\/wp\/v2\/posts\/76044\/revisions"}],"predecessor-version":[{"id":76046,"href":"https:\/\/catolicanet.net\/wp-cnet\/wp-json\/wp\/v2\/posts\/76044\/revisions\/76046"}],"wp:featuredmedia":[{"embeddable":true,"href":"https:\/\/catolicanet.net\/wp-cnet\/wp-json\/wp\/v2\/media\/76045"}],"wp:attachment":[{"href":"https:\/\/catolicanet.net\/wp-cnet\/wp-json\/wp\/v2\/media?parent=76044"}],"wp:term":[{"taxonomy":"category","embeddable":true,"href":"https:\/\/catolicanet.net\/wp-cnet\/wp-json\/wp\/v2\/categories?post=76044"},{"taxonomy":"post_tag","embeddable":true,"href":"https:\/\/catolicanet.net\/wp-cnet\/wp-json\/wp\/v2\/tags?post=76044"}],"curies":[{"name":"wp","href":"https:\/\/api.w.org\/{rel}","templated":true}]}}