{"id":76016,"date":"2022-09-20T09:57:44","date_gmt":"2022-09-20T12:57:44","guid":{"rendered":"https:\/\/catolicanet.net\/wp-cnet\/?p=76016"},"modified":"2022-09-20T12:58:45","modified_gmt":"2022-09-20T15:58:45","slug":"seminario-nacional-da-campanha-da-fraternidade-aprofundara-o-tema-da-fome-e-as-estrategias-para-a-cf-2023","status":"publish","type":"post","link":"https:\/\/catolicanet.net\/wp-cnet\/seminario-nacional-da-campanha-da-fraternidade-aprofundara-o-tema-da-fome-e-as-estrategias-para-a-cf-2023\/","title":{"rendered":"SEMIN\u00c1RIO NACIONAL DA CAMPANHA DA FRATERNIDADE APROFUNDAR\u00c1 O TEMA DA \u201cFOME\u201d E AS ESTRAT\u00c9GIAS PARA A CF 2023"},"content":{"rendered":"<p style=\"text-align: justify;\">O Setor Campanhas da Confer\u00eancia Nacional dos Bispos do Brasil (CNBB) realiza de 27 a 29 de setembro, de forma on-line, o Semin\u00e1rio Nacional da Campanha da Fraternidade 2023, cujo tema \u00e9 \u201cFraternidade e Fome\u201d e o lema \u201cDai-lhes v\u00f3s mesmos de comer!\u201d (Mt 14,16).<\/p>\n<p style=\"text-align: justify;\">Nas tr\u00eas noites ser\u00e1 oferecida uma reflex\u00e3o sobre a tem\u00e1tica da fome sob as \u00f3ticas dos dados atualizados sobre a realidade, \u00e0 luz da f\u00e9 e da doutrina da Igreja e na perspectiva da a\u00e7\u00e3o pastoral para o enfrentamento do\u00a0 problema. O tema da fome ser\u00e1 abordado pela terceira vez pela Igreja no Brasil em uma Campanha da Fraternidade. De acordo com o assessor de campanhas da CNBB, o padre Jean Paul Hansen, a forma\u00e7\u00e3o vai contar com a colabora\u00e7\u00e3o de especialistas no assunto, bispos, presb\u00edteros e assessores da CNBB.<\/p>\n<blockquote><p>\u201cNa primeira noite, vamos VER a realidade da fome em nosso pa\u00eds e o muito que j\u00e1 se faz no seu combate. Na segunda, vamos ILUMINAR com a luz do Evangelho e do Magist\u00e9rio Eclesial este dura realidade. E, na terceira noite, refletiremos sobre como devemos AGIR para livrar a multid\u00e3o de irm\u00e3os e irm\u00e3s que sofrem o flagelo da fome, cumprindo o mandato de Jesus, que \u00e9 o lema da CF-2023: \u201cDai-lhes v\u00f3s mesmos de comer\u201d (Mt 14,16)\u201d, disse padre Jean Paul.<\/p><\/blockquote>\n<h3 style=\"text-align: justify;\">Forma\u00e7\u00e3o de multiplicadores<\/h3>\n<p style=\"text-align: justify;\">A atividade tem como objetivo de preparar lideran\u00e7as regionais, diocesanas, paroquiais e comunit\u00e1rias para desenvolver a Campanha da Fraternidade 2023 em suas realidades concretas, atrav\u00e9s de uma reflex\u00e3o fundamentada na realidade e na Palavra de Deus, em vista da a\u00e7\u00e3o eclesial sociotransfomadora.<\/p>\n<p style=\"text-align: justify;\">\u201cO Semin\u00e1rio Nacional da CF \u00e9 importante porque lan\u00e7a para as bases da Igreja no Brasil a tem\u00e1tica, a reflex\u00e3o e o material preparado para a Campanha da Fraternidade do ano seguinte, a fim de que o trabalho j\u00e1 comece a ser realizado nos regionais, nas dioceses, par\u00f3quias e comunidades, como prepara\u00e7\u00e3o remota para a CF, que se intensificar\u00e1 na quaresma de 2023\u201d, disse padre Jean.<\/p>\n<h3 style=\"text-align: justify;\">A fome no Brasil<\/h3>\n<p style=\"text-align: justify;\">O Brasil voltou ao Mapa da Fome, ou seja, mais de 60 milh\u00f5es de brasileiros e brasileiras vivem sem ter o que comer n\u00e3o ou tem certeza se conseguir\u00e1 comida ou precisa reduzir a qualidade e\/ou quantidade dos alimentos.\u00a0Esse diagn\u00f3stico est\u00e1 no relat\u00f3rio da Organiza\u00e7\u00e3o das Na\u00e7\u00f5es Unidas para Alimenta\u00e7\u00e3o e Agricultura (FAO) divulgado em julho deste ano.<\/p>\n<p style=\"text-align: justify;\">O levantamento mostra que quase 30% da popula\u00e7\u00e3o brasileira vive inseguran\u00e7a alimentar moderada ou grave no pa\u00eds. Os dados s\u00e3o do per\u00edodo de 2019 a 2021. O novo relat\u00f3rio mostra um forte agravamento da situa\u00e7\u00e3o no Brasil. Entre 2014 e 2016, esse contingente era de 37,5 milh\u00f5es de pessoas com inseguran\u00e7a alimentar, dentre elas 3,9 milh\u00f5es em condi\u00e7\u00e3o grave \u2013 n\u00famero quase quatro vezes menor do que hoje.<\/p>\n<h3 style=\"text-align: justify;\">A Igreja e o tema da fome<\/h3>\n<figure id=\"attachment_861000\" class=\"wp-caption alignright\" style=\"text-align: justify;\" aria-describedby=\"caption-attachment-861000\"><img loading=\"lazy\" decoding=\"async\" class=\"wp-image-861000\" src=\"https:\/\/eadn-wc02-718006.nxedge.io\/cdn\/wp-content\/uploads\/2021\/12\/Cartaz-CF-1985-209x300.jpg\" sizes=\"auto, (max-width: 222px) 100vw, 222px\" srcset=\"https:\/\/eadn-wc02-718006.nxedge.io\/cdn\/wp-content\/uploads\/2021\/12\/Cartaz-CF-1985-209x300.jpg 209w, https:\/\/eadn-wc02-718006.nxedge.io\/cdn\/wp-content\/uploads\/2021\/12\/Cartaz-CF-1985.jpg 279w\" alt=\"\" width=\"222\" height=\"319\" \/><figcaption id=\"caption-attachment-861000\" class=\"wp-caption-text\"><em>Cartaz CF 1985<\/em><\/figcaption><\/figure>\n<p style=\"text-align: justify;\">O tema da fome foi abordado na Campanha de 1985. Dois grandes eventos marcaram a Igreja no Brasil em 1985: a realiza\u00e7\u00e3o do 11\u00ba congresso Eucar\u00edstico Nacional realizado em Aparecida (SP) e a Campanha da Fraternidade. Ambas as iniciativas receberam o mesmo lema\u00a0<em>\u201cp\u00e3o para quem tem fome\u201d. Um dos grandes temas refletidos foi o cen\u00e1rio da fome apresentado como \u201cum problema crucial\u201d<\/em>.<\/p>\n<p style=\"text-align: justify;\">Na enc\u00edclica\u00a0<a href=\"https:\/\/www.vatican.va\/content\/francesco\/pt\/events\/event.dir.html\/content\/vaticanevents\/pt\/2020\/10\/4\/enciclica-fratellitutti.html\" target=\"_blank\" rel=\"noopener\">Fratelli Tutti<\/a>, o Papa Francisco fala do esc\u00e2ndalo da fome e chama o atual sistema de assassino: \u201cAs crises sociais, pol\u00edticas e econ\u00f4micas fazem morrer \u00e0 fome milh\u00f5es de crian\u00e7as, j\u00e1 reduzidas a esqueletos humanos por causa da pobreza e da fome; reina um inaceit\u00e1vel sil\u00eancio internacional\u201d (n\u00ba 29).<\/p>\n<p style=\"text-align: justify;\">O Santo Padre adverte ainda que \u201ca pol\u00edtica mundial n\u00e3o pode deixar de colocar entre seus objetivos principais e irrenunci\u00e1veis o eliminar efetivamente a fome. Com efeito, quando a especula\u00e7\u00e3o financeira condiciona o pre\u00e7o dos alimentos, tratando-os como uma mercadora qualquer, milh\u00f5es de pessoas sofrem e morrem de fome\u2026 a fome \u00e9 criminosa e a alimenta\u00e7\u00e3o \u00e9 um direito inalien\u00e1vel\u201d(n\u00ba 189).<\/p>\n","protected":false},"excerpt":{"rendered":"<p>O Setor Campanhas da Confer\u00eancia Nacional dos Bispos do Brasil (CNBB) realiza de 27 a 29 de setembro, de forma on-line, o Semin\u00e1rio Nacional da Campanha da Fraternidade 2023, cujo tema \u00e9 \u201cFraternidade e Fome\u201d e o lema \u201cDai-lhes v\u00f3s mesmos de comer!\u201d (Mt 14,16). Nas tr\u00eas noites ser\u00e1 oferecida uma reflex\u00e3o sobre a tem\u00e1tica [&hellip;]<\/p>\n","protected":false},"author":1,"featured_media":76017,"comment_status":"open","ping_status":"closed","sticky":false,"template":"","format":"standard","meta":{"footnotes":""},"categories":[7,13],"tags":[],"class_list":["post-76016","post","type-post","status-publish","format-standard","has-post-thumbnail","hentry","category-cnbb","category-featured"],"_links":{"self":[{"href":"https:\/\/catolicanet.net\/wp-cnet\/wp-json\/wp\/v2\/posts\/76016","targetHints":{"allow":["GET"]}}],"collection":[{"href":"https:\/\/catolicanet.net\/wp-cnet\/wp-json\/wp\/v2\/posts"}],"about":[{"href":"https:\/\/catolicanet.net\/wp-cnet\/wp-json\/wp\/v2\/types\/post"}],"author":[{"embeddable":true,"href":"https:\/\/catolicanet.net\/wp-cnet\/wp-json\/wp\/v2\/users\/1"}],"replies":[{"embeddable":true,"href":"https:\/\/catolicanet.net\/wp-cnet\/wp-json\/wp\/v2\/comments?post=76016"}],"version-history":[{"count":1,"href":"https:\/\/catolicanet.net\/wp-cnet\/wp-json\/wp\/v2\/posts\/76016\/revisions"}],"predecessor-version":[{"id":76018,"href":"https:\/\/catolicanet.net\/wp-cnet\/wp-json\/wp\/v2\/posts\/76016\/revisions\/76018"}],"wp:featuredmedia":[{"embeddable":true,"href":"https:\/\/catolicanet.net\/wp-cnet\/wp-json\/wp\/v2\/media\/76017"}],"wp:attachment":[{"href":"https:\/\/catolicanet.net\/wp-cnet\/wp-json\/wp\/v2\/media?parent=76016"}],"wp:term":[{"taxonomy":"category","embeddable":true,"href":"https:\/\/catolicanet.net\/wp-cnet\/wp-json\/wp\/v2\/categories?post=76016"},{"taxonomy":"post_tag","embeddable":true,"href":"https:\/\/catolicanet.net\/wp-cnet\/wp-json\/wp\/v2\/tags?post=76016"}],"curies":[{"name":"wp","href":"https:\/\/api.w.org\/{rel}","templated":true}]}}