{"id":75985,"date":"2022-09-16T09:28:28","date_gmt":"2022-09-16T12:28:28","guid":{"rendered":"https:\/\/catolicanet.net\/wp-cnet\/?p=75985"},"modified":"2022-09-16T12:29:40","modified_gmt":"2022-09-16T15:29:40","slug":"e-criada-uma-articulacao-nacional-de-pastoral-de-moradia-e-favela","status":"publish","type":"post","link":"https:\/\/catolicanet.net\/wp-cnet\/e-criada-uma-articulacao-nacional-de-pastoral-de-moradia-e-favela\/","title":{"rendered":"\u00c9 CRIADA UMA ARTICULA\u00c7\u00c3O NACIONAL DE PASTORAL DE MORADIA E FAVELA"},"content":{"rendered":"<p style=\"text-align: justify;\">Por uma presen\u00e7a org\u00e2nica, evangelizadora e sociotransformadora da Igreja nas periferias, favelas, corti\u00e7os e ocupa\u00e7\u00f5es, lideran\u00e7as de pastoral e de movimentos por moradia fortalecem o \u201cmutir\u00e3o pela vida: por terra, teto e trabalho\u201d, da 6\u00aa Semana Social Brasileira (2020-2023). Vem se formando com eles, desde o in\u00edcio deste ano, uma articula\u00e7\u00e3o em vista da cria\u00e7\u00e3o de uma \u201cPastoral Nacional de Moradia e Favela\u201d, que articule a presen\u00e7a sociotransformadora da Igreja junto \u00e0s popula\u00e7\u00f5es que n\u00e3o t\u00eam acesso \u00e0 moradia impulsionando tamb\u00e9m a cria\u00e7\u00e3o dessa pastoral nas dioceses e arquidioceses do Brasil.<\/p>\n<p style=\"text-align: justify;\">Com esse intuito, agentes de pastoral e militantes de movimentos populares de Mariana (MG), Belo Horizonte (MG), S\u00e3o Paulo (SP), Rio de Janeiro (RJ), Curitiba (PR) e Salvador (BA), que atuam no campo da moradia, reuniram-se em S\u00e3o Paulo (SP), nos dias 20 a 22 de julho de 2022, para prosseguir a mobiliza\u00e7\u00e3o, o aprofundamento e a proposi\u00e7\u00e3o, em \u00e2mbito nacional, \u00e0 Igreja no Brasil, da cria\u00e7\u00e3o dessa Pastoral Nacional.<\/p>\n<p style=\"text-align: justify;\">Nesse Encontro foi elucidado, com as partilhas e os dados, a necessidade e urg\u00eancia de uma presen\u00e7a articulada da Igreja nas in\u00fameras periferias do pa\u00eds. O n\u00famero de favelas dobrou na \u00faltima d\u00e9cada, conforme o Instituto Brasileiro de Geografia e Estat\u00edstica (IBGE). Hoje s\u00e3o cerca de 60 milh\u00f5es de pessoas em favelas. \u00c9 necess\u00e1rio tamb\u00e9m construir hoje novas moradias, imediatamente, para cerca de 6 milh\u00f5es de fam\u00edlias no Brasil. Somado a isso, h\u00e1 car\u00eancia de diversas outras pol\u00edticas p\u00fablicas, como saneamento b\u00e1sico, bem como s\u00e3o \u00e1reas com alta concentra\u00e7\u00e3o populacional, com o agravamento da pobreza e da viol\u00eancia, das remo\u00e7\u00f5es e dos despejos.<\/p>\n<p style=\"text-align: justify;\">Em contrapartida, a presen\u00e7a da Igreja nas in\u00fameras periferias do pa\u00eds se faz fr\u00e1gil e limitada. Tais periferias urbanas, frequentemente, n\u00e3o contam com o contato efetivo com a par\u00f3quia pr\u00f3xima, situada, geralmente, em \u00e1rea central nos bairros, e as presen\u00e7as pastorais nas periferias, quase sempre, vem se reduzindo a ajudas assistenciais ou visitas pontuais.<\/p>\n<p style=\"text-align: justify;\">A Pastoral de Moradia e Favela, todavia, vem intencionar um olhar integral (LS 138-155), em vista de participar da transforma\u00e7\u00e3o na comunidade perif\u00e9rica, se comprometendo igualmente com a conquista das pol\u00edticas p\u00fablicas b\u00e1sicas (FT 177-179) para uma vida digna em \u00e1reas t\u00e3o maltratadas de todos os modos, muito expressando a presen\u00e7a, a proximidade e o compromisso de nossa Igreja junto \u00e0s periferias e suas sofridas realidades, como o fazem outras Pastorais Sociais em outras \u00e1reas.<\/p>\n<p style=\"text-align: justify;\">A partir do Encontro em S\u00e3o Paulo formou-se, ent\u00e3o, um grupo executivo provis\u00f3rio para esta Articula\u00e7\u00e3o, reunindo cada vez mais outras lideran\u00e7as de v\u00e1rias regi\u00f5es do pa\u00eds. Esta Articula\u00e7\u00e3o vem dialogando em v\u00e1rias inst\u00e2ncias da Igreja do Brasil.<\/p>\n<p style=\"text-align: justify;\">Na participa\u00e7\u00e3o do Semin\u00e1rio Nacional da 6\u00aa Semana Social Brasileira, \u201cO Brasil que temos\u201d, em agosto, junto tamb\u00e9m com as coordena\u00e7\u00f5es das Pastorais Sociais no Brasil, foi partilhado sobre essa articula\u00e7\u00e3o e as suas propostas, houve acolhida por parte dos presentes, haja vista as muitas \u00e1reas perif\u00e9ricas em grande car\u00eancia no nosso pa\u00eds, sem contar ainda com a presen\u00e7a e o apoio de nossa Igreja.<\/p>\n<p style=\"text-align: justify;\">Em di\u00e1logo tamb\u00e9m com a Comiss\u00e3o Episcopal Pastoral para a A\u00e7\u00e3o Sociotransformadora (Cepast) da Confer\u00eancia Nacional dos Bispos do Brasil (CNBB), representada por sua presid\u00eancia e equipe executiva, reunindo-se no dia 10 de agosto, de modo virtual, trataram da possibilidade da cria\u00e7\u00e3o da Pastoral da Moradia e Favela em \u00e2mbito nacional, de uma Campanha da Fraternidade com a tem\u00e1tica da moradia e Do direito \u00e0 cidade, bem como a importante continuidade da interlocu\u00e7\u00e3o da Igreja com o Conselho Nacional de Justi\u00e7a na prorroga\u00e7\u00e3o dos despejos e remo\u00e7\u00f5es das fam\u00edlias no Brasil.<\/p>\n<p style=\"text-align: justify;\">Por fim, o di\u00e1logo vem ocorrendo com os Regionais da CNBB e em \u00e2mbito das dioceses e prelazias no pa\u00eds, com a equipe da articula\u00e7\u00e3o se colocando dispon\u00edvel para contribuir e animar a cria\u00e7\u00e3o das pastorais de moradia e favela. Pois \u00e9 necess\u00e1rio estar onde os pobres vivem, trabalham, sofrem e lutam (EG 199), nas realidades mais desprovidas e perif\u00e9ricas, para a evangeliza\u00e7\u00e3o \u201ccome\u00e7ar pelos \u00faltimos\u201d (EG 48) e garantir o direito \u00e0 moradia, que \u00e9 \u201ca porta de entrada de todos os direitos\u201d.<\/p>\n<p style=\"text-align: justify;\"><strong>Saiba mais:<\/strong><a href=\"https:\/\/ssb.org.br\/\" target=\"_blank\" rel=\"noopener\">\u00a0ssb.org.br<\/a><\/p>\n<p style=\"text-align: justify;\">Por Marcelo Toyansk e Osnilda Lima<\/p>\n","protected":false},"excerpt":{"rendered":"<p>Por uma presen\u00e7a org\u00e2nica, evangelizadora e sociotransformadora da Igreja nas periferias, favelas, corti\u00e7os e ocupa\u00e7\u00f5es, lideran\u00e7as de pastoral e de movimentos por moradia fortalecem o \u201cmutir\u00e3o pela vida: por terra, teto e trabalho\u201d, da 6\u00aa Semana Social Brasileira (2020-2023). Vem se formando com eles, desde o in\u00edcio deste ano, uma articula\u00e7\u00e3o em vista da cria\u00e7\u00e3o [&hellip;]<\/p>\n","protected":false},"author":1,"featured_media":75986,"comment_status":"open","ping_status":"closed","sticky":false,"template":"","format":"standard","meta":{"footnotes":""},"categories":[7],"tags":[],"class_list":["post-75985","post","type-post","status-publish","format-standard","has-post-thumbnail","hentry","category-cnbb"],"_links":{"self":[{"href":"https:\/\/catolicanet.net\/wp-cnet\/wp-json\/wp\/v2\/posts\/75985","targetHints":{"allow":["GET"]}}],"collection":[{"href":"https:\/\/catolicanet.net\/wp-cnet\/wp-json\/wp\/v2\/posts"}],"about":[{"href":"https:\/\/catolicanet.net\/wp-cnet\/wp-json\/wp\/v2\/types\/post"}],"author":[{"embeddable":true,"href":"https:\/\/catolicanet.net\/wp-cnet\/wp-json\/wp\/v2\/users\/1"}],"replies":[{"embeddable":true,"href":"https:\/\/catolicanet.net\/wp-cnet\/wp-json\/wp\/v2\/comments?post=75985"}],"version-history":[{"count":1,"href":"https:\/\/catolicanet.net\/wp-cnet\/wp-json\/wp\/v2\/posts\/75985\/revisions"}],"predecessor-version":[{"id":75987,"href":"https:\/\/catolicanet.net\/wp-cnet\/wp-json\/wp\/v2\/posts\/75985\/revisions\/75987"}],"wp:featuredmedia":[{"embeddable":true,"href":"https:\/\/catolicanet.net\/wp-cnet\/wp-json\/wp\/v2\/media\/75986"}],"wp:attachment":[{"href":"https:\/\/catolicanet.net\/wp-cnet\/wp-json\/wp\/v2\/media?parent=75985"}],"wp:term":[{"taxonomy":"category","embeddable":true,"href":"https:\/\/catolicanet.net\/wp-cnet\/wp-json\/wp\/v2\/categories?post=75985"},{"taxonomy":"post_tag","embeddable":true,"href":"https:\/\/catolicanet.net\/wp-cnet\/wp-json\/wp\/v2\/tags?post=75985"}],"curies":[{"name":"wp","href":"https:\/\/api.w.org\/{rel}","templated":true}]}}